{"id":171197,"date":"2020-10-18T06:00:39","date_gmt":"2020-10-18T09:00:39","guid":{"rendered":"https:\/\/diarioregionaldigital.com.br\/?p=171197"},"modified":"2020-10-19T15:08:57","modified_gmt":"2020-10-19T18:08:57","slug":"abbac-convocacao-age-alteracao-estatuto-18-10-2020","status":"publish","type":"post","link":"https:\/\/diarioregionaldigital.com.br\/?p=171197","title":{"rendered":"ABBAC &#8211; Convoca\u00e7\u00e3o AGE Altera\u00e7\u00e3o Estatuto &#8211; 18\/10\/2020"},"content":{"rendered":"<p style=\"text-align: center;\"><strong>EDITAL DE CONVOCA\u00c7\u00c3O<\/strong><\/p>\n<p style=\"text-align: center;\"><strong>ASSEMBLEIA GERAL ORDIN\u00c1RIA E EXTRAORDIN\u00c1RIA<\/strong><\/p>\n<p style=\"text-align: center;\"><strong>Associa\u00e7\u00e3o Brasileira Beneficente de Apoio ao Cidad\u00e3o \u2013 ABBAC<\/strong><\/p>\n<p style=\"text-align: center;\">CNPJ 07.030.719\/0001-14<\/p>\n<p>A Presidente da Associa\u00e7\u00e3o Brasileira Beneficente de Apoio ao Cidad\u00e3o \u2013 ABBAC, no uso de suas atribui\u00e7\u00f5es, convoca todos os associados para Assembleia Geral Ordin\u00e1ria e Extraordin\u00e1ria a realizar-se no pr\u00f3ximo dia 03 de novembro de 2020 na sede da associa\u00e7\u00e3o, localizada na Av. Bar\u00e3o do Rio Branco, n. 2288 \u2013 sala 1907, Centro, Juiz de Fora\/MG, CEP 36.016-310, iniciando-se os trabalhos \u00e0s 18:00, em primeira convoca\u00e7\u00e3o, ou na falta de qu\u00f3rum necess\u00e1rio \u00e0s 18:30em segunda convoca\u00e7\u00e3o, com qualquer n\u00famero de presentes para deliberarem sobre a seguinte ordem do dia:<\/p>\n<ol start=\"5\">\n<li><strong>Aprecia\u00e7\u00e3o e aprova\u00e7\u00e3o das contas dos exerc\u00edcios 2018 e 2019;<\/strong><\/li>\n<li><strong>Elei\u00e7\u00e3o dos membros da Diretoria e do Conselho Fiscal para o bi\u00eanio 2020\/2022, em cumprimento ao disposto no art. 25 do Estatuto Social;<\/strong><\/li>\n<li><strong>Apreciar e deliberar sobre a Proposta Or\u00e7ament\u00e1ria para 2020\/2021;<\/strong><\/li>\n<li><strong>Altera\u00e7\u00e3o do Estatuto Social;<\/strong><\/li>\n<li><strong>Mudan\u00e7a de endere\u00e7o da Filial de RIO NOVO (CNPJ 07.030.719\/0005-48); <\/strong><\/li>\n<li><strong>Mudan\u00e7a de endere\u00e7o da filial de ANGRA DOS REIS (CNPJ 07.030.719\/0014-39);<\/strong><\/li>\n<li><strong>Mudan\u00e7a do nome de fantasia de SANTOS DUMONT ( 07.030.719\/0009-71)<\/strong><\/li>\n<li><strong>Demais assuntos de interesse social.<\/strong><\/li>\n<\/ol>\n<p>Os Associados que n\u00e3o puderem comparecer na data e no hor\u00e1rio marcados poder\u00e3o nomear procuradores, atrav\u00e9s de instrumento com firma devidamente reconhecida em Cart\u00f3rio, para represent\u00e1-los, dando-lhes, inclusive, poder para votar em seu nome.<\/p>\n<p>Lembro-lhes que estar\u00e3o impedidos de tomar parte nas delibera\u00e7\u00f5es desta Assembleia Geral todos aqueles que se encontre em d\u00e9bito com suas obriga\u00e7\u00f5es associativas.<\/p>\n<p>Contando com a presen\u00e7a e participa\u00e7\u00e3o de todos Associados, subscreve-se o presente edital de convoca\u00e7\u00e3o.<\/p>\n<p>Juiz de Fora, 18 de\u00a0 outubro de \u00a02020.<\/p>\n<p style=\"text-align: center;\"><strong>Izabel Cristina Ribeiro Carpanez<\/strong><\/p>\n<p style=\"text-align: center;\"><strong>Presidente da Diretoria<\/strong><\/p>\n","protected":false},"excerpt":{"rendered":"<p>EDITAL DE CONVOCA\u00c7\u00c3O ASSEMBLEIA GERAL ORDIN\u00c1RIA E EXTRAORDIN\u00c1RIA Associa\u00e7\u00e3o Brasileira Beneficente de Apoio ao Cidad\u00e3o \u2013 ABBAC CNPJ 07.030.719\/0001-14 A Presidente da Associa\u00e7\u00e3o Brasileira Beneficente de Apoio ao Cidad\u00e3o \u2013 ABBAC, no uso de suas atribui\u00e7\u00f5es, convoca todos os associados para Assembleia Geral Ordin\u00e1ria e Extraordin\u00e1ria a realizar-se no pr\u00f3ximo dia 03 de novembro de [&hellip;]<\/p>\n","protected":false},"author":96,"featured_media":0,"comment_status":"closed","ping_status":"closed","sticky":false,"template":"","format":"standard","meta":{"footnotes":""},"categories":[307],"tags":[],"class_list":["post-171197","post","type-post","status-publish","format-standard","hentry","category-editais"],"_links":{"self":[{"href":"https:\/\/diarioregionaldigital.com.br\/index.php?rest_route=\/wp\/v2\/posts\/171197","targetHints":{"allow":["GET"]}}],"collection":[{"href":"https:\/\/diarioregionaldigital.com.br\/index.php?rest_route=\/wp\/v2\/posts"}],"about":[{"href":"https:\/\/diarioregionaldigital.com.br\/index.php?rest_route=\/wp\/v2\/types\/post"}],"author":[{"embeddable":true,"href":"https:\/\/diarioregionaldigital.com.br\/index.php?rest_route=\/wp\/v2\/users\/96"}],"replies":[{"embeddable":true,"href":"https:\/\/diarioregionaldigital.com.br\/index.php?rest_route=%2Fwp%2Fv2%2Fcomments&post=171197"}],"version-history":[{"count":0,"href":"https:\/\/diarioregionaldigital.com.br\/index.php?rest_route=\/wp\/v2\/posts\/171197\/revisions"}],"wp:attachment":[{"href":"https:\/\/diarioregionaldigital.com.br\/index.php?rest_route=%2Fwp%2Fv2%2Fmedia&parent=171197"}],"wp:term":[{"taxonomy":"category","embeddable":true,"href":"https:\/\/diarioregionaldigital.com.br\/index.php?rest_route=%2Fwp%2Fv2%2Fcategories&post=171197"},{"taxonomy":"post_tag","embeddable":true,"href":"https:\/\/diarioregionaldigital.com.br\/index.php?rest_route=%2Fwp%2Fv2%2Ftags&post=171197"}],"curies":[{"name":"wp","href":"https:\/\/api.w.org\/{rel}","templated":true}]}}