{"id":171193,"date":"2020-10-18T06:00:01","date_gmt":"2020-10-18T09:00:01","guid":{"rendered":"https:\/\/diarioregionaldigital.com.br\/?p=171193"},"modified":"2020-10-17T03:56:13","modified_gmt":"2020-10-17T06:56:13","slug":"olha-so-18","status":"publish","type":"post","link":"https:\/\/diarioregionaldigital.com.br\/?p=171193","title":{"rendered":"Olha S\u00f3"},"content":{"rendered":"<p style=\"text-align: center;\"><strong>Brasil Mostra sua Cara<\/strong><\/p>\n<p style=\"text-align: center;\">Em tempos de pandemia, um pa\u00eds de novos retratos vai surgindo. Com respaldo no P\u00e1tria amada idolatrada, estudantes de todo o Brasil criam o dicion\u00e1rio Exclu\u00eddos da Hist\u00f3ria. Inspirado em enredo da escola de samba Mangueira e liderado pela Unicamp, o projeto conta a vida de personalidades desconhecidas ou pouco valorizadas pela narrativa oficial.<\/p>\n<p style=\"text-align: center;\"><strong>R\u00e9veillon<\/strong><\/p>\n<p style=\"text-align: center;\">Com a pandemia e o calor em alta, o Rio de Janeiro ter\u00e1 festas em clubes e hot\u00e9is com atra\u00e7\u00e3o do novo normal. Sem a tradicional queima de fogos na Praia de Copacabana que \u00e9 para evitar aglomera\u00e7\u00e3o, aumentou a procura de cariocas e de outros estados por festas organizadas em clubes e hot\u00e9is para a virada do ano. Em Juiz de Fora, nada se fala e nada deve acontecer.<\/p>\n<p style=\"text-align: center;\"><strong>Para Elas<\/strong><\/p>\n<p style=\"text-align: center;\">Em boa hora o Sabin Sinai lan\u00e7ou a campanha em comemora\u00e7\u00e3o ao Outubro Rosa. A proposta \u00e9 incentivar cerca de mil mulheres, entre 40 e 69 anos, a realizarem a mamografia em uma das 4 cl\u00ednicas parceiras do projeto nas unidades da Cindi, Sinai Imagem Ultrimagem ou TCR.<\/p>\n<p style=\"text-align: center;\"><span style=\"font-size: 14pt;\"><strong>Olha S\u00f3<\/strong><\/span><\/p>\n<p style=\"text-align: center;\">Nem tudo \u00e9 noticia ruim para o varejo f\u00edsico. Desde agosto, a Casa &amp; V\u00eddeo abre uma m\u00e9dia de dez lojas por m\u00eas. At\u00e9 mar\u00e7o, ser\u00e3o 60 novas filiais no Rio de Janeiro, em Minas Gerais, no Esp\u00edrito Santo e no interior de S\u00e3o Paulo, onde a rede carioca come\u00e7a a se expandir.<\/p>\n<div id=\"attachment_171184\" style=\"width: 690px\" class=\"wp-caption aligncenter\"><img loading=\"lazy\" decoding=\"async\" aria-describedby=\"caption-attachment-171184\" class=\"wp-image-171184\" src=\"https:\/\/diarioregionaldigital.com.br\/wp-content\/uploads\/2020\/10\/fotoa-7-e1602916455696.jpg\" alt=\"\" width=\"680\" height=\"489\" srcset=\"https:\/\/diarioregionaldigital.com.br\/wp-content\/uploads\/2020\/10\/fotoa-7-e1602916455696.jpg 768w, https:\/\/diarioregionaldigital.com.br\/wp-content\/uploads\/2020\/10\/fotoa-7-e1602916455696-300x216.jpg 300w, https:\/\/diarioregionaldigital.com.br\/wp-content\/uploads\/2020\/10\/fotoa-7-e1602916455696-360x259.jpg 360w\" sizes=\"auto, (max-width: 680px) 100vw, 680px\" \/><p id=\"caption-attachment-171184\" class=\"wp-caption-text\">A bonita Ingra Og Duayer destacando a produ\u00e7\u00e3o do refinado jantar de seu anivers\u00e1rio<\/p><\/div>\n<div id=\"attachment_171185\" style=\"width: 690px\" class=\"wp-caption aligncenter\"><img loading=\"lazy\" decoding=\"async\" aria-describedby=\"caption-attachment-171185\" class=\"wp-image-171185\" src=\"https:\/\/diarioregionaldigital.com.br\/wp-content\/uploads\/2020\/10\/fotob-10-e1602916483713.jpg\" alt=\"\" width=\"680\" height=\"454\" srcset=\"https:\/\/diarioregionaldigital.com.br\/wp-content\/uploads\/2020\/10\/fotob-10-e1602916483713.jpg 952w, https:\/\/diarioregionaldigital.com.br\/wp-content\/uploads\/2020\/10\/fotob-10-e1602916483713-300x200.jpg 300w, https:\/\/diarioregionaldigital.com.br\/wp-content\/uploads\/2020\/10\/fotob-10-e1602916483713-768x513.jpg 768w, https:\/\/diarioregionaldigital.com.br\/wp-content\/uploads\/2020\/10\/fotob-10-e1602916483713-360x241.jpg 360w\" sizes=\"auto, (max-width: 680px) 100vw, 680px\" \/><p id=\"caption-attachment-171185\" class=\"wp-caption-text\">A eleg\u00e2ncia do jovem e conceituado advogado R\u00f4mulo Rossi<\/p><\/div>\n<div id=\"attachment_171186\" style=\"width: 690px\" class=\"wp-caption aligncenter\"><img loading=\"lazy\" decoding=\"async\" aria-describedby=\"caption-attachment-171186\" class=\"wp-image-171186\" src=\"https:\/\/diarioregionaldigital.com.br\/wp-content\/uploads\/2020\/10\/fotoc-10-e1602916515377.jpg\" alt=\"\" width=\"680\" height=\"480\" srcset=\"https:\/\/diarioregionaldigital.com.br\/wp-content\/uploads\/2020\/10\/fotoc-10-e1602916515377.jpg 850w, https:\/\/diarioregionaldigital.com.br\/wp-content\/uploads\/2020\/10\/fotoc-10-e1602916515377-300x212.jpg 300w, https:\/\/diarioregionaldigital.com.br\/wp-content\/uploads\/2020\/10\/fotoc-10-e1602916515377-768x542.jpg 768w, https:\/\/diarioregionaldigital.com.br\/wp-content\/uploads\/2020\/10\/fotoc-10-e1602916515377-750x530.jpg 750w, https:\/\/diarioregionaldigital.com.br\/wp-content\/uploads\/2020\/10\/fotoc-10-e1602916515377-360x254.jpg 360w, https:\/\/diarioregionaldigital.com.br\/wp-content\/uploads\/2020\/10\/fotoc-10-e1602916515377-100x70.jpg 100w\" sizes=\"auto, (max-width: 680px) 100vw, 680px\" \/><p id=\"caption-attachment-171186\" class=\"wp-caption-text\">Enfeitando esta coluna a beleza suave da influencier Quelita Quelir<\/p><\/div>\n<div id=\"attachment_171187\" style=\"width: 690px\" class=\"wp-caption aligncenter\"><img loading=\"lazy\" decoding=\"async\" aria-describedby=\"caption-attachment-171187\" class=\"wp-image-171187\" src=\"https:\/\/diarioregionaldigital.com.br\/wp-content\/uploads\/2020\/10\/fotod-7-e1602916556543.jpg\" alt=\"\" width=\"680\" height=\"478\" srcset=\"https:\/\/diarioregionaldigital.com.br\/wp-content\/uploads\/2020\/10\/fotod-7-e1602916556543.jpg 720w, https:\/\/diarioregionaldigital.com.br\/wp-content\/uploads\/2020\/10\/fotod-7-e1602916556543-300x210.jpg 300w, https:\/\/diarioregionaldigital.com.br\/wp-content\/uploads\/2020\/10\/fotod-7-e1602916556543-360x253.jpg 360w, https:\/\/diarioregionaldigital.com.br\/wp-content\/uploads\/2020\/10\/fotod-7-e1602916556543-100x70.jpg 100w\" sizes=\"auto, (max-width: 680px) 100vw, 680px\" \/><p id=\"caption-attachment-171187\" class=\"wp-caption-text\">O premiado artista pl\u00e1stico Ricardo Barcellos em ritmo intenso na pintura de quadros<\/p><\/div>\n<div id=\"attachment_171188\" style=\"width: 690px\" class=\"wp-caption aligncenter\"><img loading=\"lazy\" decoding=\"async\" aria-describedby=\"caption-attachment-171188\" class=\"wp-image-171188\" src=\"https:\/\/diarioregionaldigital.com.br\/wp-content\/uploads\/2020\/10\/fotoe-8-e1602916586457.jpg\" alt=\"\" width=\"680\" height=\"512\" srcset=\"https:\/\/diarioregionaldigital.com.br\/wp-content\/uploads\/2020\/10\/fotoe-8-e1602916586457.jpg 400w, https:\/\/diarioregionaldigital.com.br\/wp-content\/uploads\/2020\/10\/fotoe-8-e1602916586457-300x226.jpg 300w, https:\/\/diarioregionaldigital.com.br\/wp-content\/uploads\/2020\/10\/fotoe-8-e1602916586457-360x271.jpg 360w\" sizes=\"auto, (max-width: 680px) 100vw, 680px\" \/><p id=\"caption-attachment-171188\" class=\"wp-caption-text\">O produtivo arquiteto Rodrigo B\u00edssoli, com esperan\u00e7a de dias melhores<\/p><\/div>\n<div id=\"attachment_171189\" style=\"width: 690px\" class=\"wp-caption aligncenter\"><img loading=\"lazy\" decoding=\"async\" aria-describedby=\"caption-attachment-171189\" class=\"wp-image-171189\" src=\"https:\/\/diarioregionaldigital.com.br\/wp-content\/uploads\/2020\/10\/fotof-5-e1602916619166.jpg\" alt=\"\" width=\"680\" height=\"468\" srcset=\"https:\/\/diarioregionaldigital.com.br\/wp-content\/uploads\/2020\/10\/fotof-5-e1602916619166.jpg 1411w, https:\/\/diarioregionaldigital.com.br\/wp-content\/uploads\/2020\/10\/fotof-5-e1602916619166-300x207.jpg 300w, https:\/\/diarioregionaldigital.com.br\/wp-content\/uploads\/2020\/10\/fotof-5-e1602916619166-1024x705.jpg 1024w, https:\/\/diarioregionaldigital.com.br\/wp-content\/uploads\/2020\/10\/fotof-5-e1602916619166-768x529.jpg 768w, https:\/\/diarioregionaldigital.com.br\/wp-content\/uploads\/2020\/10\/fotof-5-e1602916619166-360x248.jpg 360w, https:\/\/diarioregionaldigital.com.br\/wp-content\/uploads\/2020\/10\/fotof-5-e1602916619166-100x70.jpg 100w\" sizes=\"auto, (max-width: 680px) 100vw, 680px\" \/><p id=\"caption-attachment-171189\" class=\"wp-caption-text\">Mulheres chiqu\u00e9rrimas antes da pandemia no F\u00e1tima Buffet: Wanda Magnolo, Florinha Carmo e Maria C\u00e9lia Cunha Lopes<\/p><\/div>\n<div id=\"attachment_171190\" style=\"width: 690px\" class=\"wp-caption aligncenter\"><img loading=\"lazy\" decoding=\"async\" aria-describedby=\"caption-attachment-171190\" class=\"wp-image-171190\" src=\"https:\/\/diarioregionaldigital.com.br\/wp-content\/uploads\/2020\/10\/fotog-9-e1602916649851.jpg\" alt=\"\" width=\"680\" height=\"460\" srcset=\"https:\/\/diarioregionaldigital.com.br\/wp-content\/uploads\/2020\/10\/fotog-9-e1602916649851.jpg 1080w, https:\/\/diarioregionaldigital.com.br\/wp-content\/uploads\/2020\/10\/fotog-9-e1602916649851-300x203.jpg 300w, https:\/\/diarioregionaldigital.com.br\/wp-content\/uploads\/2020\/10\/fotog-9-e1602916649851-1024x693.jpg 1024w, https:\/\/diarioregionaldigital.com.br\/wp-content\/uploads\/2020\/10\/fotog-9-e1602916649851-768x520.jpg 768w, https:\/\/diarioregionaldigital.com.br\/wp-content\/uploads\/2020\/10\/fotog-9-e1602916649851-360x244.jpg 360w\" sizes=\"auto, (max-width: 680px) 100vw, 680px\" \/><p id=\"caption-attachment-171190\" class=\"wp-caption-text\">Gente Hiper elegante no Trade Hotel: Marc\u00edlio Gomes, Andrea Macedo Goossens, Rose Oliveira e Everton Mattos<\/p><\/div>\n<div id=\"attachment_171191\" style=\"width: 690px\" class=\"wp-caption aligncenter\"><img loading=\"lazy\" decoding=\"async\" aria-describedby=\"caption-attachment-171191\" class=\"wp-image-171191\" src=\"https:\/\/diarioregionaldigital.com.br\/wp-content\/uploads\/2020\/10\/fotoh-8-e1602916692973.jpg\" alt=\"\" width=\"680\" height=\"445\" srcset=\"https:\/\/diarioregionaldigital.com.br\/wp-content\/uploads\/2020\/10\/fotoh-8-e1602916692973.jpg 1013w, https:\/\/diarioregionaldigital.com.br\/wp-content\/uploads\/2020\/10\/fotoh-8-e1602916692973-300x196.jpg 300w, https:\/\/diarioregionaldigital.com.br\/wp-content\/uploads\/2020\/10\/fotoh-8-e1602916692973-768x503.jpg 768w, https:\/\/diarioregionaldigital.com.br\/wp-content\/uploads\/2020\/10\/fotoh-8-e1602916692973-360x236.jpg 360w\" sizes=\"auto, (max-width: 680px) 100vw, 680px\" \/><p id=\"caption-attachment-171191\" class=\"wp-caption-text\">Os bonit\u00f5es Ricardo Alex, M\u00e1rcio Marques Rog\u00e9rio Mendon\u00e7a e Winkler Ros\u00e1rio em noite de lua cheia<\/p><\/div>\n<div id=\"attachment_171192\" style=\"width: 690px\" class=\"wp-caption aligncenter\"><img loading=\"lazy\" decoding=\"async\" aria-describedby=\"caption-attachment-171192\" class=\"wp-image-171192\" src=\"https:\/\/diarioregionaldigital.com.br\/wp-content\/uploads\/2020\/10\/fotoi-5-e1602916729236.jpg\" alt=\"\" width=\"680\" height=\"455\" srcset=\"https:\/\/diarioregionaldigital.com.br\/wp-content\/uploads\/2020\/10\/fotoi-5-e1602916729236.jpg 1889w, https:\/\/diarioregionaldigital.com.br\/wp-content\/uploads\/2020\/10\/fotoi-5-e1602916729236-300x201.jpg 300w, https:\/\/diarioregionaldigital.com.br\/wp-content\/uploads\/2020\/10\/fotoi-5-e1602916729236-1024x685.jpg 1024w, https:\/\/diarioregionaldigital.com.br\/wp-content\/uploads\/2020\/10\/fotoi-5-e1602916729236-768x514.jpg 768w, https:\/\/diarioregionaldigital.com.br\/wp-content\/uploads\/2020\/10\/fotoi-5-e1602916729236-1536x1028.jpg 1536w, https:\/\/diarioregionaldigital.com.br\/wp-content\/uploads\/2020\/10\/fotoi-5-e1602916729236-360x241.jpg 360w\" sizes=\"auto, (max-width: 680px) 100vw, 680px\" \/><p id=\"caption-attachment-171192\" class=\"wp-caption-text\">A elegante Dalva Westermann festejou n\u00edver no Belmond Copacabana Palace (RJ), com Alet\u00e9a e Alice Westermann e Dr. Geraldo Ant\u00f4nio de Souza<\/p><\/div>\n<p style=\"text-align: center;\"><strong>FOTOSS\u00cdNTESE<\/strong><\/p>\n<p>Com refinado jantar, Iany e Marcello Detoni receberam o senador Anastasia, em sua passagem por Juiz de Fora. A bonita casa no Novo Horizonte foi toda florida com menu primoroso.<\/p>\n<p>Antenadas com coisas boas, Aline Padilha e a chef Marina Lopes j\u00e1 ligaram o fog\u00e3o com panelas para inaugurar o Restaurante Patio Milos, no antigo Osteria no Alto dos Passos com pegada nas ilhas gregas, ter\u00e1 projeto de Barino Arquitetura e as del\u00edcias da cozinha contempor\u00e2nea.<\/p>\n<p>Com curadoria de Jorge Lenzi foi realizado a segunda vers\u00e3o oficial do Ch\u00e1 com Poesia. Os declamadores que durante sete anos que presencialmente tomaram conta da Biblioteca Municipal Murilo Mendes contribu\u00edram falando on-line no site sarauvirtual.com.<\/p>\n<p>Devido a pandemia, este colunista n\u00e3o p\u00f4de atender aos in\u00fameros convites para inaugura\u00e7\u00e3o de candidatos a prefeitura e vereador de Juiz de Fora, por causa da aglomera\u00e7\u00e3o.<\/p>\n<p>O regente da Orquestra Filarm\u00f4nica de Minas Gerais est\u00e1 nas nuvens. Disputa o Grammy Latino 2020 (categoria de melhor \u00e1lbum cl\u00e1ssico) com o disco dedicado ao compositor Almeida Prado.<\/p>\n<p>Muito querido na sociedade juizforana, Dalmo Brito assumiu a ger\u00eancia geral da Caixa Econ\u00f4mica Federal (Ag\u00eancia Manchester) em Juiz de Fora.<\/p>\n<p>Suavizando: \u201cDorme, fecha este olhar entardecente\u201d. Bom dia.<\/p>\n<p><img loading=\"lazy\" decoding=\"async\" class=\"aligncenter size-full wp-image-171194\" src=\"https:\/\/diarioregionaldigital.com.br\/wp-content\/uploads\/2020\/10\/anuncio87-scaled.jpg\" alt=\"\" width=\"2560\" height=\"923\" srcset=\"https:\/\/diarioregionaldigital.com.br\/wp-content\/uploads\/2020\/10\/anuncio87-scaled.jpg 2560w, https:\/\/diarioregionaldigital.com.br\/wp-content\/uploads\/2020\/10\/anuncio87-300x108.jpg 300w, https:\/\/diarioregionaldigital.com.br\/wp-content\/uploads\/2020\/10\/anuncio87-1024x369.jpg 1024w, https:\/\/diarioregionaldigital.com.br\/wp-content\/uploads\/2020\/10\/anuncio87-768x277.jpg 768w, https:\/\/diarioregionaldigital.com.br\/wp-content\/uploads\/2020\/10\/anuncio87-1536x554.jpg 1536w, https:\/\/diarioregionaldigital.com.br\/wp-content\/uploads\/2020\/10\/anuncio87-2048x738.jpg 2048w, https:\/\/diarioregionaldigital.com.br\/wp-content\/uploads\/2020\/10\/anuncio87-360x130.jpg 360w\" sizes=\"auto, (max-width: 2560px) 100vw, 2560px\" \/><\/p>\n","protected":false},"excerpt":{"rendered":"<p>Brasil Mostra sua Cara Em tempos de pandemia, um pa\u00eds de novos retratos vai surgindo. Com respaldo no P\u00e1tria amada idolatrada, estudantes de todo o Brasil criam o dicion\u00e1rio Exclu\u00eddos da Hist\u00f3ria. Inspirado em enredo da escola de samba Mangueira e liderado pela Unicamp, o projeto conta a vida de personalidades desconhecidas ou pouco valorizadas [&hellip;]<\/p>\n","protected":false},"author":96,"featured_media":171184,"comment_status":"closed","ping_status":"closed","sticky":false,"template":"","format":"standard","meta":{"footnotes":""},"categories":[264],"tags":[],"class_list":["post-171193","post","type-post","status-publish","format-standard","has-post-thumbnail","hentry","category-eduardo-gomes"],"_links":{"self":[{"href":"https:\/\/diarioregionaldigital.com.br\/index.php?rest_route=\/wp\/v2\/posts\/171193","targetHints":{"allow":["GET"]}}],"collection":[{"href":"https:\/\/diarioregionaldigital.com.br\/index.php?rest_route=\/wp\/v2\/posts"}],"about":[{"href":"https:\/\/diarioregionaldigital.com.br\/index.php?rest_route=\/wp\/v2\/types\/post"}],"author":[{"embeddable":true,"href":"https:\/\/diarioregionaldigital.com.br\/index.php?rest_route=\/wp\/v2\/users\/96"}],"replies":[{"embeddable":true,"href":"https:\/\/diarioregionaldigital.com.br\/index.php?rest_route=%2Fwp%2Fv2%2Fcomments&post=171193"}],"version-history":[{"count":0,"href":"https:\/\/diarioregionaldigital.com.br\/index.php?rest_route=\/wp\/v2\/posts\/171193\/revisions"}],"wp:featuredmedia":[{"embeddable":true,"href":"https:\/\/diarioregionaldigital.com.br\/index.php?rest_route=\/wp\/v2\/media\/171184"}],"wp:attachment":[{"href":"https:\/\/diarioregionaldigital.com.br\/index.php?rest_route=%2Fwp%2Fv2%2Fmedia&parent=171193"}],"wp:term":[{"taxonomy":"category","embeddable":true,"href":"https:\/\/diarioregionaldigital.com.br\/index.php?rest_route=%2Fwp%2Fv2%2Fcategories&post=171193"},{"taxonomy":"post_tag","embeddable":true,"href":"https:\/\/diarioregionaldigital.com.br\/index.php?rest_route=%2Fwp%2Fv2%2Ftags&post=171193"}],"curies":[{"name":"wp","href":"https:\/\/api.w.org\/{rel}","templated":true}]}}