{"id":171181,"date":"2020-10-16T19:56:15","date_gmt":"2020-10-16T22:56:15","guid":{"rendered":"https:\/\/diarioregionaldigital.com.br\/?p=171181"},"modified":"2020-10-16T19:56:15","modified_gmt":"2020-10-16T22:56:15","slug":"covid-19-brasil-tem-153-mil-mortes-e-52-milhoes-de-casos-acumulados","status":"publish","type":"post","link":"https:\/\/diarioregionaldigital.com.br\/?p=171181","title":{"rendered":"Covid-19: Brasil tem 153 mil mortes e 5,2 milh\u00f5es de casos acumulados"},"content":{"rendered":"<p>O Brasil chegou a 153.214 mortes em fun\u00e7\u00e3o da pandemia do novo coronav\u00edrus. Em\u00a024 horas, foram registrados 754 \u00f3bitos.\u00a0Os dados est\u00e3o no balan\u00e7o di\u00e1rio do Minist\u00e9rio da Sa\u00fade, divulgado na noite desta\u00a0sexta-feira (16) pela pasta.\u00a0<img decoding=\"async\" src=\"https:\/\/agenciabrasil.ebc.com.br\/ebc.png?id=1390871&amp;o=node\" \/><img decoding=\"async\" src=\"https:\/\/agenciabrasil.ebc.com.br\/ebc.gif?id=1390871&amp;o=node\" \/><\/p>\n<p>Ontem(15), a contabilidade das autoridades de sa\u00fade marcava 152.460 mortes\u00a0por causa da covid-19. Ainda h\u00e1 2.323 falecimentos em investiga\u00e7\u00e3o.<\/p>\n<p>O n\u00famero de casos acumulados atingiu 5.200.300. Os diagn\u00f3sticos positivos acrescidos nesta nova atualiza\u00e7\u00e3o somaram 30.914. At\u00e9\u00a0ontem, o sistema do Minist\u00e9rio da Sa\u00fade trazia 5.169.386 pessoas infectadas desde o in\u00edcio da pandemia.<\/p>\n<p>Ainda h\u00e1 427.526 casos em acompanhamento. De acordo com o Minist\u00e9rio da Sa\u00fade,\u00a0outras 4.619.560 pessoas j\u00e1 se recuperaram da doen\u00e7a.<\/p>\n<h2>Covid-19 nos estados<\/h2>\n<p>Os estados com mais mortes s\u00e3o S\u00e3o Paulo (37.870), Rio\u00a0de Janeiro\u00a0(19.654), Cear\u00e1 (9.199), Pernambuco (8.469) e Minas Gerais (8.345). As Unidades da Federa\u00e7\u00e3o com menos casos s\u00e3o Acre (679), Roraima (680), Amap\u00e1 (730), Tocantins (1.035) e Mato Grosso do Sul (1.478). Roraima, que durante semanas permaneceu como estado com menos mortes, ultrapassou o Acre, que se tornou o estado com menos vidas perdidas pela pandemia.<\/p>\n<p><strong>Fonte:\u00a0<\/strong>Ag\u00eancia Brasil<\/p>\n","protected":false},"excerpt":{"rendered":"<p>O Brasil chegou a 153.214 mortes em fun\u00e7\u00e3o da pandemia do novo coronav\u00edrus. Em\u00a024 horas, foram registrados 754 \u00f3bitos.\u00a0Os dados est\u00e3o no balan\u00e7o di\u00e1rio do Minist\u00e9rio da Sa\u00fade, divulgado na noite desta\u00a0sexta-feira (16) pela pasta.\u00a0 Ontem(15), a contabilidade das autoridades de sa\u00fade marcava 152.460 mortes\u00a0por causa da covid-19. Ainda h\u00e1 2.323 falecimentos em investiga\u00e7\u00e3o. O [&hellip;]<\/p>\n","protected":false},"author":96,"featured_media":171182,"comment_status":"closed","ping_status":"closed","sticky":false,"template":"","format":"standard","meta":{"footnotes":""},"categories":[302,436,440,439],"tags":[],"class_list":["post-171181","post","type-post","status-publish","format-standard","has-post-thumbnail","hentry","category-brasil-mundo","category-destaque-da-semana","category-destaques-do-dia","category-ultima-hora"],"_links":{"self":[{"href":"https:\/\/diarioregionaldigital.com.br\/index.php?rest_route=\/wp\/v2\/posts\/171181","targetHints":{"allow":["GET"]}}],"collection":[{"href":"https:\/\/diarioregionaldigital.com.br\/index.php?rest_route=\/wp\/v2\/posts"}],"about":[{"href":"https:\/\/diarioregionaldigital.com.br\/index.php?rest_route=\/wp\/v2\/types\/post"}],"author":[{"embeddable":true,"href":"https:\/\/diarioregionaldigital.com.br\/index.php?rest_route=\/wp\/v2\/users\/96"}],"replies":[{"embeddable":true,"href":"https:\/\/diarioregionaldigital.com.br\/index.php?rest_route=%2Fwp%2Fv2%2Fcomments&post=171181"}],"version-history":[{"count":0,"href":"https:\/\/diarioregionaldigital.com.br\/index.php?rest_route=\/wp\/v2\/posts\/171181\/revisions"}],"wp:featuredmedia":[{"embeddable":true,"href":"https:\/\/diarioregionaldigital.com.br\/index.php?rest_route=\/wp\/v2\/media\/171182"}],"wp:attachment":[{"href":"https:\/\/diarioregionaldigital.com.br\/index.php?rest_route=%2Fwp%2Fv2%2Fmedia&parent=171181"}],"wp:term":[{"taxonomy":"category","embeddable":true,"href":"https:\/\/diarioregionaldigital.com.br\/index.php?rest_route=%2Fwp%2Fv2%2Fcategories&post=171181"},{"taxonomy":"post_tag","embeddable":true,"href":"https:\/\/diarioregionaldigital.com.br\/index.php?rest_route=%2Fwp%2Fv2%2Ftags&post=171181"}],"curies":[{"name":"wp","href":"https:\/\/api.w.org\/{rel}","templated":true}]}}