{"id":171175,"date":"2020-10-16T18:25:49","date_gmt":"2020-10-16T21:25:49","guid":{"rendered":"https:\/\/diarioregionaldigital.com.br\/?p=171175"},"modified":"2020-10-16T18:28:39","modified_gmt":"2020-10-16T21:28:39","slug":"covid-19-juiz-de-fora-registra-mais-de-90-novos-casos-nesta-sexta-feira","status":"publish","type":"post","link":"https:\/\/diarioregionaldigital.com.br\/?p=171175","title":{"rendered":"Covid-19: Juiz de Fora registra mais de 90 novos casos nesta sexta-feira"},"content":{"rendered":"<p>A Secretaria de Sa\u00fade (SS) da Prefeitura de Juiz de Fora (PJF), divulgou nesta sexta-feira (16), o novo boletim epidemiol\u00f3gico referente ao Coronav\u00edrus. Os dados apontam que nas \u00faltimas 24h, o munic\u00edpio registrou 92 pessoas infectadas, acumulando 6.645 casos confirmados.<\/p>\n<p>No levantamento de hoje, n\u00e3o teve morte confirmada e mais 104 novas suspeitas foram registradas, acumulando 23.938.<\/p>\n<p><b>Leitos\u00a0<\/b><\/p>\n<p>Segundo informa\u00e7\u00f5es da PJF, os leitos de enfermaria est\u00e3o com 58,76% de ocupa\u00e7\u00e3o. J\u00e1 os os leitos de UTI e SUS, est\u00e3o com taxa de 72,16% e 67,63% respectivamente.<\/p>\n<p><b>Isolamento social<\/b><\/p>\n<p>Conforme os dados divulgados pela Prefeitura, o munic\u00edpio apresenta taxa de isolamento social em 49,28%, cuja m\u00e9dia \u00e9 dos \u00faltimos sete dias. O valor continua superior \u00e0 taxa registrada em Minas Gerais, que \u00e9 de 48,25%.<\/p>\n<p><strong>Exames da UFJF<\/strong><\/p>\n<p>Na semana entre os dias 8 e 15 deste m\u00eas, os laborat\u00f3rios do Instituto de Ci\u00eancias Biol\u00f3gicas e da Faculdade de Farm\u00e1cia da Universidade Federal de Juiz de Fora (UFJF), entregaram 220 exames de Covid-19, ao Departamento de Vigil\u00e2ncia Epidemiol\u00f3gica e Ambiental (Dvea). At\u00e9 ent\u00e3o, foram feitos 6.839 testes, sendo que 1.879 deram resultado positivo.<\/p>\n","protected":false},"excerpt":{"rendered":"<p>A Secretaria de Sa\u00fade (SS) da Prefeitura de Juiz de Fora (PJF), divulgou nesta sexta-feira (16), o novo boletim epidemiol\u00f3gico referente ao Coronav\u00edrus. Os dados apontam que nas \u00faltimas 24h, o munic\u00edpio registrou 92 pessoas infectadas, acumulando 6.645 casos confirmados. No levantamento de hoje, n\u00e3o teve morte confirmada e mais 104 novas suspeitas foram registradas, [&hellip;]<\/p>\n","protected":false},"author":96,"featured_media":167840,"comment_status":"closed","ping_status":"closed","sticky":false,"template":"","format":"standard","meta":{"footnotes":""},"categories":[253,436,440,439],"tags":[],"class_list":["post-171175","post","type-post","status-publish","format-standard","has-post-thumbnail","hentry","category-cidade","category-destaque-da-semana","category-destaques-do-dia","category-ultima-hora"],"_links":{"self":[{"href":"https:\/\/diarioregionaldigital.com.br\/index.php?rest_route=\/wp\/v2\/posts\/171175","targetHints":{"allow":["GET"]}}],"collection":[{"href":"https:\/\/diarioregionaldigital.com.br\/index.php?rest_route=\/wp\/v2\/posts"}],"about":[{"href":"https:\/\/diarioregionaldigital.com.br\/index.php?rest_route=\/wp\/v2\/types\/post"}],"author":[{"embeddable":true,"href":"https:\/\/diarioregionaldigital.com.br\/index.php?rest_route=\/wp\/v2\/users\/96"}],"replies":[{"embeddable":true,"href":"https:\/\/diarioregionaldigital.com.br\/index.php?rest_route=%2Fwp%2Fv2%2Fcomments&post=171175"}],"version-history":[{"count":0,"href":"https:\/\/diarioregionaldigital.com.br\/index.php?rest_route=\/wp\/v2\/posts\/171175\/revisions"}],"wp:featuredmedia":[{"embeddable":true,"href":"https:\/\/diarioregionaldigital.com.br\/index.php?rest_route=\/wp\/v2\/media\/167840"}],"wp:attachment":[{"href":"https:\/\/diarioregionaldigital.com.br\/index.php?rest_route=%2Fwp%2Fv2%2Fmedia&parent=171175"}],"wp:term":[{"taxonomy":"category","embeddable":true,"href":"https:\/\/diarioregionaldigital.com.br\/index.php?rest_route=%2Fwp%2Fv2%2Fcategories&post=171175"},{"taxonomy":"post_tag","embeddable":true,"href":"https:\/\/diarioregionaldigital.com.br\/index.php?rest_route=%2Fwp%2Fv2%2Ftags&post=171175"}],"curies":[{"name":"wp","href":"https:\/\/api.w.org\/{rel}","templated":true}]}}