{"id":171172,"date":"2020-10-16T16:31:22","date_gmt":"2020-10-16T19:31:22","guid":{"rendered":"https:\/\/diarioregionaldigital.com.br\/?p=171172"},"modified":"2020-10-16T16:32:25","modified_gmt":"2020-10-16T19:32:25","slug":"abertas-inscricoes-para-vestibular-de-musica-2021","status":"publish","type":"post","link":"https:\/\/diarioregionaldigital.com.br\/?p=171172","title":{"rendered":"Abertas inscri\u00e7\u00f5es para Vestibular de M\u00fasica 2021"},"content":{"rendered":"<p>A Universidade Federal de Juiz de Fora (UFJF) abriu nesta sexta-feira, 16, as inscri\u00e7\u00f5es para o Vestibular de M\u00fasica 2021. S\u00e3o oferecidas 35 vagas em dois cursos: bacharelado e licenciatura. As gradua\u00e7\u00f5es oferecem habilita\u00e7\u00e3o em canto, flauta transversal, piano, viol\u00e3o, violino, violoncelo, composi\u00e7\u00e3o (somente bacharelado) e educa\u00e7\u00e3o musical escolar (somente licenciatura).<\/p>\n<p>No\u00a0<a href=\"https:\/\/www2.ufjf.br\/copese\/vestibular-pism-2\/vestibular-de-musica-2021\/\" target=\"_blank\" rel=\"noopener noreferrer\">edital\u00a0<\/a>est\u00e3o definidas as datas das provas de habilidades espec\u00edficas para bacharelado e licenciatura, al\u00e9m de outras quest\u00f5es importantes. Os candidatos fazem duas provas de car\u00e1ter eliminat\u00f3rio que, este ano, excepcionalmente, ser\u00e3o realizadas de maneira remota por meio do envio de v\u00eddeos.<\/p>\n<p>O per\u00edodo de inscri\u00e7\u00f5es vai at\u00e9 o dia 3 de novembro, \u00e0s 18h. A inscri\u00e7\u00e3o deve ser realizada somente via internet, na\u00a0<a href=\"https:\/\/ingresso.ufjf.br\/\" target=\"_blank\" rel=\"noopener noreferrer\">\u00c1rea do Candidato<\/a>. O candidato dele ver atentamente as instru\u00e7\u00f5es, preencher os dados solicitados para assim gerar no site a Guia de Recolhimento da Uni\u00e3o (GRU), que corresponde \u00e0 taxa de inscri\u00e7\u00e3o.<\/p>\n<p>O valor da taxa \u00e9 de R$60, havendo previs\u00e3o de isen\u00e7\u00e3o mediante aos requisitos especificados no item 5 do edital. Os candidatos que se enquadrarem nesses requisitos devem solicitar o n\u00e3o pagamento da taxa no ato da inscri\u00e7\u00e3o on-line. O resultado da isen\u00e7\u00e3o ser\u00e1 divulgado no dia 27 de novembro, a partir das 15h, no site.<\/p>\n<p>O pagamento da taxa deve ser efetuado at\u00e9 o dia 4 de novembro e ser realizado obrigatoriamente no Banco do Brasil. \u00c9 preciso ficar atento aos hor\u00e1rios de compensa\u00e7\u00e3o banc\u00e1ria, pois qualquer atraso pode resultar na n\u00e3o confirma\u00e7\u00e3o da inscri\u00e7\u00e3o.<\/p>\n<p><b>Provas de habilidade espec\u00edfica<\/b><\/p>\n<p>Pela primeira vez, as provas de habilidade espec\u00edfica ser\u00e3o realizadas remotamente. Tanto os candidatos inscritos ao bacharelado quanto aos da licenciatura dever\u00e3o submeter pela \u00c1rea do Candidato links para dois v\u00eddeos hospedados no YouTube, executando os programas espec\u00edficos da habilita\u00e7\u00e3o desejada. O envio deve ocorrer entre os dias 17 e 20 de novembro. A etapa \u00e9 eliminat\u00f3ria.<\/p>\n<p>A etapa remota substitui duas etapas presenciais referentes. A primeira prova, igual para o Bacharelado e para a Licenciatura, \u00e9 de teoria e percep\u00e7\u00e3o musical, que avalia os conhecimentos te\u00f3ricos-musicais do candidato, bem como sua capacidade em lidar com esses conhecimentos b\u00e1sicos. J\u00e1 a segunda prova, de pr\u00e1tica musical para o bacharelado, busca avaliar a desenvoltura t\u00e9cnica e instrumental, ou vocal, dos candidatos, sua expressividade e compreens\u00e3o musicais. A prova pr\u00e1tica para a licenciatura avalia a capacidade do candidato em se expressar musicalmente atrav\u00e9s do canto ou de um instrumento musical de sua livre escolha.<\/p>\n<p><b>Nota do Enem<\/b><\/p>\n<p>Para fins de aprova\u00e7\u00e3o e classifica\u00e7\u00e3o, o Vestibular de M\u00fasica 2021 usa as notas do Exame Nacional do Ensino M\u00e9dio (Enem) 2020 oficialmente fornecidas \u00e0 UFJF pelo Minist\u00e9rio da Educa\u00e7\u00e3o (MEC).<\/p>\n<p>O resultado final do Vestibular de M\u00fasica 2021 ser\u00e1 divulgado no dia 1\u00ba de dezembro de 2020.<\/p>\n<p><strong>Fonte:\u00a0<\/strong>Assessoria<\/p>\n","protected":false},"excerpt":{"rendered":"<p>A Universidade Federal de Juiz de Fora (UFJF) abriu nesta sexta-feira, 16, as inscri\u00e7\u00f5es para o Vestibular de M\u00fasica 2021. S\u00e3o oferecidas 35 vagas em dois cursos: bacharelado e licenciatura. As gradua\u00e7\u00f5es oferecem habilita\u00e7\u00e3o em canto, flauta transversal, piano, viol\u00e3o, violino, violoncelo, composi\u00e7\u00e3o (somente bacharelado) e educa\u00e7\u00e3o musical escolar (somente licenciatura). No\u00a0edital\u00a0est\u00e3o definidas as datas [&hellip;]<\/p>\n","protected":false},"author":96,"featured_media":171173,"comment_status":"closed","ping_status":"closed","sticky":false,"template":"","format":"standard","meta":{"footnotes":""},"categories":[253,436,439],"tags":[],"class_list":["post-171172","post","type-post","status-publish","format-standard","has-post-thumbnail","hentry","category-cidade","category-destaque-da-semana","category-ultima-hora"],"_links":{"self":[{"href":"https:\/\/diarioregionaldigital.com.br\/index.php?rest_route=\/wp\/v2\/posts\/171172","targetHints":{"allow":["GET"]}}],"collection":[{"href":"https:\/\/diarioregionaldigital.com.br\/index.php?rest_route=\/wp\/v2\/posts"}],"about":[{"href":"https:\/\/diarioregionaldigital.com.br\/index.php?rest_route=\/wp\/v2\/types\/post"}],"author":[{"embeddable":true,"href":"https:\/\/diarioregionaldigital.com.br\/index.php?rest_route=\/wp\/v2\/users\/96"}],"replies":[{"embeddable":true,"href":"https:\/\/diarioregionaldigital.com.br\/index.php?rest_route=%2Fwp%2Fv2%2Fcomments&post=171172"}],"version-history":[{"count":0,"href":"https:\/\/diarioregionaldigital.com.br\/index.php?rest_route=\/wp\/v2\/posts\/171172\/revisions"}],"wp:featuredmedia":[{"embeddable":true,"href":"https:\/\/diarioregionaldigital.com.br\/index.php?rest_route=\/wp\/v2\/media\/171173"}],"wp:attachment":[{"href":"https:\/\/diarioregionaldigital.com.br\/index.php?rest_route=%2Fwp%2Fv2%2Fmedia&parent=171172"}],"wp:term":[{"taxonomy":"category","embeddable":true,"href":"https:\/\/diarioregionaldigital.com.br\/index.php?rest_route=%2Fwp%2Fv2%2Fcategories&post=171172"},{"taxonomy":"post_tag","embeddable":true,"href":"https:\/\/diarioregionaldigital.com.br\/index.php?rest_route=%2Fwp%2Fv2%2Ftags&post=171172"}],"curies":[{"name":"wp","href":"https:\/\/api.w.org\/{rel}","templated":true}]}}