{"id":171169,"date":"2020-10-16T15:47:51","date_gmt":"2020-10-16T18:47:51","guid":{"rendered":"https:\/\/diarioregionaldigital.com.br\/?p=171169"},"modified":"2020-10-16T15:47:51","modified_gmt":"2020-10-16T18:47:51","slug":"eleicao-do-conselho-municipal-de-cultura-comeca-no-domingo","status":"publish","type":"post","link":"https:\/\/diarioregionaldigital.com.br\/?p=171169","title":{"rendered":"Elei\u00e7\u00e3o do Conselho Municipal de Cultura come\u00e7a no domingo"},"content":{"rendered":"<div id=\"box_texto_noticia\">Ser\u00e1 aberta no pr\u00f3ximo domingo, 18, a vota\u00e7\u00e3o para eleger os novos representantes da classe art\u00edstica no Conselho Municipal de Cultura (Concult). A elei\u00e7\u00e3o, que termina na segunda-feira, 19, acontece em ambiente virtual, por meio do link\u00a0<a href=\"http:\/\/funalfa.com.br\/concult\">funalfa.com.br\/concult<\/a>, que estar\u00e1 dispon\u00edvel somente nos dias citados. T\u00eam direito a voto pessoas com idade m\u00ednima de 16 anos ou legalmente emancipadas, com a condi\u00e7\u00e3o de que tenham se inscrito no Cadastro Municipal de Cultura at\u00e9 o \u00faltimo dia 15.<\/p>\n<p>Dezoito agentes da classe art\u00edstica de Juiz de Fora, entre pessoas f\u00edsicas e representantes de entidades privadas, est\u00e3o formalmente inscritos como candidatos, representando as seguintes \u00e1reas: Artes C\u00eanicas, Artes Urbanas, Artes Visuais, Audiovisual, Cultura Popular, Dan\u00e7a, Etnias, Literatura, M\u00fasica, Patrim\u00f4nio e Entidades Privadas. Cada eleitor tem direito a votar em apenas uma \u00e1rea, e os conselheiros ser\u00e3o eleitos por maioria simples dos votos.<\/p>\n<p>Mesmo no caso das \u00e1reas em que h\u00e1 candidato \u00fanico, \u00e9 preciso ocorrer o processo eleitoral, bastando um voto para que o concorrente seja oficializado como conselheiro. A previs\u00e3o \u00e9 de que o resultado da elei\u00e7\u00e3o do conselho seja divulgado no dia 21 de outubro, no Portal da Prefeitura de Juiz de Fora (<a href=\"https:\/\/www.pjf.mg.gov.br\/\">pjf.mg.gov.br<\/a>).<\/p>\n<p>O Concult \u00e9 um grupo parit\u00e1rio, com metade dos representantes da classe art\u00edstica e metade do poder p\u00fablico. Ele tem a fun\u00e7\u00e3o de buscar alternativas e solu\u00e7\u00f5es para o mais justo, eficiente e democr\u00e1tico direcionamento das pol\u00edticas p\u00fablicas de cultura em Juiz de Fora.<\/p>\n<p><b>:: Candidatos inscritos ::<\/b><\/p>\n<p><b>Artes C\u00eanicas<\/b><br \/>\nFernando Cust\u00f3dio Val\u00e9rio<br \/>\nWanderlei Marques Faini (Lelei Faini)<\/p>\n<p><b>Artes Urbanas<\/b><br \/>\nWenderson Marcelino (Zang\u00e3o)<\/p>\n<p><b>Artes Visuais<\/b><br \/>\nHenrique Marques Lott<br \/>\nVin\u00edcius Moreira Steinbach<\/p>\n<p><b>Audiovisual<\/b><br \/>\nAna Carolina Onofre de Almeida (Anna Onofre)<\/p>\n<p><b>Carnaval<\/b><br \/>\nMaria das Gra\u00e7as de Castro<\/p>\n<p><b>Cultura Popular<\/b><br \/>\nGuilherme Imbroisi Rocha<br \/>\nMarcos de Oliveira (Marcos Languange)<\/p>\n<p><b>Dan\u00e7a<\/b><br \/>\nEdna Christina Silva (Christine Silmor)<br \/>\nRaul de Oliveira Magalh\u00e3es<\/p>\n<p><b>Etnias<\/b><br \/>\nS\u00e1lcio Del Duca<\/p>\n<p><b>Literatura<\/b><br \/>\nAnt\u00f4nio Carlos Lemos Ferreira<\/p>\n<p><b>M\u00fasica<\/b><br \/>\nHenrique Oliveira Guilhem (Rick Guilhem)<br \/>\nSilv\u00e2nia Cristina de Andrade (Sil Andrade)<\/p>\n<p><b>Patrim\u00f4nio<\/b><br \/>\nFabr\u00edcio da Silva Fernandes<\/p>\n<p><b>Entidades Privadas<\/b><br \/>\nAssocia\u00e7\u00e3o Cultural Arte e Vida (Acav) \u2013 Representante: Andr\u00e9 Noronha Ferreira<br \/>\nAssocia\u00e7\u00e3o Luso Brasileira \u2013 Representante: \u00c9ric Meireles de Andrade<\/div>\n<div><\/div>\n<div><strong>Fonte:\u00a0<\/strong>Assessoria<\/div>\n<p>&nbsp;<\/p>\n<div id=\"box_compartilhar\" align=\"right\"><\/div>\n","protected":false},"excerpt":{"rendered":"<p>Ser\u00e1 aberta no pr\u00f3ximo domingo, 18, a vota\u00e7\u00e3o para eleger os novos representantes da classe art\u00edstica no Conselho Municipal de Cultura (Concult). A elei\u00e7\u00e3o, que termina na segunda-feira, 19, acontece em ambiente virtual, por meio do link\u00a0funalfa.com.br\/concult, que estar\u00e1 dispon\u00edvel somente nos dias citados. T\u00eam direito a voto pessoas com idade m\u00ednima de 16 anos [&hellip;]<\/p>\n","protected":false},"author":96,"featured_media":171170,"comment_status":"closed","ping_status":"closed","sticky":false,"template":"","format":"standard","meta":{"footnotes":""},"categories":[256,436,262,439],"tags":[],"class_list":["post-171169","post","type-post","status-publish","format-standard","has-post-thumbnail","hentry","category-cultura","category-destaque-da-semana","category-noticias","category-ultima-hora"],"_links":{"self":[{"href":"https:\/\/diarioregionaldigital.com.br\/index.php?rest_route=\/wp\/v2\/posts\/171169","targetHints":{"allow":["GET"]}}],"collection":[{"href":"https:\/\/diarioregionaldigital.com.br\/index.php?rest_route=\/wp\/v2\/posts"}],"about":[{"href":"https:\/\/diarioregionaldigital.com.br\/index.php?rest_route=\/wp\/v2\/types\/post"}],"author":[{"embeddable":true,"href":"https:\/\/diarioregionaldigital.com.br\/index.php?rest_route=\/wp\/v2\/users\/96"}],"replies":[{"embeddable":true,"href":"https:\/\/diarioregionaldigital.com.br\/index.php?rest_route=%2Fwp%2Fv2%2Fcomments&post=171169"}],"version-history":[{"count":0,"href":"https:\/\/diarioregionaldigital.com.br\/index.php?rest_route=\/wp\/v2\/posts\/171169\/revisions"}],"wp:featuredmedia":[{"embeddable":true,"href":"https:\/\/diarioregionaldigital.com.br\/index.php?rest_route=\/wp\/v2\/media\/171170"}],"wp:attachment":[{"href":"https:\/\/diarioregionaldigital.com.br\/index.php?rest_route=%2Fwp%2Fv2%2Fmedia&parent=171169"}],"wp:term":[{"taxonomy":"category","embeddable":true,"href":"https:\/\/diarioregionaldigital.com.br\/index.php?rest_route=%2Fwp%2Fv2%2Fcategories&post=171169"},{"taxonomy":"post_tag","embeddable":true,"href":"https:\/\/diarioregionaldigital.com.br\/index.php?rest_route=%2Fwp%2Fv2%2Ftags&post=171169"}],"curies":[{"name":"wp","href":"https:\/\/api.w.org\/{rel}","templated":true}]}}