{"id":171160,"date":"2020-10-16T15:42:06","date_gmt":"2020-10-16T18:42:06","guid":{"rendered":"https:\/\/diarioregionaldigital.com.br\/?p=171160"},"modified":"2020-10-16T15:42:06","modified_gmt":"2020-10-16T18:42:06","slug":"conservacao-de-pracas-canteiros-centrais-e-trevos-sao-realizados-pela-empav","status":"publish","type":"post","link":"https:\/\/diarioregionaldigital.com.br\/?p=171160","title":{"rendered":"Conserva\u00e7\u00e3o de pra\u00e7as, canteiros centrais e trevos s\u00e3o realizados pela Empav"},"content":{"rendered":"<p>Nesta sexta-feira, 16, o setor de Parques e Jardins da Empresa Municipal de Pavimenta\u00e7\u00e3o e Urbaniza\u00e7\u00e3o (Empav) atua em diversos pontos da cidade. O setor d\u00e1 continuidade \u00e0 poda de grama na Avenida Deusdedith Salgado no Bairro Salvaterra e inicia, al\u00e9m deste servi\u00e7o, a limpeza na Pra\u00e7a Maria Ilidia, localizada no bairro S\u00e3o Benedito.<\/p>\n<p>Al\u00e9m disso ser\u00e1 realizado o corte de \u00e1rvores nas Ruas Nair do Prado Manso, no Barbosa Lage, Rei Alberto, no Centro, e nas margens do Rio Paraibuna. Funcion\u00e1rios tamb\u00e9m atuam no recolhimento de \u00e1rvores ca\u00eddas na regi\u00e3o norte. Foram finalizadas, durante a semana, poda de \u00e1rvores nas ruas Padre Caf\u00e9, no S\u00e3o Mateus e na Rua Paulo Afonso Trist\u00e3o, Vivendas da Serra, poda de grama e limpeza na Pra\u00e7a Osvaldo Danilo Bartels, canteiros centrais e trevos na Rua Paracatu, Quintas das Avenidas e dos bairros Nossa Senhora das Gra\u00e7as e Santa Terezinha.<\/p>\n<p>Para solicitar poda dr\u00e1stica ou corte de alguma \u00e1rvore em via p\u00fablica, o interessado deve agendar atendimento presencial no Espa\u00e7o Cidad\u00e3o, pelos telefones 2104-8530\/2104-8530\/ 2104-8580. A solicita\u00e7\u00e3o ser\u00e1 analisada pela Secretaria de Meio Ambiente e Ordenamento Urbano (Semaur) e, caso seja autorizado, o laudo seguir\u00e1 para a Empav executar o trabalho.<\/p>\n<p><strong>Fonte:\u00a0<\/strong>Assessoria<\/p>\n","protected":false},"excerpt":{"rendered":"<p>Nesta sexta-feira, 16, o setor de Parques e Jardins da Empresa Municipal de Pavimenta\u00e7\u00e3o e Urbaniza\u00e7\u00e3o (Empav) atua em diversos pontos da cidade. O setor d\u00e1 continuidade \u00e0 poda de grama na Avenida Deusdedith Salgado no Bairro Salvaterra e inicia, al\u00e9m deste servi\u00e7o, a limpeza na Pra\u00e7a Maria Ilidia, localizada no bairro S\u00e3o Benedito. Al\u00e9m [&hellip;]<\/p>\n","protected":false},"author":96,"featured_media":171161,"comment_status":"closed","ping_status":"closed","sticky":false,"template":"","format":"standard","meta":{"footnotes":""},"categories":[253,436,439],"tags":[],"class_list":["post-171160","post","type-post","status-publish","format-standard","has-post-thumbnail","hentry","category-cidade","category-destaque-da-semana","category-ultima-hora"],"_links":{"self":[{"href":"https:\/\/diarioregionaldigital.com.br\/index.php?rest_route=\/wp\/v2\/posts\/171160","targetHints":{"allow":["GET"]}}],"collection":[{"href":"https:\/\/diarioregionaldigital.com.br\/index.php?rest_route=\/wp\/v2\/posts"}],"about":[{"href":"https:\/\/diarioregionaldigital.com.br\/index.php?rest_route=\/wp\/v2\/types\/post"}],"author":[{"embeddable":true,"href":"https:\/\/diarioregionaldigital.com.br\/index.php?rest_route=\/wp\/v2\/users\/96"}],"replies":[{"embeddable":true,"href":"https:\/\/diarioregionaldigital.com.br\/index.php?rest_route=%2Fwp%2Fv2%2Fcomments&post=171160"}],"version-history":[{"count":0,"href":"https:\/\/diarioregionaldigital.com.br\/index.php?rest_route=\/wp\/v2\/posts\/171160\/revisions"}],"wp:featuredmedia":[{"embeddable":true,"href":"https:\/\/diarioregionaldigital.com.br\/index.php?rest_route=\/wp\/v2\/media\/171161"}],"wp:attachment":[{"href":"https:\/\/diarioregionaldigital.com.br\/index.php?rest_route=%2Fwp%2Fv2%2Fmedia&parent=171160"}],"wp:term":[{"taxonomy":"category","embeddable":true,"href":"https:\/\/diarioregionaldigital.com.br\/index.php?rest_route=%2Fwp%2Fv2%2Fcategories&post=171160"},{"taxonomy":"post_tag","embeddable":true,"href":"https:\/\/diarioregionaldigital.com.br\/index.php?rest_route=%2Fwp%2Fv2%2Ftags&post=171160"}],"curies":[{"name":"wp","href":"https:\/\/api.w.org\/{rel}","templated":true}]}}