{"id":171157,"date":"2020-10-16T15:39:27","date_gmt":"2020-10-16T18:39:27","guid":{"rendered":"https:\/\/diarioregionaldigital.com.br\/?p=171157"},"modified":"2020-10-16T15:39:27","modified_gmt":"2020-10-16T18:39:27","slug":"ses-mg-recomenda-retomada-gradual-das-cirurgias-eletivas","status":"publish","type":"post","link":"https:\/\/diarioregionaldigital.com.br\/?p=171157","title":{"rendered":"SES-MG recomenda retomada gradual das cirurgias eletivas"},"content":{"rendered":"<p>Baseada nas mudan\u00e7as positivas do contexto epidemiol\u00f3gico da covid-19 e da capacidade assistencial do Estado, a\u00a0<a href=\"http:\/\/www.saude.mg.gov.br\/\" target=\"_blank\" rel=\"noopener noreferrer\">Secretaria de Estado de Sa\u00fade de Minas Gerais (SES-MG)<\/a>\u00a0recomenda a retomada gradual das cirurgias e procedimentos eletivos n\u00e3o essenciais no Sistema \u00danico de Sa\u00fade (SUS), abarcando a rede p\u00fablica e privada. O retorno seguro dever\u00e1 seguir protocolos de cuidados e biosseguran\u00e7a j\u00e1 estabelecidos. As normas dever\u00e3o ser adotadas desde a sele\u00e7\u00e3o do paciente para a cirurgia at\u00e9 sua alta, bem como no per\u00edodo de convalescen\u00e7a em domic\u00edlio.<\/p>\n<p>A decis\u00e3o para a retomada dos servi\u00e7os eletivos n\u00e3o essenciais se baseia em parecer emitido pelo Centro de Opera\u00e7\u00f5es de Emerg\u00eancia em Sa\u00fade (Coes), \u00f3rg\u00e3o de car\u00e1ter t\u00e9cnico e consultivo institu\u00eddo pela SES-MG para subsidiar resolu\u00e7\u00f5es. A Delibera\u00e7\u00e3o 93, do Comit\u00ea Extraordin\u00e1rio Covid-19, foi publicada na quarta-feira (14\/10), e autoriza, al\u00e9m das cirurgias, o retorno de consultas, exames e procedimentos ambulatoriais n\u00e3o essenciais.<\/p>\n<p>\u201cEssa escolha deve ser fruto de di\u00e1logo entre gestores municipais, hospitais e operadoras de Sa\u00fade suplementar para que sejam definidas estrat\u00e9gias de prioriza\u00e7\u00e3o da agenda cir\u00fargica, considerando as especificidades locais em rela\u00e7\u00e3o \u00e0 demanda por cirurgias eletivas represadas e o contexto epidemiol\u00f3gico para a covid-19\u201d, enfatiza o secret\u00e1rio de\u00a0Sa\u00fade, Carlos Eduardo Amaral.<\/p>\n<p>Ele detalha que, para um retorno seguro, dever\u00e1 ser observada a redu\u00e7\u00e3o sustentada de novos casos de infec\u00e7\u00e3o pelo v\u00edrus durante, pelo menos, 14 dias consecutivos; exist\u00eancia de leitos hospitalares de m\u00e9dia e alta complexidade dispon\u00edveis na institui\u00e7\u00e3o ou rede de servi\u00e7os pactuados, e condi\u00e7\u00e3o cl\u00ednica do paciente.<\/p>\n<p><strong>Contexto epidemiol\u00f3gico<\/strong><\/p>\n<p>Os indicativos de melhora da pandemia em Minas Gerais foram imprescind\u00edveis para recomenda\u00e7\u00e3o da SES, conforme destaca o secret\u00e1rio. Foram observadas as taxas de transmiss\u00e3o da covid-19 (em torno de 1) e a da ocupa\u00e7\u00e3o dos leitos de UTI (variando entre 50 a 65%), ambas em estabilidade.\u00a0 Al\u00e9m disso, foi considerada a normaliza\u00e7\u00e3o dos f\u00e1rmacos usados nos procedimentos de ventila\u00e7\u00e3o mec\u00e2nica e manuten\u00e7\u00e3o da seda\u00e7\u00e3o de pacientes em UTIs.<\/p>\n<p>A superintendente de Regula\u00e7\u00e3o da SES-MG, Daniela de C\u00e1ssia Domingues, ressalta que, para o retorno, foi considerado ainda o ac\u00famulo da demanda preexistente de cirurgias com solicita\u00e7\u00f5es represadas decorrentes da suspens\u00e3o.<\/p>\n<p><strong>Protocolo<\/strong><\/p>\n<p>A retomada gradual segura das cirurgias e procedimentos eletivos dever\u00e1 seguir os protocolos de cuidados e biosseguran\u00e7a j\u00e1 estabelecidos para preven\u00e7\u00e3o da transmiss\u00e3o, garantindo seguran\u00e7a ao paciente e equipe de Sa\u00fade. Tamb\u00e9m deve ser observado o protocolo para retomada de cirurgias eletivas do anexo \u00fanico da Nota T\u00e9cnica.<\/p>\n<p>A nota t\u00e9cnica da SES orienta, al\u00e9m de uma s\u00e9rie de medidas de preven\u00e7\u00e3o para os profissionais envolvidos e de higieniza\u00e7\u00e3o dos ambientes e materiais cir\u00fargicos, a prioriza\u00e7\u00e3o do agendamento de cirurgias cuja espera repercuta de forma importante no progn\u00f3stico da doen\u00e7a do paciente e pelo reagendamento das consultas e exames ambulat\u00f3rios, cirurgias eletivas de casos cancelados e adiados anteriormente.<\/p>\n<p><strong>Termo de consentimento<\/strong><\/p>\n<p>Os m\u00e9dicos devem conscientizar os pacientes sobre os riscos de exposi\u00e7\u00e3o \u00e0 covid-19 e as poss\u00edveis consequ\u00eancias. Assim, o hospital dever\u00e1 instituir Termo de Desist\u00eancia Moment\u00e2nea do Procedimento Cir\u00fargico, caso seja a vontade do paciente, sendo assegurado a ele a continuidade em fila de espera.<\/p>\n<p>Em caso de consentimento, familiares ou pacientes devem ser orientados e assinar o Termo de Responsabilidade para realiza\u00e7\u00e3o de procedimento cir\u00fargico em per\u00edodo de pandemia. Os pacientes que far\u00e3o cirurgias dever\u00e3o ser criteriosamente avaliados clinicamente para investiga\u00e7\u00e3o de poss\u00edvel contamina\u00e7\u00e3o pelo coronav\u00edrus antes do procedimento.<\/p>\n<p><strong>Fonte:\u00a0<\/strong>Ag\u00eancia Minas<\/p>\n","protected":false},"excerpt":{"rendered":"<p>Baseada nas mudan\u00e7as positivas do contexto epidemiol\u00f3gico da covid-19 e da capacidade assistencial do Estado, a\u00a0Secretaria de Estado de Sa\u00fade de Minas Gerais (SES-MG)\u00a0recomenda a retomada gradual das cirurgias e procedimentos eletivos n\u00e3o essenciais no Sistema \u00danico de Sa\u00fade (SUS), abarcando a rede p\u00fablica e privada. O retorno seguro dever\u00e1 seguir protocolos de cuidados e [&hellip;]<\/p>\n","protected":false},"author":96,"featured_media":171158,"comment_status":"closed","ping_status":"closed","sticky":false,"template":"","format":"standard","meta":{"footnotes":""},"categories":[436,254,439],"tags":[],"class_list":["post-171157","post","type-post","status-publish","format-standard","has-post-thumbnail","hentry","category-destaque-da-semana","category-politica","category-ultima-hora"],"_links":{"self":[{"href":"https:\/\/diarioregionaldigital.com.br\/index.php?rest_route=\/wp\/v2\/posts\/171157","targetHints":{"allow":["GET"]}}],"collection":[{"href":"https:\/\/diarioregionaldigital.com.br\/index.php?rest_route=\/wp\/v2\/posts"}],"about":[{"href":"https:\/\/diarioregionaldigital.com.br\/index.php?rest_route=\/wp\/v2\/types\/post"}],"author":[{"embeddable":true,"href":"https:\/\/diarioregionaldigital.com.br\/index.php?rest_route=\/wp\/v2\/users\/96"}],"replies":[{"embeddable":true,"href":"https:\/\/diarioregionaldigital.com.br\/index.php?rest_route=%2Fwp%2Fv2%2Fcomments&post=171157"}],"version-history":[{"count":0,"href":"https:\/\/diarioregionaldigital.com.br\/index.php?rest_route=\/wp\/v2\/posts\/171157\/revisions"}],"wp:featuredmedia":[{"embeddable":true,"href":"https:\/\/diarioregionaldigital.com.br\/index.php?rest_route=\/wp\/v2\/media\/171158"}],"wp:attachment":[{"href":"https:\/\/diarioregionaldigital.com.br\/index.php?rest_route=%2Fwp%2Fv2%2Fmedia&parent=171157"}],"wp:term":[{"taxonomy":"category","embeddable":true,"href":"https:\/\/diarioregionaldigital.com.br\/index.php?rest_route=%2Fwp%2Fv2%2Fcategories&post=171157"},{"taxonomy":"post_tag","embeddable":true,"href":"https:\/\/diarioregionaldigital.com.br\/index.php?rest_route=%2Fwp%2Fv2%2Ftags&post=171157"}],"curies":[{"name":"wp","href":"https:\/\/api.w.org\/{rel}","templated":true}]}}