{"id":171155,"date":"2020-10-16T15:37:08","date_gmt":"2020-10-16T18:37:08","guid":{"rendered":"https:\/\/diarioregionaldigital.com.br\/?p=171155"},"modified":"2020-10-16T15:37:08","modified_gmt":"2020-10-16T18:37:08","slug":"brasil-esta-bem-posicionado-para-acesso-a-vacinas-de-covid-19","status":"publish","type":"post","link":"https:\/\/diarioregionaldigital.com.br\/?p=171155","title":{"rendered":"Brasil est\u00e1 bem posicionado para acesso a vacinas de covid-19"},"content":{"rendered":"<p>Caso os testes cl\u00ednicos em curso comprovem a efic\u00e1cia das vacinas contra a covid-19, o Brasil est\u00e1 bem posicionado para obter doses j\u00e1 no ano que vem, avalia\u00a0a professora da Universidade Federal de Goi\u00e1s (UFG) Cristiana Toscano, que integra o Grupo Consultivo Estrat\u00e9gico de Especialistas em Imuniza\u00e7\u00e3o (SAGE) da Organiza\u00e7\u00e3o Mundial da Sa\u00fade (OMS).<img decoding=\"async\" src=\"https:\/\/agenciabrasil.ebc.com.br\/ebc.png?id=1390795&amp;o=node\" \/><img decoding=\"async\" src=\"https:\/\/agenciabrasil.ebc.com.br\/ebc.gif?id=1390795&amp;o=node\" \/><\/p>\n<p>A pesquisadora explicou que acordos j\u00e1 assinados pelo governo federal e pelo estado de S\u00e3o Paulo d\u00e3o alternativas ao pa\u00eds, mas alerta que \u00e9 preciso se apressar no planejamento para preparar os mais de 30 mil postos de vacina\u00e7\u00e3o do Sistema \u00danico de Sa\u00fade (SUS).<\/p>\n<p>&#8220;No Brasil, a gente tem uma situa\u00e7\u00e3o que considero bastante privilegiada, porque a gente tem os mecanismos bilaterais e o envolvimento do Brasil no Covax, que \u00e9 um mecanismo multilateral&#8221;, disse a epidemiologista, que participou da Jornada Nacional de Imuniza\u00e7\u00f5es, promovida pela Sociedade Brasileira de Imuniza\u00e7\u00f5es. &#8220;A gente est\u00e1 bem posicionado do ponto de vista de acesso e de possibilidade e expectativa real de termos algumas vacinas j\u00e1 em 2021.&#8221;<\/p>\n<h2>Cons\u00f3rcio<\/h2>\n<p>No m\u00eas passado, o Brasil confirmou sua participa\u00e7\u00e3o no cons\u00f3rcio Covax, organizado pela OMS para garantir acesso \u00e0 imuniza\u00e7\u00e3o em todo o mundo. O fundo espera captar US$ 18 bilh\u00f5es com o investimento de 80 pa\u00edses considerados autofinanci\u00e1veis, como o Brasil, para fornecer as vacinas para estes e mais 92 pa\u00edses que n\u00e3o teriam condi\u00e7\u00f5es de fabricar ou comprar as doses.<\/p>\n<p>Com a ades\u00e3o, o pa\u00eds vai investir cerca de R$ 2,5 bilh\u00f5es e espera adquirir um portf\u00f3lio que, at\u00e9 ent\u00e3o, tem nove vacinas em desenvolvimento, para garantir a prote\u00e7\u00e3o de 10% da popula\u00e7\u00e3o at\u00e9 o final de 2021.<\/p>\n<h2>Acordos bilaterais<\/h2>\n<p>Em acordos bilaterais, o pa\u00eds contratou a transfer\u00eancia de tecnologia de uma vacina brit\u00e2nica e uma chinesa. O governo federal assinou acordo com os desenvolvedores da AstraZeneca e da Universidade de Oxford para que a Funda\u00e7\u00e3o Oswaldo Cruz nacionalize a produ\u00e7\u00e3o da vacina, que est\u00e1 na \u00faltima fase de testes cl\u00ednicos em diversos pa\u00edses, incluindo o Brasil. A vacina de Oxford tamb\u00e9m \u00e9 uma das nove vacinas que integram o portf\u00f3lio do Covax.<\/p>\n<p>Al\u00e9m disso, o governo do estado de S\u00e3o Paulo e o Instituto Butantan firmaram acordo para testagem e transfer\u00eancia de tecnologia para a produ\u00e7\u00e3o nacional da vacina em desenvolvimento pelo laborat\u00f3rio chin\u00eas Sinovac.<\/p>\n<h2>Planejamento<\/h2>\n<p>Cristiana Toscano ressaltou que, devido \u00e0 pandemia, os investimentos na produ\u00e7\u00e3o precisaram ser antecipados, o que implica no risco de as vacinas n\u00e3o terem sua efic\u00e1cia comprovada. Assim como os testes e os processos regulat\u00f3rios, a pesquisadora destaca que o planejamento para fazer com que as vacinas cheguem aos postos tamb\u00e9m precisa ser agilizado desde o n\u00edvel local at\u00e9 o nacional, porque h\u00e1 um horizonte de in\u00edcio da imuniza\u00e7\u00e3o nos primeiros meses do ano que vem.<\/p>\n<p>&#8220;N\u00e3o precisa esperar. N\u00e3o tem um momento para falar &#8216;agora vamos come\u00e7ar&#8217;. O agora \u00e9 j\u00e1. A gente est\u00e1 trabalhando com uma previs\u00e3o otimista e esperan\u00e7osa. Se, de fato, nessa avalia\u00e7\u00e3o preliminar\u00a0de dezembro, essas vacinas demonstrarem efic\u00e1cia e seguran\u00e7a, a previs\u00e3o \u00e9 que entre fevereiro e mar\u00e7o, no mais tardar, seja de fato poss\u00edvel iniciar a vacina\u00e7\u00e3o. Estamos falando de um tempo bastante curto para preparar tudo para uma vacina\u00e7\u00e3o de tamanha escala e tremenda import\u00e2ncia&#8221;.<\/p>\n<p>Em setembro, o\u00a0<a href=\"https:\/\/agenciabrasil.ebc.com.br\/saude\/noticia\/2020-09\/governo-cria-grupo-para-coordenar-vacinacao-contra-covid-19\" target=\"_blank\" rel=\"noopener noreferrer\">governo federal instituiu um grupo de trabalho interministerial<\/a>\u00a0para coordenar a aquisi\u00e7\u00e3o e a distribui\u00e7\u00e3o de vacinas \u201ccom qualidade, efic\u00e1cia e seguran\u00e7a comprovadas\u201d contra o novo coronav\u00edrus.<\/p>\n<p>O planejamento, no entanto, j\u00e1 havia come\u00e7ado, como\u00a0<a href=\"https:\/\/agenciabrasil.ebc.com.br\/saude\/noticia\/2020-08\/secretario-adianta-pontos-da-estrategia-de-vacinacao-para-covid-19\" target=\"_blank\" rel=\"noopener noreferrer\">apresentou o secret\u00e1rio de Vigil\u00e2ncia em Sa\u00fade do Minist\u00e9rio da Sa\u00fade, Arnaldo Correia<\/a>, na Comiss\u00e3o Externa da C\u00e2mara dos Deputados destinada a acompanhar o enfrentamento \u00e0 pandemia.<\/p>\n<p>A pesquisadora reconhece que ainda h\u00e1 muitas lacunas que impactam no planejamento, como a confirma\u00e7\u00e3o do n\u00famero de doses por pessoa, a efic\u00e1cia em cada grupo populacional e o tempo de dura\u00e7\u00e3o da imunidade. Para municiar governantes, a OMS elaborou modelagens para simular cen\u00e1rios que ajudem na tomada de decis\u00e3o, o que inclui quais grupos priorizar para reduzir a mortalidade, a ocorr\u00eancia de casos graves ou a preserva\u00e7\u00e3o do sistema de sa\u00fade, por exemplo.<\/p>\n<p>&#8220;A boa not\u00edcia \u00e9 que, em rela\u00e7\u00e3o a esse quesito [mutabilidade do v\u00edrus], para a vacina contra a covid, parece n\u00e3o ser necess\u00e1ria uma nova vacina\u00e7\u00e3o por muta\u00e7\u00e3o de v\u00edrus circulante&#8221;, avalia a pesquisadora, que aponta outro desafio: &#8220;Ser\u00e1 uma vacina\u00e7\u00e3o diferente das campanhas habituais. N\u00e3o deve ser direcionada a crian\u00e7as e sim a grupos diferentes dos que estamos acostumados&#8221;.<\/p>\n<p><strong>Fonte:<\/strong> Ag\u00eancia Brasil<\/p>\n","protected":false},"excerpt":{"rendered":"<p>Caso os testes cl\u00ednicos em curso comprovem a efic\u00e1cia das vacinas contra a covid-19, o Brasil est\u00e1 bem posicionado para obter doses j\u00e1 no ano que vem, avalia\u00a0a professora da Universidade Federal de Goi\u00e1s (UFG) Cristiana Toscano, que integra o Grupo Consultivo Estrat\u00e9gico de Especialistas em Imuniza\u00e7\u00e3o (SAGE) da Organiza\u00e7\u00e3o Mundial da Sa\u00fade (OMS). A [&hellip;]<\/p>\n","protected":false},"author":96,"featured_media":166719,"comment_status":"closed","ping_status":"closed","sticky":false,"template":"","format":"standard","meta":{"footnotes":""},"categories":[302,436,439],"tags":[],"class_list":["post-171155","post","type-post","status-publish","format-standard","has-post-thumbnail","hentry","category-brasil-mundo","category-destaque-da-semana","category-ultima-hora"],"_links":{"self":[{"href":"https:\/\/diarioregionaldigital.com.br\/index.php?rest_route=\/wp\/v2\/posts\/171155","targetHints":{"allow":["GET"]}}],"collection":[{"href":"https:\/\/diarioregionaldigital.com.br\/index.php?rest_route=\/wp\/v2\/posts"}],"about":[{"href":"https:\/\/diarioregionaldigital.com.br\/index.php?rest_route=\/wp\/v2\/types\/post"}],"author":[{"embeddable":true,"href":"https:\/\/diarioregionaldigital.com.br\/index.php?rest_route=\/wp\/v2\/users\/96"}],"replies":[{"embeddable":true,"href":"https:\/\/diarioregionaldigital.com.br\/index.php?rest_route=%2Fwp%2Fv2%2Fcomments&post=171155"}],"version-history":[{"count":0,"href":"https:\/\/diarioregionaldigital.com.br\/index.php?rest_route=\/wp\/v2\/posts\/171155\/revisions"}],"wp:featuredmedia":[{"embeddable":true,"href":"https:\/\/diarioregionaldigital.com.br\/index.php?rest_route=\/wp\/v2\/media\/166719"}],"wp:attachment":[{"href":"https:\/\/diarioregionaldigital.com.br\/index.php?rest_route=%2Fwp%2Fv2%2Fmedia&parent=171155"}],"wp:term":[{"taxonomy":"category","embeddable":true,"href":"https:\/\/diarioregionaldigital.com.br\/index.php?rest_route=%2Fwp%2Fv2%2Fcategories&post=171155"},{"taxonomy":"post_tag","embeddable":true,"href":"https:\/\/diarioregionaldigital.com.br\/index.php?rest_route=%2Fwp%2Fv2%2Ftags&post=171155"}],"curies":[{"name":"wp","href":"https:\/\/api.w.org\/{rel}","templated":true}]}}