{"id":171152,"date":"2020-10-16T15:22:40","date_gmt":"2020-10-16T18:22:40","guid":{"rendered":"https:\/\/diarioregionaldigital.com.br\/?p=171152"},"modified":"2020-10-16T15:22:40","modified_gmt":"2020-10-16T18:22:40","slug":"felipao-e-apresentado-como-novo-tecnico-do-cruzeiro","status":"publish","type":"post","link":"https:\/\/diarioregionaldigital.com.br\/?p=171152","title":{"rendered":"Felip\u00e3o \u00e9 apresentado como novo t\u00e9cnico do Cruzeiro"},"content":{"rendered":"<p><span style=\"font-weight: 400;\">Em meio \u00e0 m\u00e1 campanha na S\u00e9rie B e atualmente na luta contra o rebaixamento, o Cruzeiro anunciou Luiz Felipe Scolari como seu novo treinador. O novo comandante que assume o posto deixado por Ney Franco, est\u00e1 de volta \u00e0 Celeste, clube pelo qual teve passagem no ano de 2000, logo ap\u00f3s a conquista da Copa do Brasil.\u00a0<\/span><\/p>\n<p><span style=\"font-weight: 400;\">No seu primeiro v\u00ednculo com o time mineiro, chegou \u00e0s semifinais da Copa Jo\u00e3o Havelange em 2000, por\u00e9m foi eliminado para o Vasco que viria ser campe\u00e3o naquele ano. Na temporada seguinte, venceu a Copa Sul Minas. Todavia, obteve elimina\u00e7\u00e3o precoce, na fase semifinal (\u00e0 \u00e9poca disputada em grupos) do Campeonato Mineiro e posteriormente veio a elimina\u00e7\u00e3o nas quartas de final na Libertadores diante do Palmeiras.\u00a0<\/span><\/p>\n<p><span style=\"font-weight: 400;\">No mesmo ano, Felip\u00e3o foi contratado para comandar a Sele\u00e7\u00e3o Brasileira na Copa do Mundo de 2002 e levou a Amarelinha ao in\u00e9dito pentacampeonato.<\/span><\/p>\n<p><span style=\"font-weight: 400;\">O treinador firmou contrato at\u00e9 o final de 2022, cuja negocia\u00e7\u00e3o contou com participa\u00e7\u00e3o do presidente S\u00e9rgio Santos Rodrigues, do diretor Deivid e do consultor do departamento de futebol, Jos\u00e9 Carlos Brunoro.\u00a0<\/span><\/p>\n<p><span style=\"font-weight: 400;\">Nascido em Passo Fundo (RS), Felip\u00e3o tem um curr\u00edculo extremamente vitorioso, com 27 t\u00edtulos conquistados ao longo da carreira. Entre eles destacam-se: Copa do Mundo (2002), Copa das Confedera\u00e7\u00f5es (2013) Copa Libertadores (1995 e 1999), Recopa Sul-Americana (1996), Campeonato Brasileiro (1996 e 2018), Copa do Brasil (1991, 1994 e 2012), Liga Chinesa (2015, 2016 e 2017) e Liga Uzbeque (2009).<\/span><\/p>\n<p><span style=\"font-weight: 400;\">Ele\u00a0 tamb\u00e9m levou a Sele\u00e7\u00e3o de Portugal \u00e0 final in\u00e9dita da Eurocopa, em 2004, quando ficou com o vice-campeonato diante da Gr\u00e9cia e ficou na quarta posi\u00e7\u00e3o na Copa do Mundo de 2006. Recentemente, em 2018, dirigiu o Palmeiras que se sagrou Campe\u00e3o Brasileiro.\u00a0 Nos 21 jogos sob seu comando, a agremia\u00e7\u00e3o paulista teve 84% de aproveitamento.<\/span><\/p>\n","protected":false},"excerpt":{"rendered":"<p>Em meio \u00e0 m\u00e1 campanha na S\u00e9rie B e atualmente na luta contra o rebaixamento, o Cruzeiro anunciou Luiz Felipe Scolari como seu novo treinador. O novo comandante que assume o posto deixado por Ney Franco, est\u00e1 de volta \u00e0 Celeste, clube pelo qual teve passagem no ano de 2000, logo ap\u00f3s a conquista da [&hellip;]<\/p>\n","protected":false},"author":96,"featured_media":171153,"comment_status":"closed","ping_status":"closed","sticky":false,"template":"","format":"standard","meta":{"footnotes":""},"categories":[436,257,439],"tags":[],"class_list":["post-171152","post","type-post","status-publish","format-standard","has-post-thumbnail","hentry","category-destaque-da-semana","category-esporte","category-ultima-hora"],"_links":{"self":[{"href":"https:\/\/diarioregionaldigital.com.br\/index.php?rest_route=\/wp\/v2\/posts\/171152","targetHints":{"allow":["GET"]}}],"collection":[{"href":"https:\/\/diarioregionaldigital.com.br\/index.php?rest_route=\/wp\/v2\/posts"}],"about":[{"href":"https:\/\/diarioregionaldigital.com.br\/index.php?rest_route=\/wp\/v2\/types\/post"}],"author":[{"embeddable":true,"href":"https:\/\/diarioregionaldigital.com.br\/index.php?rest_route=\/wp\/v2\/users\/96"}],"replies":[{"embeddable":true,"href":"https:\/\/diarioregionaldigital.com.br\/index.php?rest_route=%2Fwp%2Fv2%2Fcomments&post=171152"}],"version-history":[{"count":0,"href":"https:\/\/diarioregionaldigital.com.br\/index.php?rest_route=\/wp\/v2\/posts\/171152\/revisions"}],"wp:featuredmedia":[{"embeddable":true,"href":"https:\/\/diarioregionaldigital.com.br\/index.php?rest_route=\/wp\/v2\/media\/171153"}],"wp:attachment":[{"href":"https:\/\/diarioregionaldigital.com.br\/index.php?rest_route=%2Fwp%2Fv2%2Fmedia&parent=171152"}],"wp:term":[{"taxonomy":"category","embeddable":true,"href":"https:\/\/diarioregionaldigital.com.br\/index.php?rest_route=%2Fwp%2Fv2%2Fcategories&post=171152"},{"taxonomy":"post_tag","embeddable":true,"href":"https:\/\/diarioregionaldigital.com.br\/index.php?rest_route=%2Fwp%2Fv2%2Ftags&post=171152"}],"curies":[{"name":"wp","href":"https:\/\/api.w.org\/{rel}","templated":true}]}}