{"id":171142,"date":"2020-10-16T14:16:04","date_gmt":"2020-10-16T17:16:04","guid":{"rendered":"https:\/\/diarioregionaldigital.com.br\/?p=171142"},"modified":"2020-10-16T14:16:04","modified_gmt":"2020-10-16T17:16:04","slug":"motorista-de-carreta-e-regatado-apos-acidente-em-lima-duarte","status":"publish","type":"post","link":"https:\/\/diarioregionaldigital.com.br\/?p=171142","title":{"rendered":"Motorista de carreta \u00e9 regatado ap\u00f3s acidente em Lima Duarte"},"content":{"rendered":"<p>Na manh\u00e3 desta sexta-feira (16), duas guarni\u00e7\u00f5es do Corpo de Bombeiros de Juiz de Fora, se deslocaram para atender uma ocorr\u00eancia de acidente envolvendo uma carreta, que tombou na BR-267, em Lima Duarte. O ve\u00edculo, que transportava rolos de arame, tinha placas do estado de Santa Catarina.<\/p>\n<p>Ao chegar no local, os bombeiros se depararam com o condutor consciente, mas com as pernas presas nas ferragens. Atrav\u00e9s de t\u00e9cnicas espec\u00edficas de salvamento veicular com ferramentas hidr\u00e1ulicas de desencarceramento, a v\u00edtima foi resgatada com seguran\u00e7a, entretanto ela estava com suspeita de fratura nas pernas e na pelve. Posteriormente ela foi entregue ao Samu.<\/p>\n","protected":false},"excerpt":{"rendered":"<p>Na manh\u00e3 desta sexta-feira (16), duas guarni\u00e7\u00f5es do Corpo de Bombeiros de Juiz de Fora, se deslocaram para atender uma ocorr\u00eancia de acidente envolvendo uma carreta, que tombou na BR-267, em Lima Duarte. O ve\u00edculo, que transportava rolos de arame, tinha placas do estado de Santa Catarina. Ao chegar no local, os bombeiros se depararam [&hellip;]<\/p>\n","protected":false},"author":96,"featured_media":171144,"comment_status":"closed","ping_status":"closed","sticky":false,"template":"","format":"standard","meta":{"footnotes":""},"categories":[436,252,439],"tags":[],"class_list":["post-171142","post","type-post","status-publish","format-standard","has-post-thumbnail","hentry","category-destaque-da-semana","category-regiao","category-ultima-hora"],"_links":{"self":[{"href":"https:\/\/diarioregionaldigital.com.br\/index.php?rest_route=\/wp\/v2\/posts\/171142","targetHints":{"allow":["GET"]}}],"collection":[{"href":"https:\/\/diarioregionaldigital.com.br\/index.php?rest_route=\/wp\/v2\/posts"}],"about":[{"href":"https:\/\/diarioregionaldigital.com.br\/index.php?rest_route=\/wp\/v2\/types\/post"}],"author":[{"embeddable":true,"href":"https:\/\/diarioregionaldigital.com.br\/index.php?rest_route=\/wp\/v2\/users\/96"}],"replies":[{"embeddable":true,"href":"https:\/\/diarioregionaldigital.com.br\/index.php?rest_route=%2Fwp%2Fv2%2Fcomments&post=171142"}],"version-history":[{"count":0,"href":"https:\/\/diarioregionaldigital.com.br\/index.php?rest_route=\/wp\/v2\/posts\/171142\/revisions"}],"wp:featuredmedia":[{"embeddable":true,"href":"https:\/\/diarioregionaldigital.com.br\/index.php?rest_route=\/wp\/v2\/media\/171144"}],"wp:attachment":[{"href":"https:\/\/diarioregionaldigital.com.br\/index.php?rest_route=%2Fwp%2Fv2%2Fmedia&parent=171142"}],"wp:term":[{"taxonomy":"category","embeddable":true,"href":"https:\/\/diarioregionaldigital.com.br\/index.php?rest_route=%2Fwp%2Fv2%2Fcategories&post=171142"},{"taxonomy":"post_tag","embeddable":true,"href":"https:\/\/diarioregionaldigital.com.br\/index.php?rest_route=%2Fwp%2Fv2%2Ftags&post=171142"}],"curies":[{"name":"wp","href":"https:\/\/api.w.org\/{rel}","templated":true}]}}