{"id":171140,"date":"2020-10-16T14:07:03","date_gmt":"2020-10-16T17:07:03","guid":{"rendered":"https:\/\/diarioregionaldigital.com.br\/?p=171140"},"modified":"2020-10-16T14:07:03","modified_gmt":"2020-10-16T17:07:03","slug":"pcmg-prende-suspeito-de-matar-a-propria-mae-em-visconde-do-rio-branco","status":"publish","type":"post","link":"https:\/\/diarioregionaldigital.com.br\/?p=171140","title":{"rendered":"PCMG prende suspeito de matar a pr\u00f3pria m\u00e3e em Visconde do Rio Branco"},"content":{"rendered":"<p>Na quinta-feira (15\/10), a Pol\u00edcia Civil de Minas Gerais cumpriu, no munic\u00edpio de Visconde do Rio Branco, um mandado de pris\u00e3o tempor\u00e1ria em desfavor de um homem de 52 anos, suspeito de ter cometido latroc\u00ednio \u2013 roubo seguido de morte -, ocorrido na noite do dia 8 de outubro, na cidade. Conforme a apura\u00e7\u00e3o, o investigado teria matado a pr\u00f3pria m\u00e3e, de 75 anos, ap\u00f3s a idosa negar dinheiro para sustentar o v\u00edcio do filho, usu\u00e1rio de drogas.<\/p>\n<p>Segundo o delegado regional em Ub\u00e1, Di\u00eago Candian Alves, autoridade policial que representou pela pris\u00e3o tempor\u00e1ria do homem, as investiga\u00e7\u00f5es indicaram que o suspeito teria simulado que a v\u00edtima havia sofrido uma queda.\u00a0 \u201cO fato que nos chamou a aten\u00e7\u00e3o n\u00e3o foi apenas a motiva\u00e7\u00e3o torpe e o requinte de crueldade perpetrado pelo investigado, ao usar um machado e desferir golpe na regi\u00e3o craniana da v\u00edtima, pessoa idosa, mas tamb\u00e9m a aud\u00e1cia daquele em acionar socorro, visando simular que a v\u00edtima havia sofrido uma queda, quando, na realidade, foi assassinada pelo pr\u00f3prio filho. Segundo o homem, ele estava drogado na data do fato\u201d, explica.<\/p>\n<p>Na ocasi\u00e3o, a Pol\u00edcia Militar chegou a ser acionada por um profissional da \u00e1rea da sa\u00fade, informando que o investigado teria ligado para o servi\u00e7o emergencial 192, para noticiar que a m\u00e3e dele estaria necessitando de um atendimento m\u00e9dico, pois havia sofrido uma queda. \u201cDiante das informa\u00e7\u00f5es, a equipe de socorro se deslocou at\u00e9 o local e, ao entrar na resid\u00eancia, deparou-se com a v\u00edtima deitada em dec\u00fabito dorsal, no ch\u00e3o da sala, j\u00e1 aparentando estar sem vida e com m\u00faltiplos ferimentos na cabe\u00e7a. Posteriormente, o investigado teria informado que foi at\u00e9 a resid\u00eancia da v\u00edtima para ir ao banheiro, momento em que se deparou com sua m\u00e3e deitada no ch\u00e3o da sala, com um grande sangramento, desacordada e com um ferimento na cabe\u00e7a\u201d.<\/p>\n<p>No entanto, iniciadas as investiga\u00e7\u00f5es, a PCMG teve o conhecimento de que a v\u00edtima teria recebido, no dia 06 de outubro, a quantia de R$ 700, referente a sua aposentadoria. \u201cMas os familiares deram falta do dinheiro, tudo levando a crer que essa quantia teria sido tamb\u00e9m subtra\u00edda pelo homem, pois ele tinha o h\u00e1bito de subtrair valores de sua m\u00e3e para comprar drogas. Ao empreenderem dilig\u00eancias no local do crime, os investigadores tamb\u00e9m conseguiram localizar e apreender o machado utilizado no delito, bem como as roupas do suspeito, que apresentavam marcas de sangue da v\u00edtima\u201d, conta, complementando que, ao ser interrogado, o suspeito admitiu que teria matado a pr\u00f3pria m\u00e3e, &#8220;porque estava drogado&#8221;. Apura\u00e7\u00f5es indicaram que o investigado teria pedido dinheiro para comprar entorpecentes, mas a v\u00edtima teria informado que n\u00e3o tinha. \u201cMomento em que o autor foi at\u00e9 o quarto de seu padrasto, pegou um machado e efetuou dois golpes na regi\u00e3o craniana de sua genitora, que veio a \u00f3bito no local\u201d.<\/p>\n<p>Ainda de acordo com o delegado, o homem, que j\u00e1 tem passagem policial por crime de homic\u00eddio, ser\u00e1 indiciado pelo crime de latroc\u00ednio. Ele se encontra \u00e0 disposi\u00e7\u00e3o da Justi\u00e7a. \u201cO prazo da pris\u00e3o tempor\u00e1ria \u00e9 de 30 dias, por se tratar de crime hediondo, podendo ser prorrogado por mais 30 dias e, logo em seguida, ser\u00e1 representada \u00e0 Justi\u00e7a pela convers\u00e3o da pris\u00e3o tempor\u00e1ria em pris\u00e3o preventiva&#8221;, conclui.<\/p>\n<p><strong>Fonte:\u00a0<\/strong>Assessoria<\/p>\n","protected":false},"excerpt":{"rendered":"<p>Na quinta-feira (15\/10), a Pol\u00edcia Civil de Minas Gerais cumpriu, no munic\u00edpio de Visconde do Rio Branco, um mandado de pris\u00e3o tempor\u00e1ria em desfavor de um homem de 52 anos, suspeito de ter cometido latroc\u00ednio \u2013 roubo seguido de morte -, ocorrido na noite do dia 8 de outubro, na cidade. Conforme a apura\u00e7\u00e3o, o [&hellip;]<\/p>\n","protected":false},"author":96,"featured_media":165308,"comment_status":"closed","ping_status":"closed","sticky":false,"template":"","format":"standard","meta":{"footnotes":""},"categories":[436,252,439],"tags":[],"class_list":["post-171140","post","type-post","status-publish","format-standard","has-post-thumbnail","hentry","category-destaque-da-semana","category-regiao","category-ultima-hora"],"_links":{"self":[{"href":"https:\/\/diarioregionaldigital.com.br\/index.php?rest_route=\/wp\/v2\/posts\/171140","targetHints":{"allow":["GET"]}}],"collection":[{"href":"https:\/\/diarioregionaldigital.com.br\/index.php?rest_route=\/wp\/v2\/posts"}],"about":[{"href":"https:\/\/diarioregionaldigital.com.br\/index.php?rest_route=\/wp\/v2\/types\/post"}],"author":[{"embeddable":true,"href":"https:\/\/diarioregionaldigital.com.br\/index.php?rest_route=\/wp\/v2\/users\/96"}],"replies":[{"embeddable":true,"href":"https:\/\/diarioregionaldigital.com.br\/index.php?rest_route=%2Fwp%2Fv2%2Fcomments&post=171140"}],"version-history":[{"count":0,"href":"https:\/\/diarioregionaldigital.com.br\/index.php?rest_route=\/wp\/v2\/posts\/171140\/revisions"}],"wp:featuredmedia":[{"embeddable":true,"href":"https:\/\/diarioregionaldigital.com.br\/index.php?rest_route=\/wp\/v2\/media\/165308"}],"wp:attachment":[{"href":"https:\/\/diarioregionaldigital.com.br\/index.php?rest_route=%2Fwp%2Fv2%2Fmedia&parent=171140"}],"wp:term":[{"taxonomy":"category","embeddable":true,"href":"https:\/\/diarioregionaldigital.com.br\/index.php?rest_route=%2Fwp%2Fv2%2Fcategories&post=171140"},{"taxonomy":"post_tag","embeddable":true,"href":"https:\/\/diarioregionaldigital.com.br\/index.php?rest_route=%2Fwp%2Fv2%2Ftags&post=171140"}],"curies":[{"name":"wp","href":"https:\/\/api.w.org\/{rel}","templated":true}]}}