{"id":171137,"date":"2020-10-16T13:59:26","date_gmt":"2020-10-16T16:59:26","guid":{"rendered":"https:\/\/diarioregionaldigital.com.br\/?p=171137"},"modified":"2020-10-16T14:10:23","modified_gmt":"2020-10-16T17:10:23","slug":"comite-covid-19-aprova-avanco-de-juiz-de-fora-para-a-onda-verde-do-programa-minas-consciente","status":"publish","type":"post","link":"https:\/\/diarioregionaldigital.com.br\/?p=171137","title":{"rendered":"Comit\u00ea Covid-19 aprova avan\u00e7o de Juiz de Fora para a &#8216;Onda Verde&#8217; do Programa Minas Consciente"},"content":{"rendered":"<p><span style=\"font-weight: 400;\">O Comit\u00ea Municipal de Enfrentamento e Preven\u00e7\u00e3o \u00e0 Covid-19, se reuniu na noite de quinta-feira (15) e os membros da equipe, junto com o prefeito Ant\u00f4nio Almas (PSDB), aprovaram o avan\u00e7o de Juiz de Fora para a \u2018Onda Verde\u2019 do Programa Minas Consciente. Esta fase \u00e9 a menos restritiva e estar\u00e1 em vigor a partir da pr\u00f3xima quarta-feira (21).<\/span><\/p>\n<p><span style=\"font-weight: 400;\">Segundo informa\u00e7\u00f5es da Prefeitura de Juiz de Fora (PJF), a decis\u00e3o foi tomada tendo em vista a redu\u00e7\u00e3o do n\u00famero de mortes por Coronav\u00edrus, nos \u00faltimos dias. Conforme os dados do Executivo, houve queda de 21% dos \u00f3bitos. Na \u00faltima semana a m\u00e9dia de novos registros foi de 29 por dia e na retrasada a taxa foi de 36.<\/span><\/p>\n<p><span style=\"font-weight: 400;\">Mesmo diante da diminui\u00e7\u00e3o dos \u00edndices, a Administra\u00e7\u00e3o diz que ser\u00e3o abertos mais 10 leitos de Unidade de Terapia Intensiva (UTI) do Sistema \u00danico de Sa\u00fade (SUS) no Hospital Ana Nery. No geral, s\u00e3o 183 leitos na rede p\u00fablica.<\/span><\/p>\n<p><span style=\"font-weight: 400;\">Apesar do avan\u00e7o de fase, Ant\u00f4nio Almas, junto com os integrantes do Comit\u00ea, refor\u00e7a que a pandemia n\u00e3o acabou e que a popula\u00e7\u00e3o deve seguir as medidas de preven\u00e7\u00e3o \u00e0\u00a0 <\/span><span style=\"font-weight: 400;\">doen\u00e7a:<\/span><\/p>\n<p>\u201c\u00c9 importante frisar que avan\u00e7ar n\u00e3o quer dizer que a pandemia acabou. O indiv\u00edduo tem que ter seu compromisso com o coletivo. A \u00fanica arma que ainda temos \u00e9 continuar educando a popula\u00e7\u00e3o para o \u00b4novo normal`, ou seja, fazendo o uso de m\u00e1scara, a higieniza\u00e7\u00e3o correta das m\u00e3os e manter o distanciamento social. Se os casos voltarem a subir com a flexibiliza\u00e7\u00e3o, n\u00e3o teremos pudor algum de dar um passo atr\u00e1s\u201d, enfatiza o prefeito.<\/p>\n<p><span style=\"font-weight: 400;\"> As novas regras de fiscaliza\u00e7\u00e3o pelo Poder P\u00fablico ser\u00e3o avaliadas pelos pr\u00f3ximos dias e posteriormente v\u00e3o ser publicadas em novo Decreto Municipal.<\/span><\/p>\n<p><b>Onda verde<\/b><\/p>\n<p><span style=\"font-weight: 400;\">Esta fase do Minas Consciente abrange servi\u00e7os n\u00e3o essenciais e que s\u00e3o de alto risco de cont\u00e1gio. S\u00e3o eles:<\/span><\/p>\n<p><span style=\"font-weight: 400;\">\u2013 Atividades art\u00edsticas, como produ\u00e7\u00e3o teatral, musical e de dan\u00e7a e circo;<\/span><\/p>\n<p><span style=\"font-weight: 400;\">\u2013 Cinemas, bibliotecas, museus, arquivos;<\/span><\/p>\n<p><span style=\"font-weight: 400;\">\u2013 Parques, zool\u00f3gicos e jardins;<\/span><\/p>\n<p><span style=\"font-weight: 400;\">\u2013 Feiras, congressos, exposi\u00e7\u00f5es, filmagens de festas, casas de festas, buf\u00ea;<\/span><\/p>\n<p><span style=\"font-weight: 400;\">\u2013 Parques de divers\u00e3o, discotecas, boliches, sinuca;<\/span><\/p>\n<p><span style=\"font-weight: 400;\">\u2013 Bares com entretenimento (shows e espet\u00e1culos);<\/span><\/p>\n<p><span style=\"font-weight: 400;\">\u2013 Servi\u00e7os de coloca\u00e7\u00e3o de piercings e tatuagens.<\/span><\/p>\n<p><b>Mudan\u00e7as no hor\u00e1rio dos shopping<\/b><\/p>\n<p><span style=\"font-weight: 400;\">O colegiado decretou tamb\u00e9m a altera\u00e7\u00e3o no hor\u00e1rio de funcionamento dos shoppings no munic\u00edpio. Foi definido que os estabelecimentos poder\u00e3o abrir a partir das 11h e fechar\u00e3o \u00e0s 23h00, de segunda a sexta-feira. Nos fins de semana ser\u00e1 das 10h \u00e0s 22h00. A mudan\u00e7a foi avaliada ap\u00f3s o Governo de Minas autorizar a amplia\u00e7\u00e3o dos locais.\u00a0<\/span><\/p>\n<p><b>Poss\u00edvel volta das escolas<\/b><\/p>\n<p><span style=\"font-weight: 400;\">Diante do avan\u00e7o para a \u2018Onda Verde\u2019, a Prefeitura poder\u00e1 autorizar o retorno das escolas em todo o munic\u00edpio. Por\u00e9m, ser\u00e1 feita uma comiss\u00e3o para debater sobre o assunto, paralelamente ao Sindicato dos Estabelecimentos Particulares de Ensino da Regi\u00e3o Sudeste de Minas Gerais (Sinepe). A situa\u00e7\u00e3o das escolas ser\u00e1 discutida em reuni\u00e3o a ser realizada na pr\u00f3xima quinta-feira (22).<\/span><\/p>\n<p><b>Aglomera\u00e7\u00e3o<\/b><\/p>\n<p><span style=\"font-weight: 400;\">Outro ponto analisado pelo Comit\u00ea, foi sobre a quest\u00e3o da concentra\u00e7\u00e3o de pessoas, cuja limita\u00e7\u00e3o ser\u00e1 feita atrav\u00e9s de metragem. Em eventos abertos, a medida ser\u00e1 manter o distanciamento de 4 m\u00b2 e nos locais fechados, a dist\u00e2ncia obrigat\u00f3ria \u00e9 de 10 m\u00b2.<\/span><\/p>\n<p><span style=\"font-weight: 400;\">Todavia, essa mudan\u00e7a n\u00e3o ser\u00e1 v\u00e1lida apenas para eventos vinculados necessariamente \u00e0s autoriza\u00e7\u00f5es municipais, apenas para cursos, reuni\u00f5es e outros. Diante disso, todo evento que acomoda grande aglomera\u00e7\u00e3o, precisar\u00e1 do alvar\u00e1 e a limita\u00e7\u00e3o permanece para 30 pessoas.<\/span><\/p>\n","protected":false},"excerpt":{"rendered":"<p>O Comit\u00ea Municipal de Enfrentamento e Preven\u00e7\u00e3o \u00e0 Covid-19, se reuniu na noite de quinta-feira (15) e os membros da equipe, junto com o prefeito Ant\u00f4nio Almas (PSDB), aprovaram o avan\u00e7o de Juiz de Fora para a \u2018Onda Verde\u2019 do Programa Minas Consciente. Esta fase \u00e9 a menos restritiva e estar\u00e1 em vigor a partir [&hellip;]<\/p>\n","protected":false},"author":96,"featured_media":171138,"comment_status":"closed","ping_status":"closed","sticky":false,"template":"","format":"standard","meta":{"footnotes":""},"categories":[253,436,440,439],"tags":[],"class_list":["post-171137","post","type-post","status-publish","format-standard","has-post-thumbnail","hentry","category-cidade","category-destaque-da-semana","category-destaques-do-dia","category-ultima-hora"],"_links":{"self":[{"href":"https:\/\/diarioregionaldigital.com.br\/index.php?rest_route=\/wp\/v2\/posts\/171137","targetHints":{"allow":["GET"]}}],"collection":[{"href":"https:\/\/diarioregionaldigital.com.br\/index.php?rest_route=\/wp\/v2\/posts"}],"about":[{"href":"https:\/\/diarioregionaldigital.com.br\/index.php?rest_route=\/wp\/v2\/types\/post"}],"author":[{"embeddable":true,"href":"https:\/\/diarioregionaldigital.com.br\/index.php?rest_route=\/wp\/v2\/users\/96"}],"replies":[{"embeddable":true,"href":"https:\/\/diarioregionaldigital.com.br\/index.php?rest_route=%2Fwp%2Fv2%2Fcomments&post=171137"}],"version-history":[{"count":0,"href":"https:\/\/diarioregionaldigital.com.br\/index.php?rest_route=\/wp\/v2\/posts\/171137\/revisions"}],"wp:featuredmedia":[{"embeddable":true,"href":"https:\/\/diarioregionaldigital.com.br\/index.php?rest_route=\/wp\/v2\/media\/171138"}],"wp:attachment":[{"href":"https:\/\/diarioregionaldigital.com.br\/index.php?rest_route=%2Fwp%2Fv2%2Fmedia&parent=171137"}],"wp:term":[{"taxonomy":"category","embeddable":true,"href":"https:\/\/diarioregionaldigital.com.br\/index.php?rest_route=%2Fwp%2Fv2%2Fcategories&post=171137"},{"taxonomy":"post_tag","embeddable":true,"href":"https:\/\/diarioregionaldigital.com.br\/index.php?rest_route=%2Fwp%2Fv2%2Ftags&post=171137"}],"curies":[{"name":"wp","href":"https:\/\/api.w.org\/{rel}","templated":true}]}}