{"id":171133,"date":"2020-10-16T11:05:31","date_gmt":"2020-10-16T14:05:31","guid":{"rendered":"https:\/\/diarioregionaldigital.com.br\/?p=171133"},"modified":"2020-10-16T11:05:31","modified_gmt":"2020-10-16T14:05:31","slug":"homem-e-assaltado-em-local-de-trabalho-no-guarua","status":"publish","type":"post","link":"https:\/\/diarioregionaldigital.com.br\/?p=171133","title":{"rendered":"Homem \u00e9 assaltado em local de trabalho no Guaru\u00e1"},"content":{"rendered":"<p>Na manh\u00e3 de quinta-feira (16), um homem de 35 anos, relatou \u00e0 Pol\u00edcia Militar (PM), que ao entrar no local em que trabalha no Bairro Guaru\u00e1 (Regi\u00e3o Central), foi abordado por um indiv\u00edduo, aparentando 30 anos de idade, e o mesmo estava com posse de rev\u00f3lver cromado calibre 32 ou 38. O autor anunciou o assalto e apontou a arma na cabe\u00e7a da v\u00edtima, fazendo amea\u00e7as de more. Logo em seguida, ele roubou um cord\u00e3o de ouro, uma pulseira de ouro e uma carteira contendo R$ 600,00. Ap\u00f3s o ato, o indiv\u00edduo fugiu em dire\u00e7\u00e3o ao Bairro Solidariedade (Regi\u00e3o Sudeste).<\/p>\n<p>Com informa\u00e7\u00f5es em m\u00e3os, a guarni\u00e7\u00e3o da PM realizou dilig\u00eancias pelo local e uma testemunha an\u00f4nima falou sobre o apelido do autor do crime, bem como endere\u00e7o de sua resid\u00eancia. Os policiais se deslocaram ao referido im\u00f3vel e foram recebidos pela esposa do suspeito, entretanto, este n\u00e3o estava presente. Segue o trabalho de rastreamento.<\/p>\n","protected":false},"excerpt":{"rendered":"<p>Na manh\u00e3 de quinta-feira (16), um homem de 35 anos, relatou \u00e0 Pol\u00edcia Militar (PM), que ao entrar no local em que trabalha no Bairro Guaru\u00e1 (Regi\u00e3o Central), foi abordado por um indiv\u00edduo, aparentando 30 anos de idade, e o mesmo estava com posse de rev\u00f3lver cromado calibre 32 ou 38. O autor anunciou o [&hellip;]<\/p>\n","protected":false},"author":96,"featured_media":165308,"comment_status":"closed","ping_status":"closed","sticky":false,"template":"","format":"standard","meta":{"footnotes":""},"categories":[301,436,439],"tags":[],"class_list":["post-171133","post","type-post","status-publish","format-standard","has-post-thumbnail","hentry","category-artigos-policiais","category-destaque-da-semana","category-ultima-hora"],"_links":{"self":[{"href":"https:\/\/diarioregionaldigital.com.br\/index.php?rest_route=\/wp\/v2\/posts\/171133","targetHints":{"allow":["GET"]}}],"collection":[{"href":"https:\/\/diarioregionaldigital.com.br\/index.php?rest_route=\/wp\/v2\/posts"}],"about":[{"href":"https:\/\/diarioregionaldigital.com.br\/index.php?rest_route=\/wp\/v2\/types\/post"}],"author":[{"embeddable":true,"href":"https:\/\/diarioregionaldigital.com.br\/index.php?rest_route=\/wp\/v2\/users\/96"}],"replies":[{"embeddable":true,"href":"https:\/\/diarioregionaldigital.com.br\/index.php?rest_route=%2Fwp%2Fv2%2Fcomments&post=171133"}],"version-history":[{"count":0,"href":"https:\/\/diarioregionaldigital.com.br\/index.php?rest_route=\/wp\/v2\/posts\/171133\/revisions"}],"wp:featuredmedia":[{"embeddable":true,"href":"https:\/\/diarioregionaldigital.com.br\/index.php?rest_route=\/wp\/v2\/media\/165308"}],"wp:attachment":[{"href":"https:\/\/diarioregionaldigital.com.br\/index.php?rest_route=%2Fwp%2Fv2%2Fmedia&parent=171133"}],"wp:term":[{"taxonomy":"category","embeddable":true,"href":"https:\/\/diarioregionaldigital.com.br\/index.php?rest_route=%2Fwp%2Fv2%2Fcategories&post=171133"},{"taxonomy":"post_tag","embeddable":true,"href":"https:\/\/diarioregionaldigital.com.br\/index.php?rest_route=%2Fwp%2Fv2%2Ftags&post=171133"}],"curies":[{"name":"wp","href":"https:\/\/api.w.org\/{rel}","templated":true}]}}