{"id":171130,"date":"2020-10-16T10:52:58","date_gmt":"2020-10-16T13:52:58","guid":{"rendered":"https:\/\/diarioregionaldigital.com.br\/?p=171130"},"modified":"2020-10-16T10:52:58","modified_gmt":"2020-10-16T13:52:58","slug":"estado-ultrapassa-a-marca-de-330-mil-pessoas-infectadas-pelo-coronavirus","status":"publish","type":"post","link":"https:\/\/diarioregionaldigital.com.br\/?p=171130","title":{"rendered":"Estado ultrapassa a marca de 330 mil pessoas infectadas pelo Coronav\u00edrus"},"content":{"rendered":"<p>A Secretaria de Estado da Sa\u00fade de Minas Gerais (SES-MG), publicou nesta sexta-feira (16), mais uma atualiza\u00e7\u00e3o do <a href=\"https:\/\/www.saude.mg.gov.br\/images\/1_noticias\/10_2020\/2_out-nov-dez\/16-01_Boletim-Epidemiologico_COVID-19.pdf\">boletim epidemiol\u00f3gico<\/a> referente ao Coronav\u00edrus. Os dados apontam que nas \u00faltimas 24h, o estado obteve 3.031 novos casos da doen\u00e7a, totalizando 331.433 pessoas infectadas.<\/p>\n<p>De acordo com o levantamento, foram contabilizadas mais 78 mortes, acumulando 8.345 \u00f3bitos. Os dados indicam que 4.736 v\u00edtimas s\u00e3o do sexo masculino e 3.609 s\u00e3o do feminino. Al\u00e9m disso, 298.991 pacientes est\u00e3o recuperados da doen\u00e7a, representando 90,2% dos casos e 24.097 fazem acompanhamento m\u00e9dico.<\/p>\n<p>Conforme a SES-MG, foram feitos 158.608 testes laboratoriais, sendo que 41.268 deram positivo, 113.453 deram negativo e 816 est\u00e3o sob an\u00e1lise. Quanto aos dados de hospitaliza\u00e7\u00e3o, 32.593 pessoas est\u00e3o internadas e 298.040 est\u00e3o em isolamento domiciliar.<\/p>\n","protected":false},"excerpt":{"rendered":"<p>A Secretaria de Estado da Sa\u00fade de Minas Gerais (SES-MG), publicou nesta sexta-feira (16), mais uma atualiza\u00e7\u00e3o do boletim epidemiol\u00f3gico referente ao Coronav\u00edrus. Os dados apontam que nas \u00faltimas 24h, o estado obteve 3.031 novos casos da doen\u00e7a, totalizando 331.433 pessoas infectadas. De acordo com o levantamento, foram contabilizadas mais 78 mortes, acumulando 8.345 \u00f3bitos. [&hellip;]<\/p>\n","protected":false},"author":96,"featured_media":171125,"comment_status":"closed","ping_status":"closed","sticky":false,"template":"","format":"standard","meta":{"footnotes":""},"categories":[436,440,252,439],"tags":[],"class_list":["post-171130","post","type-post","status-publish","format-standard","has-post-thumbnail","hentry","category-destaque-da-semana","category-destaques-do-dia","category-regiao","category-ultima-hora"],"_links":{"self":[{"href":"https:\/\/diarioregionaldigital.com.br\/index.php?rest_route=\/wp\/v2\/posts\/171130","targetHints":{"allow":["GET"]}}],"collection":[{"href":"https:\/\/diarioregionaldigital.com.br\/index.php?rest_route=\/wp\/v2\/posts"}],"about":[{"href":"https:\/\/diarioregionaldigital.com.br\/index.php?rest_route=\/wp\/v2\/types\/post"}],"author":[{"embeddable":true,"href":"https:\/\/diarioregionaldigital.com.br\/index.php?rest_route=\/wp\/v2\/users\/96"}],"replies":[{"embeddable":true,"href":"https:\/\/diarioregionaldigital.com.br\/index.php?rest_route=%2Fwp%2Fv2%2Fcomments&post=171130"}],"version-history":[{"count":0,"href":"https:\/\/diarioregionaldigital.com.br\/index.php?rest_route=\/wp\/v2\/posts\/171130\/revisions"}],"wp:featuredmedia":[{"embeddable":true,"href":"https:\/\/diarioregionaldigital.com.br\/index.php?rest_route=\/wp\/v2\/media\/171125"}],"wp:attachment":[{"href":"https:\/\/diarioregionaldigital.com.br\/index.php?rest_route=%2Fwp%2Fv2%2Fmedia&parent=171130"}],"wp:term":[{"taxonomy":"category","embeddable":true,"href":"https:\/\/diarioregionaldigital.com.br\/index.php?rest_route=%2Fwp%2Fv2%2Fcategories&post=171130"},{"taxonomy":"post_tag","embeddable":true,"href":"https:\/\/diarioregionaldigital.com.br\/index.php?rest_route=%2Fwp%2Fv2%2Ftags&post=171130"}],"curies":[{"name":"wp","href":"https:\/\/api.w.org\/{rel}","templated":true}]}}