{"id":171127,"date":"2020-10-16T10:48:02","date_gmt":"2020-10-16T13:48:02","guid":{"rendered":"https:\/\/diarioregionaldigital.com.br\/?p=171127"},"modified":"2020-10-16T10:48:02","modified_gmt":"2020-10-16T13:48:02","slug":"aumento-da-letalidade-de-covid-19-em-juiz-de-fora-preocupa-pesquisadores","status":"publish","type":"post","link":"https:\/\/diarioregionaldigital.com.br\/?p=171127","title":{"rendered":"Aumento da letalidade de Covid-19 em Juiz de Fora preocupa pesquisadores"},"content":{"rendered":"<p>Foi publicado o d\u00e9cimo segundo Boletim Informativo da plataforma JF Salvando Todos divulga an\u00e1lises estat\u00edsticas da pandemia de Covid-19, com foco em Juiz de Fora e regi\u00e3o. Em sua edi\u00e7\u00e3o mais recente, o documento exp\u00f5e e interpreta dados acerca do impacto do coronav\u00edrus, destacando a preocupa\u00e7\u00e3o dos pesquisadores da Universidade Federal de Juiz de Fora (UFJF) em rela\u00e7\u00e3o ao crescimento na taxa de letalidade de Covid-19 na cidade.<\/p>\n<p>\u201cPercebemos esse aumento do n\u00famero de \u00f3bitos ap\u00f3s o feriado de 7 de setembro, veio acompanhado de uma queda na ades\u00e3o ao isolamento social. Houve um grande pico no n\u00famero de \u00f3bitos h\u00e1 duas semanas e agora, na semana passada, outro registro muito alto de falecimentos\u201d, relata o professor Marcel Vieira, um dos pesquisadores envolvidos na produ\u00e7\u00e3o do documento. No dia 28 de setembro, Juiz de Fora registrava 5.970 casos confirmados de Covid-19 e contabilizava 213 vidas perdidas. J\u00e1 no dia 12 de outubro, os n\u00fameros passaram para 6.416 e 242 \u2013 ou seja, durante o per\u00edodo de duas semanas, os dados oficiais demonstram um aumento de 7,5% de casos e 13,6% de mortes.<\/p>\n<p>Embora a distribui\u00e7\u00e3o de diagn\u00f3sticos positivos mostre que a maioria dos casos de Covid-19 foram confirmados em pessoas da faixa et\u00e1ria de 20 a 59 anos de idade, tanto em Juiz de Fora quanto na Zona da Mata mineira (68% e 73%, respectivamente), a an\u00e1lise de \u00f3bitos na cidade indica que 80% das vidas perdidas correspondem a pacientes acima de 60 anos. Na Zona da Mata, o percentual \u00e9 ainda maior: 82%.<\/p>\n<p><strong>De semana a semana<\/strong><\/p>\n<p>Na mais recente semana epidemiol\u00f3gica analisada pelo boletim, correspondente ao per\u00edodo entre os dias 4 e 10 de outubro, Juiz de Fora registrou 209 diagn\u00f3sticos de coronav\u00edrus e 16 \u00f3bitos causados pela Covid-19. Os n\u00fameros representam redu\u00e7\u00f5es de 17% de casos e 20% de mortes em rela\u00e7\u00e3o \u00e0 semana anterior (abarcando de 27 de setembro a 3 de outubro). Os pesquisadores alertam que, apesar da diminui\u00e7\u00e3o percentual entre uma semana e outra, os n\u00fameros, especialmente o de vidas perdidas, s\u00e3o elevados e alarmantes. Os resultados p\u00f3s-feriado de 12 de outubro ser\u00e3o obtidos e analisados no pr\u00f3ximo boletim; o documento \u00e9 publicado quinzenalmente.<\/p>\n<p>O pesquisador Marcel Vieira explica que, por meio de relat\u00f3rios acerca do deslocamento da popula\u00e7\u00e3o na cidade, fornecidos pelo Google Mobility, \u00e9 poss\u00edvel constatar o enfraquecimento do isolamento social. De acordo com os dados, n\u00e3o trata-se somente da movimenta\u00e7\u00e3o de pessoas retornando ao trabalho presencial, mas tamb\u00e9m diz respeito ao aumento de idas para locais de lazer, recrea\u00e7\u00e3o, varejo, transporte (sejam pontos municipais ou rodovi\u00e1rios) e vendas, especialmente farmac\u00eauticas e aliment\u00edcias.<\/p>\n<p>\u201cEntendemos que \u00e9 uma situa\u00e7\u00e3o que persiste por meses e, possivelmente, as pessoas est\u00e3o demonstrando uma certa fadiga, um cansa\u00e7o at\u00e9 mesmo emocional de ficar em casa. Ainda assim, tendo em vista os n\u00fameros que observamos em Juiz de Fora, \u00e9 importante refor\u00e7ar a necessidade das medidas de prote\u00e7\u00e3o para aqueles que continuam em condi\u00e7\u00e3o de manter o isolamento, evitar aglomera\u00e7\u00f5es, permanecer com o uso das m\u00e1scaras e com os cuidado de higieniza\u00e7\u00e3o\u201d, frisa Vieira.<\/p>\n<p><strong>Fonte:\u00a0<\/strong>Assessoria<\/p>\n","protected":false},"excerpt":{"rendered":"<p>Foi publicado o d\u00e9cimo segundo Boletim Informativo da plataforma JF Salvando Todos divulga an\u00e1lises estat\u00edsticas da pandemia de Covid-19, com foco em Juiz de Fora e regi\u00e3o. Em sua edi\u00e7\u00e3o mais recente, o documento exp\u00f5e e interpreta dados acerca do impacto do coronav\u00edrus, destacando a preocupa\u00e7\u00e3o dos pesquisadores da Universidade Federal de Juiz de Fora [&hellip;]<\/p>\n","protected":false},"author":96,"featured_media":171128,"comment_status":"closed","ping_status":"closed","sticky":false,"template":"","format":"standard","meta":{"footnotes":""},"categories":[253,436,440,439],"tags":[],"class_list":["post-171127","post","type-post","status-publish","format-standard","has-post-thumbnail","hentry","category-cidade","category-destaque-da-semana","category-destaques-do-dia","category-ultima-hora"],"_links":{"self":[{"href":"https:\/\/diarioregionaldigital.com.br\/index.php?rest_route=\/wp\/v2\/posts\/171127","targetHints":{"allow":["GET"]}}],"collection":[{"href":"https:\/\/diarioregionaldigital.com.br\/index.php?rest_route=\/wp\/v2\/posts"}],"about":[{"href":"https:\/\/diarioregionaldigital.com.br\/index.php?rest_route=\/wp\/v2\/types\/post"}],"author":[{"embeddable":true,"href":"https:\/\/diarioregionaldigital.com.br\/index.php?rest_route=\/wp\/v2\/users\/96"}],"replies":[{"embeddable":true,"href":"https:\/\/diarioregionaldigital.com.br\/index.php?rest_route=%2Fwp%2Fv2%2Fcomments&post=171127"}],"version-history":[{"count":0,"href":"https:\/\/diarioregionaldigital.com.br\/index.php?rest_route=\/wp\/v2\/posts\/171127\/revisions"}],"wp:featuredmedia":[{"embeddable":true,"href":"https:\/\/diarioregionaldigital.com.br\/index.php?rest_route=\/wp\/v2\/media\/171128"}],"wp:attachment":[{"href":"https:\/\/diarioregionaldigital.com.br\/index.php?rest_route=%2Fwp%2Fv2%2Fmedia&parent=171127"}],"wp:term":[{"taxonomy":"category","embeddable":true,"href":"https:\/\/diarioregionaldigital.com.br\/index.php?rest_route=%2Fwp%2Fv2%2Fcategories&post=171127"},{"taxonomy":"post_tag","embeddable":true,"href":"https:\/\/diarioregionaldigital.com.br\/index.php?rest_route=%2Fwp%2Fv2%2Ftags&post=171127"}],"curies":[{"name":"wp","href":"https:\/\/api.w.org\/{rel}","templated":true}]}}