{"id":171118,"date":"2020-10-16T10:37:51","date_gmt":"2020-10-16T13:37:51","guid":{"rendered":"https:\/\/diarioregionaldigital.com.br\/?p=171118"},"modified":"2020-10-16T10:37:51","modified_gmt":"2020-10-16T13:37:51","slug":"brasileiros-rodrygo-e-vinicius-jr-sao-candidatos-ao-premio-golden-boy-2020","status":"publish","type":"post","link":"https:\/\/diarioregionaldigital.com.br\/?p=171118","title":{"rendered":"Brasileiros Rodrygo e Vin\u00edcius Jr. s\u00e3o candidatos ao pr\u00eamio Golden Boy 2020"},"content":{"rendered":"<p>Os jogadores Rodrygo e Vin\u00edcius Junior, do Real Madrid, avan\u00e7aram para a fase final da premia\u00e7\u00e3o Golden Boy 2020, honraria dada pelo jornal italiano Tuttosport, o qual elege o melhor atleta com idade de at\u00e9 21 anos e que esteja atuando no futebol europeu. Os dois brasileiros concorrem ao pr\u00eamio junto com outros 20 jogadores e o vencedor ser\u00e1 definido por um painel de 40 jornalistas escolhidos pela publica\u00e7\u00e3o italiana.<\/p>\n<p>Os dois atacantes, que jogam no Real Madrid, da Espanha, defenderam recentemente a Sele\u00e7\u00e3o Brasileira. Rodrygo esteve na convoca\u00e7\u00e3o para as duas primeiras rodadas das Eliminat\u00f3rias da Copa do Mundo FIFA Catar 2022, enquanto Vinicius J\u00fanior esteve em jogos preparat\u00f3rios da Sele\u00e7\u00e3o no ano passado.<\/p>\n<p>Na Sele\u00e7\u00e3o Brasileira, os dois jogadores tiveram passagens pelas categorias de base. Vin\u00edcius disputou os Sul-Americanos Sub-15 e Sub-17 de 2015 e 2017, respectivamente, enquanto Rodrygo esteve no Sul-Americano Sub-20 de 2019. Ele esteve presente tamb\u00e9m em jogos preparat\u00f3rios pela Sele\u00e7\u00e3o Ol\u00edmpica no ano passado. No caso de Vini Jr., ele chegou a ser convocado pelo t\u00e9cnico Andr\u00e9 Jardine para a Sele\u00e7\u00e3o Sub-17, entretanto todos os jogos foram cancelados por conta da pandemia do Coronav\u00edrus.<\/p>\n<p><u>Confira a lista completa do Golden Boy 2020:<\/u><\/p>\n<p>Alphonso Davies (Canad\u00e1)<\/p>\n<p>Ansu Fati (Espanha)<\/p>\n<p>Bukayo Saka (Inglaterra)<\/p>\n<p>Callum Hudson-Odoi (Inglaterra)<\/p>\n<p>Dejan Kulusevski (Su\u00e9cia)<\/p>\n<p>Dominik Szoboszlai (Hungria)<\/p>\n<p>Eduardo Camavinga (Fran\u00e7a)<\/p>\n<p>Erling Haaland (Noruega)<\/p>\n<p>F\u00e1bio Silva (Portugal)<\/p>\n<p>Ferr\u00e1n Torres (Espanha)<\/p>\n<p>Jadon Sancho (Inglaterra)<\/p>\n<p>Jonathan Christian David (Canad\u00e1)<\/p>\n<p>Mason Greenwood (Inglaterra)<\/p>\n<p>Mitchel Bakker (Pa\u00edses Baixos)<\/p>\n<p>Phil Foden (Inglaterra)<\/p>\n<p><strong>Rodrygo (Brasil)<\/strong><\/p>\n<p>Ryan Gravenberch (Pa\u00edses Baixos)<\/p>\n<p>Sandro Tonali (It\u00e1lia)<\/p>\n<p>Sergino Dest (Estados Unidos)<\/p>\n<p><strong>Vin\u00edcius J\u00fanior (Brasil)<\/strong><\/p>\n<p>&nbsp;<\/p>\n","protected":false},"excerpt":{"rendered":"<p>Os jogadores Rodrygo e Vin\u00edcius Junior, do Real Madrid, avan\u00e7aram para a fase final da premia\u00e7\u00e3o Golden Boy 2020, honraria dada pelo jornal italiano Tuttosport, o qual elege o melhor atleta com idade de at\u00e9 21 anos e que esteja atuando no futebol europeu. Os dois brasileiros concorrem ao pr\u00eamio junto com outros 20 jogadores [&hellip;]<\/p>\n","protected":false},"author":96,"featured_media":171119,"comment_status":"closed","ping_status":"closed","sticky":false,"template":"","format":"standard","meta":{"footnotes":""},"categories":[436,257,439],"tags":[],"class_list":["post-171118","post","type-post","status-publish","format-standard","has-post-thumbnail","hentry","category-destaque-da-semana","category-esporte","category-ultima-hora"],"_links":{"self":[{"href":"https:\/\/diarioregionaldigital.com.br\/index.php?rest_route=\/wp\/v2\/posts\/171118","targetHints":{"allow":["GET"]}}],"collection":[{"href":"https:\/\/diarioregionaldigital.com.br\/index.php?rest_route=\/wp\/v2\/posts"}],"about":[{"href":"https:\/\/diarioregionaldigital.com.br\/index.php?rest_route=\/wp\/v2\/types\/post"}],"author":[{"embeddable":true,"href":"https:\/\/diarioregionaldigital.com.br\/index.php?rest_route=\/wp\/v2\/users\/96"}],"replies":[{"embeddable":true,"href":"https:\/\/diarioregionaldigital.com.br\/index.php?rest_route=%2Fwp%2Fv2%2Fcomments&post=171118"}],"version-history":[{"count":0,"href":"https:\/\/diarioregionaldigital.com.br\/index.php?rest_route=\/wp\/v2\/posts\/171118\/revisions"}],"wp:featuredmedia":[{"embeddable":true,"href":"https:\/\/diarioregionaldigital.com.br\/index.php?rest_route=\/wp\/v2\/media\/171119"}],"wp:attachment":[{"href":"https:\/\/diarioregionaldigital.com.br\/index.php?rest_route=%2Fwp%2Fv2%2Fmedia&parent=171118"}],"wp:term":[{"taxonomy":"category","embeddable":true,"href":"https:\/\/diarioregionaldigital.com.br\/index.php?rest_route=%2Fwp%2Fv2%2Fcategories&post=171118"},{"taxonomy":"post_tag","embeddable":true,"href":"https:\/\/diarioregionaldigital.com.br\/index.php?rest_route=%2Fwp%2Fv2%2Ftags&post=171118"}],"curies":[{"name":"wp","href":"https:\/\/api.w.org\/{rel}","templated":true}]}}