{"id":171115,"date":"2020-10-16T10:36:15","date_gmt":"2020-10-16T13:36:15","guid":{"rendered":"https:\/\/diarioregionaldigital.com.br\/?p=171115"},"modified":"2020-10-16T10:36:15","modified_gmt":"2020-10-16T13:36:15","slug":"covid-19-prioridade-sera-de-vacina-em-fase-mais-avancada-diz-governo","status":"publish","type":"post","link":"https:\/\/diarioregionaldigital.com.br\/?p=171115","title":{"rendered":"Covid-19: prioridade ser\u00e1 de vacina em fase mais avan\u00e7ada, diz governo"},"content":{"rendered":"<p>O secret\u00e1rio executivo do Minist\u00e9rio da Sa\u00fade, Elcio Franco, afirmou na quinta-feira (15) que a pasta acompanha o desenvolvimento de mais de 200 vacinas em fase de produ\u00e7\u00e3o em todo o mundo para o combate \u00e0 covid-19.<\/p>\n<p>\u201cEstamos aderindo a qualquer iniciativa de desenvolvimento de vacinas que nos ofere\u00e7a seguran\u00e7a, efic\u00e1cia e que fique pronta antes, ou seja, em um prazo mais curto, que tenha produ\u00e7\u00e3o em escala em quantidade para imunizar a popula\u00e7\u00e3o brasileira, a ser inserida no Programa Nacional de Imuniza\u00e7\u00f5es\u201d, disse.<\/p>\n<p>Segundo Franco, nenhuma vacina em estudo est\u00e1 descartada e a prioridade est\u00e1 naquelas em fase mais adiantada de testes. Entre os crit\u00e9rios da pasta para a aquisi\u00e7\u00e3o est\u00e1 a seguran\u00e7a da vacina, &#8220;efic\u00e1cia, produ\u00e7\u00e3o no mais curto prazo, produ\u00e7\u00e3o em escala que atenda as nossas necessidades e pre\u00e7o acess\u00edvel que esteja sendo praticado em mercado&#8221;, afirmou.<\/p>\n<p>Em setembro, o governo tamb\u00e9m anunciou o investimento de R$ 2,5 bilh\u00f5es para a entrada do pa\u00eds na Covax Facility. Dessa forma, espera-se que o pa\u00eds possa comprar imunizantes para garantir a prote\u00e7\u00e3o de 10% da popula\u00e7\u00e3o at\u00e9 o final de 2021, o que permite atender popula\u00e7\u00f5es consideradas priorit\u00e1rias.<\/p>\n<p>\u201cCom rela\u00e7\u00e3o \u00e0 iniciativa Covax-Facility, n\u00f3s ainda n\u00e3o temos um cronograma. Estamos acompanhando a todos os laborat\u00f3rios. Mas existe uma previs\u00e3o, um progn\u00f3stico de que teremos o acesso a 40 milh\u00f5es de doses de vacina durante o primeiro semestre de 2021\u201d, explicou Franco.<\/p>\n<p>Pelo cronograma da pasta, a perspectiva \u00e9 de 100 milh\u00f5es de doses da vacina Oxford\/AstraZeneca-Fiocruz no primeiro semestre de 2021 e outras 110 milh\u00f5es de doses adicionais no segundo semestre de 2012.<\/p>\n<p>\u201cUma encomenda tecnol\u00f3gica foi feita, n\u00e3o \u00e9 uma aquisi\u00e7\u00e3o. Essa encomenda tecnol\u00f3gica vai proporcionar um escalonamento de cerca de 100 milh\u00f5es de doses de vacina e de uma transfer\u00eancia de tecnologia a ser absorvida pela Fiocruz. Essa transfer\u00eancia de tecnologia possibilitar\u00e1 a produ\u00e7\u00e3o do insumo ou do ingrediente farmac\u00eautico para a produ\u00e7\u00e3o de vacinas. Isso vai ocorrer no m\u00eas de abril\u201d, detalhou o secret\u00e1rio.<\/p>\n<h2><strong>Balan\u00e7o<\/strong><\/h2>\n<p>De acordo com balan\u00e7o apresentado hoje, o governo repassou a estados e munic\u00edpios R$ 29,7 bilh\u00f5es por meio de cr\u00e9dito extraordin\u00e1rio para a\u00e7\u00f5es de enfrentamento \u00e0 covid-19. Deste valor, R$ 9,8 bilh\u00f5es foram destinados para estados e R$ 19,9 para munic\u00edpios.<\/p>\n<p>Os gestores do \u00f3rg\u00e3o presentes na entrevista informaram que foram entregues at\u00e9 o momento 11.218 ventiladores pulmonares.<\/p>\n<p>A pasta j\u00e1 habilitou 15.144 leitos de UTI em estados e munic\u00edpios, dos quais prorrogou 8.827 exclusivamente para covid-19. Para isso, foram repassados R$ 2,6 bilh\u00f5es. A habilita\u00e7\u00e3o \u00e9 um custeio de parte das despesas de manuten\u00e7\u00e3o dessa estrutura, enquanto as secretarias locais devem arcar com os profissionais e com outros tipos de gastos.<\/p>\n<p>Foram habilitados tamb\u00e9m 1.371 leitos de suporte ventilat\u00f3rio para covid-19, consideradas estruturas intermedi\u00e1rias de atendimento dos pacientes, com menos recursos do que os leitos de UTI.<\/p>\n<p>Ao todo, foram entregues 281,2 milh\u00f5es de unidades de Equipamentos de Prote\u00e7\u00e3o Individual (EPI). Al\u00e9m disso, foram distribu\u00eddas 24 milh\u00f5es de unidades de medicamentos.<\/p>\n<p>O balan\u00e7o dos testes teve at\u00e9 o momento 6,5 milh\u00f5es de kits RT-PCR (laboratoriais) distribu\u00eddos a estados e munic\u00edpios e 3,3 milh\u00f5es analisados. J\u00e1 se considerados os testes r\u00e1pidos (sorol\u00f3gicos), foram repassados 8 milh\u00f5es e realizados 7,5 milh\u00f5es.<\/p>\n<p>O balan\u00e7o dos testes teve at\u00e9 o momento 7,6 milh\u00f5es de kits RT-PCR (laboratoriais) distribu\u00eddos a estados e munic\u00edpios e 4,4 milh\u00f5es analisados. Segundo a pasta, incluindo testes sorol\u00f3gicos e os de tipo r\u00e1pido (anticorpo e ant\u00edgeno), foram realizados mais de 17 milh\u00f5es de testes.<\/p>\n<p>Contudo, vale lembrar que apenas os testes laboratoriais servem para diagn\u00f3stico fiel da infec\u00e7\u00e3o, enquanto os testes r\u00e1pidos contribuem para avaliar a evolu\u00e7\u00e3o da pandemia nos locais e se o indiv\u00edduo j\u00e1 pegou a doen\u00e7a.<\/p>\n<p><strong>Fonte:\u00a0<\/strong>Ag\u00eancia Brasil<\/p>\n","protected":false},"excerpt":{"rendered":"<p>O secret\u00e1rio executivo do Minist\u00e9rio da Sa\u00fade, Elcio Franco, afirmou na quinta-feira (15) que a pasta acompanha o desenvolvimento de mais de 200 vacinas em fase de produ\u00e7\u00e3o em todo o mundo para o combate \u00e0 covid-19. \u201cEstamos aderindo a qualquer iniciativa de desenvolvimento de vacinas que nos ofere\u00e7a seguran\u00e7a, efic\u00e1cia e que fique pronta [&hellip;]<\/p>\n","protected":false},"author":96,"featured_media":171116,"comment_status":"closed","ping_status":"closed","sticky":false,"template":"","format":"standard","meta":{"footnotes":""},"categories":[436,440,254,439],"tags":[],"class_list":["post-171115","post","type-post","status-publish","format-standard","has-post-thumbnail","hentry","category-destaque-da-semana","category-destaques-do-dia","category-politica","category-ultima-hora"],"_links":{"self":[{"href":"https:\/\/diarioregionaldigital.com.br\/index.php?rest_route=\/wp\/v2\/posts\/171115","targetHints":{"allow":["GET"]}}],"collection":[{"href":"https:\/\/diarioregionaldigital.com.br\/index.php?rest_route=\/wp\/v2\/posts"}],"about":[{"href":"https:\/\/diarioregionaldigital.com.br\/index.php?rest_route=\/wp\/v2\/types\/post"}],"author":[{"embeddable":true,"href":"https:\/\/diarioregionaldigital.com.br\/index.php?rest_route=\/wp\/v2\/users\/96"}],"replies":[{"embeddable":true,"href":"https:\/\/diarioregionaldigital.com.br\/index.php?rest_route=%2Fwp%2Fv2%2Fcomments&post=171115"}],"version-history":[{"count":0,"href":"https:\/\/diarioregionaldigital.com.br\/index.php?rest_route=\/wp\/v2\/posts\/171115\/revisions"}],"wp:featuredmedia":[{"embeddable":true,"href":"https:\/\/diarioregionaldigital.com.br\/index.php?rest_route=\/wp\/v2\/media\/171116"}],"wp:attachment":[{"href":"https:\/\/diarioregionaldigital.com.br\/index.php?rest_route=%2Fwp%2Fv2%2Fmedia&parent=171115"}],"wp:term":[{"taxonomy":"category","embeddable":true,"href":"https:\/\/diarioregionaldigital.com.br\/index.php?rest_route=%2Fwp%2Fv2%2Fcategories&post=171115"},{"taxonomy":"post_tag","embeddable":true,"href":"https:\/\/diarioregionaldigital.com.br\/index.php?rest_route=%2Fwp%2Fv2%2Ftags&post=171115"}],"curies":[{"name":"wp","href":"https:\/\/api.w.org\/{rel}","templated":true}]}}