{"id":171101,"date":"2020-10-16T06:00:04","date_gmt":"2020-10-16T09:00:04","guid":{"rendered":"https:\/\/diarioregionaldigital.com.br\/?p=171101"},"modified":"2020-10-16T02:52:12","modified_gmt":"2020-10-16T05:52:12","slug":"prefeitura-municipal-de-tocantins-dispensa-no59-16-10-2020","status":"publish","type":"post","link":"https:\/\/diarioregionaldigital.com.br\/?p=171101","title":{"rendered":"Prefeitura Municipal de Tocantins &#8211; Dispensa n\u00ba59 &#8211; 16\/10\/2020"},"content":{"rendered":"<p style=\"text-align: center;\"><strong>PREFEITURA MUNICIPAL DE TOCANTINS\/MG<\/strong><\/p>\n<p style=\"text-align: center;\"><strong>Processo n\u00b0 121\/2020<\/strong><\/p>\n<p style=\"text-align: center;\"><strong>Dispensa n\u00b0 059\/2020<\/strong><\/p>\n<p style=\"text-align: center;\"><strong>RATIFICA\u00c7\u00c3O<\/strong><\/p>\n<p style=\"text-align: center;\">\u00a0\u00a0\u00a0\u00a0\u00a0\u00a0\u00a0\u00a0\u00a0\u00a0\u00a0 O Prefeito Municipal de TOCANTINS\/MG, no uso de suas atribui\u00e7\u00f5es legais, com fulcro art. 24, inciso II da Lei n\u00b0 8.666\/93 e suas posteriores altera\u00e7\u00f5es, pelo presente ato, RATIFICA A DISPENSA PARA AQUISI\u00c7\u00c3O DE MOCHILA CONFECCIONADA EM NAYLON 600 E KIT ESCOLAR (L\u00c1PIS DE COR MINI, GIZ DE CERA, CADERNO INFANTIL SEM PAUTA). A JUSTIFICATIVA SE FAZ NECESS\u00c1RIA PARA ATENDER OS ALUNOS MATRICULADOS NAS ESCOLAS E CRECHES MUNICIPAIS DE TOCANTINS MG NO PER\u00cdODO DE COMEMORA\u00c7\u00c3O DO DIA DA CRIAN\u00c7A, VISTO QUE, DEVIDO A PANDEMIA COVID 19, AS AULAS PRESENCIAIS FORAM INTERROMPIDOS.<\/p>\n<p style=\"text-align: center;\"><strong>COELHO E SILVA COMERCIO E SERVI\u00c7OS LTDA\u00a0 &#8211; CNPJ: 10.282.328\/0001-00<\/strong><\/p>\n<p style=\"text-align: center;\">Valor Total de R$ 2.811,00 (dois mil e oitocentos e onze reais)<\/p>\n<p style=\"text-align: center;\"><strong>SIMONE MOREIRA DE MELO &#8211; CNPJ: 22.523.973\/0001-48<\/strong><\/p>\n<p style=\"text-align: center;\">Valor Total de R$ 12.870,00 (doze mil e oitocentos e setenta reais)<\/p>\n<p style=\"text-align: center;\"><strong>VILSON DA SILVA BRUM &#8211; CNPJ: 11.038.785\/0001-08<\/strong><\/p>\n<p style=\"text-align: center;\">Valor Total de R$ 784,00 (setecentos e oitenta e quatro reais)<\/p>\n<p style=\"text-align: center;\">TOCANTINS, 05 de Outubro de 2020.<\/p>\n<p style=\"text-align: center;\"><strong>____________________________________________<\/strong><\/p>\n<p style=\"text-align: center;\"><strong>Ieder Washington de Oliveira<\/strong><\/p>\n<p style=\"text-align: center;\"><strong>Prefeito Municipal<\/strong><\/p>\n","protected":false},"excerpt":{"rendered":"<p>PREFEITURA MUNICIPAL DE TOCANTINS\/MG Processo n\u00b0 121\/2020 Dispensa n\u00b0 059\/2020 RATIFICA\u00c7\u00c3O \u00a0\u00a0\u00a0\u00a0\u00a0\u00a0\u00a0\u00a0\u00a0\u00a0\u00a0 O Prefeito Municipal de TOCANTINS\/MG, no uso de suas atribui\u00e7\u00f5es legais, com fulcro art. 24, inciso II da Lei n\u00b0 8.666\/93 e suas posteriores altera\u00e7\u00f5es, pelo presente ato, RATIFICA A DISPENSA PARA AQUISI\u00c7\u00c3O DE MOCHILA CONFECCIONADA EM NAYLON 600 E KIT ESCOLAR (L\u00c1PIS [&hellip;]<\/p>\n","protected":false},"author":96,"featured_media":0,"comment_status":"closed","ping_status":"closed","sticky":false,"template":"","format":"standard","meta":{"footnotes":""},"categories":[307],"tags":[],"class_list":["post-171101","post","type-post","status-publish","format-standard","hentry","category-editais"],"_links":{"self":[{"href":"https:\/\/diarioregionaldigital.com.br\/index.php?rest_route=\/wp\/v2\/posts\/171101","targetHints":{"allow":["GET"]}}],"collection":[{"href":"https:\/\/diarioregionaldigital.com.br\/index.php?rest_route=\/wp\/v2\/posts"}],"about":[{"href":"https:\/\/diarioregionaldigital.com.br\/index.php?rest_route=\/wp\/v2\/types\/post"}],"author":[{"embeddable":true,"href":"https:\/\/diarioregionaldigital.com.br\/index.php?rest_route=\/wp\/v2\/users\/96"}],"replies":[{"embeddable":true,"href":"https:\/\/diarioregionaldigital.com.br\/index.php?rest_route=%2Fwp%2Fv2%2Fcomments&post=171101"}],"version-history":[{"count":0,"href":"https:\/\/diarioregionaldigital.com.br\/index.php?rest_route=\/wp\/v2\/posts\/171101\/revisions"}],"wp:attachment":[{"href":"https:\/\/diarioregionaldigital.com.br\/index.php?rest_route=%2Fwp%2Fv2%2Fmedia&parent=171101"}],"wp:term":[{"taxonomy":"category","embeddable":true,"href":"https:\/\/diarioregionaldigital.com.br\/index.php?rest_route=%2Fwp%2Fv2%2Fcategories&post=171101"},{"taxonomy":"post_tag","embeddable":true,"href":"https:\/\/diarioregionaldigital.com.br\/index.php?rest_route=%2Fwp%2Fv2%2Ftags&post=171101"}],"curies":[{"name":"wp","href":"https:\/\/api.w.org\/{rel}","templated":true}]}}