{"id":171096,"date":"2020-10-16T06:00:09","date_gmt":"2020-10-16T09:00:09","guid":{"rendered":"https:\/\/diarioregionaldigital.com.br\/?p=171096"},"modified":"2020-10-16T02:44:08","modified_gmt":"2020-10-16T05:44:08","slug":"educacao-3","status":"publish","type":"post","link":"https:\/\/diarioregionaldigital.com.br\/?p=171096","title":{"rendered":"Educa\u00e7\u00e3o"},"content":{"rendered":"<p style=\"text-align: center;\"><strong>Voc\u00ea Sabia?<\/strong><\/p>\n<p style=\"text-align: center;\">Mulheres negras s\u00e3o as mais ativas e as mais vulner\u00e1veis entre os agentes de sa\u00fade no pa\u00eds em que mais morrem enfermeiros no mundo desde o inicio da pandemia de Covid-19 segundo o Conselho Internacional de Enfermeiros. Figura essencial no atendimento a pacientes com Covid-19, o profissional de enfermagem atua em todas as etapas de tratamento e \u00e9 respons\u00e1vel por mais de 90% dos processos do Sistema \u00danico de Sa\u00fade (SUS).<\/p>\n<p style=\"text-align: center;\"><strong>Educa\u00e7\u00e3o<\/strong><\/p>\n<p style=\"text-align: center;\">Os professores Valeska Salgado e Victor Barroso idealizaram um podcast para ajudar os estudantes nas provas de reda\u00e7\u00e3o do Enem e de outros vestibulares. Com a proposta de discutir pensadores, literatura, l\u00edngua portuguesa e atualidades, o canal \u201cQuem somos n\u00f3s na fila do p\u00e3o\u201d, tem em seu primeiro debate, Bauman e a modernidade liquida. Os epis\u00f3dios ser\u00e3o disponibilizados no Spotify.<\/p>\n<p style=\"text-align: center;\"><span style=\"font-size: 14pt;\"><strong>Para Refletir<\/strong><\/span><\/p>\n<p style=\"text-align: center;\">Durante a pandemia notamos que os jovens sonham em produzir algum coisa, s\u00f3 n\u00e3o sabem por onde come\u00e7ar grudam o rosto no celular, s\u00f3 se relacionam de forma virtual, deixaram os amigos de inf\u00e2ncia, pelo caminho e andam ao m\u00e1ximo com um ou dois ap\u00e1ticos que tamb\u00e9m n\u00e3o sabem onde fica a sa\u00edda de emerg\u00eancia dessa bolha. Precisam dos mais velhos que eles chamam de \u201cgrupo de risco\u201d para um empurr\u00e3o imediato.<\/p>\n<div id=\"attachment_171086\" style=\"width: 690px\" class=\"wp-caption aligncenter\"><img loading=\"lazy\" decoding=\"async\" aria-describedby=\"caption-attachment-171086\" class=\"wp-image-171086\" src=\"https:\/\/diarioregionaldigital.com.br\/wp-content\/uploads\/2020\/10\/fotoa-6-e1602826183920.jpg\" alt=\"\" width=\"680\" height=\"497\" srcset=\"https:\/\/diarioregionaldigital.com.br\/wp-content\/uploads\/2020\/10\/fotoa-6-e1602826183920.jpg 957w, https:\/\/diarioregionaldigital.com.br\/wp-content\/uploads\/2020\/10\/fotoa-6-e1602826183920-300x219.jpg 300w, https:\/\/diarioregionaldigital.com.br\/wp-content\/uploads\/2020\/10\/fotoa-6-e1602826183920-768x562.jpg 768w, https:\/\/diarioregionaldigital.com.br\/wp-content\/uploads\/2020\/10\/fotoa-6-e1602826183920-360x263.jpg 360w\" sizes=\"auto, (max-width: 680px) 100vw, 680px\" \/><p id=\"caption-attachment-171086\" class=\"wp-caption-text\">A elegante M\u00edria Giani, em foco de luz para esta esta coluna<\/p><\/div>\n<div id=\"attachment_171088\" style=\"width: 690px\" class=\"wp-caption aligncenter\"><img loading=\"lazy\" decoding=\"async\" aria-describedby=\"caption-attachment-171088\" class=\"wp-image-171088\" src=\"https:\/\/diarioregionaldigital.com.br\/wp-content\/uploads\/2020\/10\/fotob-9-e1602826302507.jpg\" alt=\"\" width=\"680\" height=\"473\" srcset=\"https:\/\/diarioregionaldigital.com.br\/wp-content\/uploads\/2020\/10\/fotob-9-e1602826302507.jpg 928w, https:\/\/diarioregionaldigital.com.br\/wp-content\/uploads\/2020\/10\/fotob-9-e1602826302507-300x210.jpg 300w, https:\/\/diarioregionaldigital.com.br\/wp-content\/uploads\/2020\/10\/fotob-9-e1602826302507-768x534.jpg 768w, https:\/\/diarioregionaldigital.com.br\/wp-content\/uploads\/2020\/10\/fotob-9-e1602826302507-360x250.jpg 360w, https:\/\/diarioregionaldigital.com.br\/wp-content\/uploads\/2020\/10\/fotob-9-e1602826302507-100x70.jpg 100w\" sizes=\"auto, (max-width: 680px) 100vw, 680px\" \/><p id=\"caption-attachment-171088\" class=\"wp-caption-text\">O Outubro Rosa do melhor dan\u00e7arino do Brasil Wemerson Goulart na praia de Ipanema (RJ)<\/p><\/div>\n<div id=\"attachment_171089\" style=\"width: 690px\" class=\"wp-caption aligncenter\"><img loading=\"lazy\" decoding=\"async\" aria-describedby=\"caption-attachment-171089\" class=\"wp-image-171089\" src=\"https:\/\/diarioregionaldigital.com.br\/wp-content\/uploads\/2020\/10\/fotoc-9-e1602826332551.jpg\" alt=\"\" width=\"680\" height=\"459\" srcset=\"https:\/\/diarioregionaldigital.com.br\/wp-content\/uploads\/2020\/10\/fotoc-9-e1602826332551.jpg 765w, https:\/\/diarioregionaldigital.com.br\/wp-content\/uploads\/2020\/10\/fotoc-9-e1602826332551-300x202.jpg 300w, https:\/\/diarioregionaldigital.com.br\/wp-content\/uploads\/2020\/10\/fotoc-9-e1602826332551-360x243.jpg 360w\" sizes=\"auto, (max-width: 680px) 100vw, 680px\" \/><p id=\"caption-attachment-171089\" class=\"wp-caption-text\">A belezura juiz-forana Adriane Esteves, em nova fase nos Estados Unidos<\/p><\/div>\n<div id=\"attachment_171087\" style=\"width: 690px\" class=\"wp-caption aligncenter\"><img loading=\"lazy\" decoding=\"async\" aria-describedby=\"caption-attachment-171087\" class=\"wp-image-171087\" src=\"https:\/\/diarioregionaldigital.com.br\/wp-content\/uploads\/2020\/10\/fotoaa-3-e1602826263505.jpeg\" alt=\"\" width=\"680\" height=\"486\" srcset=\"https:\/\/diarioregionaldigital.com.br\/wp-content\/uploads\/2020\/10\/fotoaa-3-e1602826263505.jpeg 718w, https:\/\/diarioregionaldigital.com.br\/wp-content\/uploads\/2020\/10\/fotoaa-3-e1602826263505-300x214.jpeg 300w, https:\/\/diarioregionaldigital.com.br\/wp-content\/uploads\/2020\/10\/fotoaa-3-e1602826263505-360x257.jpeg 360w, https:\/\/diarioregionaldigital.com.br\/wp-content\/uploads\/2020\/10\/fotoaa-3-e1602826263505-100x70.jpeg 100w\" sizes=\"auto, (max-width: 680px) 100vw, 680px\" \/><p id=\"caption-attachment-171087\" class=\"wp-caption-text\">O DJ de astros \u00e9 estrelas Anael Guedes vestindo camisa de sua marca ENIGMA<\/p><\/div>\n<div id=\"attachment_171091\" style=\"width: 690px\" class=\"wp-caption aligncenter\"><img loading=\"lazy\" decoding=\"async\" aria-describedby=\"caption-attachment-171091\" class=\"wp-image-171091\" src=\"https:\/\/diarioregionaldigital.com.br\/wp-content\/uploads\/2020\/10\/fotoe-7-e1602826407299.jpg\" alt=\"\" width=\"680\" height=\"483\" srcset=\"https:\/\/diarioregionaldigital.com.br\/wp-content\/uploads\/2020\/10\/fotoe-7-e1602826407299.jpg 1407w, https:\/\/diarioregionaldigital.com.br\/wp-content\/uploads\/2020\/10\/fotoe-7-e1602826407299-300x213.jpg 300w, https:\/\/diarioregionaldigital.com.br\/wp-content\/uploads\/2020\/10\/fotoe-7-e1602826407299-1024x728.jpg 1024w, https:\/\/diarioregionaldigital.com.br\/wp-content\/uploads\/2020\/10\/fotoe-7-e1602826407299-768x546.jpg 768w, https:\/\/diarioregionaldigital.com.br\/wp-content\/uploads\/2020\/10\/fotoe-7-e1602826407299-360x256.jpg 360w, https:\/\/diarioregionaldigital.com.br\/wp-content\/uploads\/2020\/10\/fotoe-7-e1602826407299-100x70.jpg 100w\" sizes=\"auto, (max-width: 680px) 100vw, 680px\" \/><p id=\"caption-attachment-171091\" class=\"wp-caption-text\">Visitando esta coluna social, os campe\u00f5es Prof. M\u00e1rcio Guerra e Matheus Sampaio<\/p><\/div>\n<div id=\"attachment_171092\" style=\"width: 690px\" class=\"wp-caption aligncenter\"><img loading=\"lazy\" decoding=\"async\" aria-describedby=\"caption-attachment-171092\" class=\"wp-image-171092\" src=\"https:\/\/diarioregionaldigital.com.br\/wp-content\/uploads\/2020\/10\/fotof-4-e1602826473252.jpg\" alt=\"\" width=\"680\" height=\"476\" srcset=\"https:\/\/diarioregionaldigital.com.br\/wp-content\/uploads\/2020\/10\/fotof-4-e1602826473252.jpg 1429w, https:\/\/diarioregionaldigital.com.br\/wp-content\/uploads\/2020\/10\/fotof-4-e1602826473252-300x210.jpg 300w, https:\/\/diarioregionaldigital.com.br\/wp-content\/uploads\/2020\/10\/fotof-4-e1602826473252-1024x717.jpg 1024w, https:\/\/diarioregionaldigital.com.br\/wp-content\/uploads\/2020\/10\/fotof-4-e1602826473252-768x537.jpg 768w, https:\/\/diarioregionaldigital.com.br\/wp-content\/uploads\/2020\/10\/fotof-4-e1602826473252-360x252.jpg 360w, https:\/\/diarioregionaldigital.com.br\/wp-content\/uploads\/2020\/10\/fotof-4-e1602826473252-100x70.jpg 100w\" sizes=\"auto, (max-width: 680px) 100vw, 680px\" \/><p id=\"caption-attachment-171092\" class=\"wp-caption-text\">Esperando o ver\u00e3o e a pandemia passar Jorge J\u00fanior e Fernanda Coutinho<\/p><\/div>\n<div id=\"attachment_171093\" style=\"width: 690px\" class=\"wp-caption aligncenter\"><img loading=\"lazy\" decoding=\"async\" aria-describedby=\"caption-attachment-171093\" class=\"wp-image-171093\" src=\"https:\/\/diarioregionaldigital.com.br\/wp-content\/uploads\/2020\/10\/fotog-8-e1602826533454.jpg\" alt=\"\" width=\"680\" height=\"497\" srcset=\"https:\/\/diarioregionaldigital.com.br\/wp-content\/uploads\/2020\/10\/fotog-8-e1602826533454.jpg 719w, https:\/\/diarioregionaldigital.com.br\/wp-content\/uploads\/2020\/10\/fotog-8-e1602826533454-300x219.jpg 300w, https:\/\/diarioregionaldigital.com.br\/wp-content\/uploads\/2020\/10\/fotog-8-e1602826533454-360x263.jpg 360w\" sizes=\"auto, (max-width: 680px) 100vw, 680px\" \/><p id=\"caption-attachment-171093\" class=\"wp-caption-text\">No Espa\u00e7o Caf\u00e9 Central, os lindos irm\u00e3os: Wesley Monteiro e Gabriela Monteiro<\/p><\/div>\n<div id=\"attachment_171094\" style=\"width: 690px\" class=\"wp-caption aligncenter\"><img loading=\"lazy\" decoding=\"async\" aria-describedby=\"caption-attachment-171094\" class=\"wp-image-171094\" src=\"https:\/\/diarioregionaldigital.com.br\/wp-content\/uploads\/2020\/10\/fotoh-7-e1602826577100.jpg\" alt=\"\" width=\"680\" height=\"456\" srcset=\"https:\/\/diarioregionaldigital.com.br\/wp-content\/uploads\/2020\/10\/fotoh-7-e1602826577100.jpg 1015w, https:\/\/diarioregionaldigital.com.br\/wp-content\/uploads\/2020\/10\/fotoh-7-e1602826577100-300x201.jpg 300w, https:\/\/diarioregionaldigital.com.br\/wp-content\/uploads\/2020\/10\/fotoh-7-e1602826577100-768x515.jpg 768w, https:\/\/diarioregionaldigital.com.br\/wp-content\/uploads\/2020\/10\/fotoh-7-e1602826577100-360x241.jpg 360w\" sizes=\"auto, (max-width: 680px) 100vw, 680px\" \/><p id=\"caption-attachment-171094\" class=\"wp-caption-text\">Na fazenda Guarit\u00e1 (RJ), Simone Tavares, Marcelo Peres, Francisco Orleans e Waleska Silveira<\/p><\/div>\n<div id=\"attachment_171090\" style=\"width: 690px\" class=\"wp-caption aligncenter\"><img loading=\"lazy\" decoding=\"async\" aria-describedby=\"caption-attachment-171090\" class=\"wp-image-171090\" src=\"https:\/\/diarioregionaldigital.com.br\/wp-content\/uploads\/2020\/10\/fotod-2-e1602826375486.jpeg\" alt=\"\" width=\"680\" height=\"491\" srcset=\"https:\/\/diarioregionaldigital.com.br\/wp-content\/uploads\/2020\/10\/fotod-2-e1602826375486.jpeg 886w, https:\/\/diarioregionaldigital.com.br\/wp-content\/uploads\/2020\/10\/fotod-2-e1602826375486-300x217.jpeg 300w, https:\/\/diarioregionaldigital.com.br\/wp-content\/uploads\/2020\/10\/fotod-2-e1602826375486-768x555.jpeg 768w, https:\/\/diarioregionaldigital.com.br\/wp-content\/uploads\/2020\/10\/fotod-2-e1602826375486-360x260.jpeg 360w\" sizes=\"auto, (max-width: 680px) 100vw, 680px\" \/><p id=\"caption-attachment-171090\" class=\"wp-caption-text\">No Alto Paineiras, os amigos para sempre: C\u00e1ssio Wessling, Marc\u00edlio Gomes, Pablo Machado e Daniel Castro (Daninho)<\/p><\/div>\n<div id=\"attachment_171095\" style=\"width: 690px\" class=\"wp-caption aligncenter\"><img loading=\"lazy\" decoding=\"async\" aria-describedby=\"caption-attachment-171095\" class=\"wp-image-171095\" src=\"https:\/\/diarioregionaldigital.com.br\/wp-content\/uploads\/2020\/10\/fotoi-4-e1602826613726.jpg\" alt=\"\" width=\"680\" height=\"469\" srcset=\"https:\/\/diarioregionaldigital.com.br\/wp-content\/uploads\/2020\/10\/fotoi-4-e1602826613726.jpg 1966w, https:\/\/diarioregionaldigital.com.br\/wp-content\/uploads\/2020\/10\/fotoi-4-e1602826613726-300x207.jpg 300w, https:\/\/diarioregionaldigital.com.br\/wp-content\/uploads\/2020\/10\/fotoi-4-e1602826613726-1024x706.jpg 1024w, https:\/\/diarioregionaldigital.com.br\/wp-content\/uploads\/2020\/10\/fotoi-4-e1602826613726-768x530.jpg 768w, https:\/\/diarioregionaldigital.com.br\/wp-content\/uploads\/2020\/10\/fotoi-4-e1602826613726-1536x1059.jpg 1536w, https:\/\/diarioregionaldigital.com.br\/wp-content\/uploads\/2020\/10\/fotoi-4-e1602826613726-360x248.jpg 360w, https:\/\/diarioregionaldigital.com.br\/wp-content\/uploads\/2020\/10\/fotoi-4-e1602826613726-100x70.jpg 100w\" sizes=\"auto, (max-width: 680px) 100vw, 680px\" \/><p id=\"caption-attachment-171095\" class=\"wp-caption-text\">O abre alas desta coluna social com as destaques: Ivanir Ferreira, Helenise Machado, Ivete Gomes, Sandra Portella e Florinha Carmo<\/p><\/div>\n<p style=\"text-align: center;\"><strong>FOTOSS\u00cdNTESE<\/strong><\/p>\n<p>Na sexta feira (16) Dia do Panificador, vai ter promo\u00e7\u00e3o com caf\u00e9 e p\u00e3o com manteiga nas padarias da cidade.<\/p>\n<p>Aniversariantes de destaque da semana: Bruno Ribeiro de Oliveira(k Suco),Marlon Moraes, V\u00f3 Tonho, Carlos Fernando Cunha e Raquel Ramos Gomes.<\/p>\n<p>No m\u00eas do professor a Livraria D.Pedro II\u00ba do monarquista Jean Menezes do Carmo est\u00e1 com acervo de livros e Revistas de primeira linha.<\/p>\n<p>No dia 19, as 19h30, dentro do Ciclo de Palestras da Academia Juizforana de Letras tem o tema \u201cA inven\u00e7\u00e3o em Murilo Mendes\u201d,com Marisa Timponi \u00e9 media\u00e7\u00e3o de Leila Barbosa.<\/p>\n<p>Agradecemos as palavras de elogio da m\u00e9dica psiquiatra Elimar Jacob Salzer Rodrigues pela leitura do 6\u00ba livro deste colunista \u201cOrat\u00f3rio\u201d.<\/p>\n<p>No m\u00eas Outubro Rosa, a elegante Rosaine Pires (\u00d3ticas Juiz de Fora), com suas m\u00e3os de fada est\u00e1 tricotando a t\u00e9cnica oriental Amigurumi com v\u00e1rios temas reproduzidos em bonecos lindos para presentear. Confira no Instragam@millamigurumi.<\/p>\n<p>A bonita e competente advogada Lara Spada est\u00e1 se destacando com seu escrit\u00f3rio na Imp\u00e9rio Im\u00f3veis na rua: Halfeld, n\u00ba 513- loja 28, em plena galeria Solar.<\/p>\n<p>J\u00e1 foi inaugurada no Alto dos Passos a BoHo House das bonitas Fernanda Barbosa e La\u00eds Passaroto. Com moda feminina e infantil elas contam com a parceria de Nat\u00e1lia Amoroso, Carol Di Biasi e Renata Barbosa.<\/p>\n<p>Vai ter R\u00e9veillon no Privil\u00e9ge B\u00fazios sim. Em cena o projeto Dub Dogs com os g\u00eameos Marcos e Lucas Schimidt Watzgood e Marquinhos SP. As vendas j\u00e1 come\u00e7aram.<\/p>\n<p>Muito querido na sociedade de JF, Rodrigo F\u00e1vero festejou seus 40 anos em Cabo Frio com jantar refinado com a mulher Beatriz Cury no Arcos do Canal.<\/p>\n<p>DNA: Apenas quem faz a leitura do mundo consegue atingir a ess\u00eancia substancial do outro. Bom dia.<\/p>\n<p><img loading=\"lazy\" decoding=\"async\" class=\"aligncenter size-full wp-image-171097\" src=\"https:\/\/diarioregionaldigital.com.br\/wp-content\/uploads\/2020\/10\/anuncio63-scaled.jpg\" alt=\"\" width=\"2560\" height=\"976\" srcset=\"https:\/\/diarioregionaldigital.com.br\/wp-content\/uploads\/2020\/10\/anuncio63-scaled.jpg 2560w, https:\/\/diarioregionaldigital.com.br\/wp-content\/uploads\/2020\/10\/anuncio63-300x114.jpg 300w, https:\/\/diarioregionaldigital.com.br\/wp-content\/uploads\/2020\/10\/anuncio63-1024x391.jpg 1024w, https:\/\/diarioregionaldigital.com.br\/wp-content\/uploads\/2020\/10\/anuncio63-768x293.jpg 768w, https:\/\/diarioregionaldigital.com.br\/wp-content\/uploads\/2020\/10\/anuncio63-1536x586.jpg 1536w, https:\/\/diarioregionaldigital.com.br\/wp-content\/uploads\/2020\/10\/anuncio63-2048x781.jpg 2048w, https:\/\/diarioregionaldigital.com.br\/wp-content\/uploads\/2020\/10\/anuncio63-360x137.jpg 360w\" sizes=\"auto, (max-width: 2560px) 100vw, 2560px\" \/><\/p>\n","protected":false},"excerpt":{"rendered":"<p>Voc\u00ea Sabia? Mulheres negras s\u00e3o as mais ativas e as mais vulner\u00e1veis entre os agentes de sa\u00fade no pa\u00eds em que mais morrem enfermeiros no mundo desde o inicio da pandemia de Covid-19 segundo o Conselho Internacional de Enfermeiros. Figura essencial no atendimento a pacientes com Covid-19, o profissional de enfermagem atua em todas as [&hellip;]<\/p>\n","protected":false},"author":96,"featured_media":171086,"comment_status":"closed","ping_status":"closed","sticky":false,"template":"","format":"standard","meta":{"footnotes":""},"categories":[264],"tags":[],"class_list":["post-171096","post","type-post","status-publish","format-standard","has-post-thumbnail","hentry","category-eduardo-gomes"],"_links":{"self":[{"href":"https:\/\/diarioregionaldigital.com.br\/index.php?rest_route=\/wp\/v2\/posts\/171096","targetHints":{"allow":["GET"]}}],"collection":[{"href":"https:\/\/diarioregionaldigital.com.br\/index.php?rest_route=\/wp\/v2\/posts"}],"about":[{"href":"https:\/\/diarioregionaldigital.com.br\/index.php?rest_route=\/wp\/v2\/types\/post"}],"author":[{"embeddable":true,"href":"https:\/\/diarioregionaldigital.com.br\/index.php?rest_route=\/wp\/v2\/users\/96"}],"replies":[{"embeddable":true,"href":"https:\/\/diarioregionaldigital.com.br\/index.php?rest_route=%2Fwp%2Fv2%2Fcomments&post=171096"}],"version-history":[{"count":0,"href":"https:\/\/diarioregionaldigital.com.br\/index.php?rest_route=\/wp\/v2\/posts\/171096\/revisions"}],"wp:featuredmedia":[{"embeddable":true,"href":"https:\/\/diarioregionaldigital.com.br\/index.php?rest_route=\/wp\/v2\/media\/171086"}],"wp:attachment":[{"href":"https:\/\/diarioregionaldigital.com.br\/index.php?rest_route=%2Fwp%2Fv2%2Fmedia&parent=171096"}],"wp:term":[{"taxonomy":"category","embeddable":true,"href":"https:\/\/diarioregionaldigital.com.br\/index.php?rest_route=%2Fwp%2Fv2%2Fcategories&post=171096"},{"taxonomy":"post_tag","embeddable":true,"href":"https:\/\/diarioregionaldigital.com.br\/index.php?rest_route=%2Fwp%2Fv2%2Ftags&post=171096"}],"curies":[{"name":"wp","href":"https:\/\/api.w.org\/{rel}","templated":true}]}}