{"id":171083,"date":"2020-10-15T21:16:47","date_gmt":"2020-10-16T00:16:47","guid":{"rendered":"https:\/\/diarioregionaldigital.com.br\/?p=171083"},"modified":"2020-10-15T21:16:47","modified_gmt":"2020-10-16T00:16:47","slug":"covid-19-brasil-tem-713-obitos-e-28-523-novos-casos-em-24h","status":"publish","type":"post","link":"https:\/\/diarioregionaldigital.com.br\/?p=171083","title":{"rendered":"Covid-19: Brasil tem 713 \u00f3bitos e 28.523 novos casos em 24h"},"content":{"rendered":"<p>Desde o in\u00edcio da pandemia de covid-19, o Brasil acumula 5.169.389 casos confirmados da doen\u00e7a. Desse total, 89% dos pacientes se recuperaram da doen\u00e7a, 2,9% morreram e 8,1% se recuperaram.<img decoding=\"async\" src=\"https:\/\/agenciabrasil.ebc.com.br\/ebc.png?id=1390773&amp;o=node\" \/><img decoding=\"async\" src=\"https:\/\/agenciabrasil.ebc.com.br\/ebc.gif?id=1390773&amp;o=node\" \/><\/p>\n<p>Os dados foram divulgados pelo Minist\u00e9rio da Sa\u00fade nesta quinta-feira (15).<\/p>\n<p>O Brasil registrou 713 mortes em 24 horas, elevando o total de \u00f3bitos para 152.460. Outras 2.360 mortes est\u00e3o em investiga\u00e7\u00e3o.<\/p>\n<p>J\u00e1 o n\u00famero de diagn\u00f3sticos positivos de covid-19 teve o acr\u00e9scimo de 28.523 em 24 horas.<\/p>\n<p>O n\u00famero de pacientes recuperados chega a 4.599.446.<\/p>\n<p>Neste momento, 417.480 brasileiros est\u00e3o em tratamento.<\/p>\n<h2>SP mant\u00e9m indicadores abaixo de proje\u00e7\u00f5es para primeira quinzena<span id=\"OBJ_PREFIX_DWT388_com_zimbra_date\" role=\"link\">\u00a0de outubro<\/span><\/h2>\n<p>Balan\u00e7o sobre os casos de covid-19 divulgado na tarde de hoje pela Secretaria estadual da Sa\u00fade demonstrou que o estado de S\u00e3o Paulo se manteve abaixo das proje\u00e7\u00f5es feitas pelo Centro de Conting\u00eancia do Coronav\u00edrus para a primeira quinzena do m\u00eas de outubro.<\/p>\n<p>O Centro projetava que, at\u00e9 o dia de hoje, o estado teria entre 1,10 milh\u00e3o e 1,15 milh\u00e3o de casos confirmados de covid-19 e entre 38 mil e 39 mil mortes. Segundo o balan\u00e7o divulgado esta tarde, o estado paulista soma 1.051.613 casos confirmados do novo coronav\u00edrus, com 37.690 mortes. Os n\u00fameros di\u00e1rios de mortes e de novos casos ainda s\u00e3o altos no estado, mas vem apresentando desacelera\u00e7\u00e3o.<\/p>\n<p>O n\u00famero de pacientes internados em casos suspeitos ou confirmados de coronav\u00edrus atualmente soma 7.672 pessoas no estado, demonstrando tamb\u00e9m tend\u00eancia de queda. Desse total de pacientes internados, 3.343 est\u00e3o internados em estado grave. A taxa de ocupa\u00e7\u00e3o de leitos de unidades de terapia intensiva (UTI) \u00e9 de 41,9% no estado e de 41,3% na Grande S\u00e3o Paulo.<\/p>\n<p>Do total de casos diagnosticados no estado, 934.547 pessoas j\u00e1 se recuperaram da doen\u00e7a, sendo 115.107 delas ap\u00f3s interna\u00e7\u00e3o.<\/p>\n<p>Dos 645 munic\u00edpios de S\u00e3o Paulo, todos eles registram ao menos um caso confirmado da doen\u00e7a e, em 582 deles, houve a notifica\u00e7\u00e3o de ao menos uma morte.<\/p>\n<p><strong>Fonte:\u00a0<\/strong>Ag\u00eancia Brasil<\/p>\n","protected":false},"excerpt":{"rendered":"<p>Desde o in\u00edcio da pandemia de covid-19, o Brasil acumula 5.169.389 casos confirmados da doen\u00e7a. Desse total, 89% dos pacientes se recuperaram da doen\u00e7a, 2,9% morreram e 8,1% se recuperaram. Os dados foram divulgados pelo Minist\u00e9rio da Sa\u00fade nesta quinta-feira (15). O Brasil registrou 713 mortes em 24 horas, elevando o total de \u00f3bitos para [&hellip;]<\/p>\n","protected":false},"author":96,"featured_media":171084,"comment_status":"closed","ping_status":"closed","sticky":false,"template":"","format":"standard","meta":{"footnotes":""},"categories":[302,436,440,439],"tags":[],"class_list":["post-171083","post","type-post","status-publish","format-standard","has-post-thumbnail","hentry","category-brasil-mundo","category-destaque-da-semana","category-destaques-do-dia","category-ultima-hora"],"_links":{"self":[{"href":"https:\/\/diarioregionaldigital.com.br\/index.php?rest_route=\/wp\/v2\/posts\/171083","targetHints":{"allow":["GET"]}}],"collection":[{"href":"https:\/\/diarioregionaldigital.com.br\/index.php?rest_route=\/wp\/v2\/posts"}],"about":[{"href":"https:\/\/diarioregionaldigital.com.br\/index.php?rest_route=\/wp\/v2\/types\/post"}],"author":[{"embeddable":true,"href":"https:\/\/diarioregionaldigital.com.br\/index.php?rest_route=\/wp\/v2\/users\/96"}],"replies":[{"embeddable":true,"href":"https:\/\/diarioregionaldigital.com.br\/index.php?rest_route=%2Fwp%2Fv2%2Fcomments&post=171083"}],"version-history":[{"count":0,"href":"https:\/\/diarioregionaldigital.com.br\/index.php?rest_route=\/wp\/v2\/posts\/171083\/revisions"}],"wp:featuredmedia":[{"embeddable":true,"href":"https:\/\/diarioregionaldigital.com.br\/index.php?rest_route=\/wp\/v2\/media\/171084"}],"wp:attachment":[{"href":"https:\/\/diarioregionaldigital.com.br\/index.php?rest_route=%2Fwp%2Fv2%2Fmedia&parent=171083"}],"wp:term":[{"taxonomy":"category","embeddable":true,"href":"https:\/\/diarioregionaldigital.com.br\/index.php?rest_route=%2Fwp%2Fv2%2Fcategories&post=171083"},{"taxonomy":"post_tag","embeddable":true,"href":"https:\/\/diarioregionaldigital.com.br\/index.php?rest_route=%2Fwp%2Fv2%2Ftags&post=171083"}],"curies":[{"name":"wp","href":"https:\/\/api.w.org\/{rel}","templated":true}]}}