{"id":171080,"date":"2020-10-15T19:33:57","date_gmt":"2020-10-15T22:33:57","guid":{"rendered":"https:\/\/diarioregionaldigital.com.br\/?p=171080"},"modified":"2020-10-15T19:33:57","modified_gmt":"2020-10-15T22:33:57","slug":"instrutores-e-praticantes-de-capoeira-tem-cadastramento-nacional","status":"publish","type":"post","link":"https:\/\/diarioregionaldigital.com.br\/?p=171080","title":{"rendered":"Instrutores e praticantes de capoeira t\u00eam cadastramento nacional"},"content":{"rendered":"<p>A capoeira, que junta a luta e o jogo \u00e0 cultura popular, \u00e9 \u201cPatrim\u00f4nio Cultural do Brasil\u201d desde 2008, e, com o objetivo de mapear os praticantes da atividade, o Instituto do Patrim\u00f4nio Hist\u00f3rico e Art\u00edstico Nacional (Iphan) lan\u00e7ou o Cadastro Nacional da Capoeira. Mestres, mestras, professores, professoras e demais praticantes devem acessar o link\u00a0<a href=\"http:\/\/capoeira.gov.br\/register\">capoeira.gov.br\/register<\/a>, para preencher o cadastro. De car\u00e1ter permanente, a a\u00e7\u00e3o \u00e9 coordenada no estado pela Superintend\u00eancia do Iphan em Minas Gerais e pelo Coletivo da Salvaguarda da Capoeira de Minas. Em Juiz de Fora, tem apoio da Funda\u00e7\u00e3o Cultural \u201cAlfredo Ferreira Lage\u201d (Funalfa). A expectativa \u00e9 de que os dados recolhidos ajudem a ampliar o contato entre os adeptos, al\u00e9m de dar voz \u00e0s suas mem\u00f3rias e aos seus conhecimentos.<\/p>\n<p>Coordenador de capoeira no Programa \u201cGente em Primeiro Lugar\u201d, mestre Cuit\u00e9 afirmou que o cadastro ser\u00e1 \u201cretrato\u201d da atividade: \u201cSaberemos em quantos munic\u00edpios a capoeira \u00e9 praticada, quantas rodas acontecem. A partir desse levantamento, surgir\u00e3o pol\u00edticas p\u00fablicas mais adequadas, ouvindo os capoeiristas e conhecendo suas demandas\u201d. Cuit\u00e9 destacou, tamb\u00e9m, a import\u00e2ncia de o Iphan visualizar os dados mineiros com rela\u00e7\u00e3o \u00e0 capoeira.<\/p>\n<p>O levantamento \u00e9 nacional, mas cada Estado e munic\u00edpio tem suas caracter\u00edsticas. Em Juiz de Fora, por exemplo, a capoeira tem muita tradi\u00e7\u00e3o. Segundo Cuit\u00e9, \u201co poder p\u00fablico municipal poder\u00e1 visualizar como as coisas acontecem por aqui. H\u00e1 possibilidade de estabelecer pol\u00edticas p\u00fablicas espec\u00edficas, porque a capoeira \u00e9 muito diversa e dificilmente consegue-se uma pol\u00edtica<br \/>\nnacional capaz de atender a todos\u201d.<\/p>\n<p>O mestre destacou, ainda, ser imprescind\u00edvel que o Cadastro Nacional de Capoeira seja amplamente divulgado, para que o levantamento seja o mais completo poss\u00edvel, fortalecendo a integra\u00e7\u00e3o de informa\u00e7\u00f5es. Por isso, o e-mail pci.mg@iphan.gov.br est\u00e1 dispon\u00edvel, n\u00e3o somente para tirar d\u00favidas sobre como preencher o registro, mas tamb\u00e9m para sugest\u00f5es de contatos e canais de difus\u00e3o, aos quais a a\u00e7\u00e3o possa interessar.<\/p>\n<p><strong>Fonte:\u00a0<\/strong>Assessoria<\/p>\n","protected":false},"excerpt":{"rendered":"<p>A capoeira, que junta a luta e o jogo \u00e0 cultura popular, \u00e9 \u201cPatrim\u00f4nio Cultural do Brasil\u201d desde 2008, e, com o objetivo de mapear os praticantes da atividade, o Instituto do Patrim\u00f4nio Hist\u00f3rico e Art\u00edstico Nacional (Iphan) lan\u00e7ou o Cadastro Nacional da Capoeira. Mestres, mestras, professores, professoras e demais praticantes devem acessar o link\u00a0capoeira.gov.br\/register, [&hellip;]<\/p>\n","protected":false},"author":96,"featured_media":171081,"comment_status":"closed","ping_status":"closed","sticky":false,"template":"","format":"standard","meta":{"footnotes":""},"categories":[256,436,262,439],"tags":[],"class_list":["post-171080","post","type-post","status-publish","format-standard","has-post-thumbnail","hentry","category-cultura","category-destaque-da-semana","category-noticias","category-ultima-hora"],"_links":{"self":[{"href":"https:\/\/diarioregionaldigital.com.br\/index.php?rest_route=\/wp\/v2\/posts\/171080","targetHints":{"allow":["GET"]}}],"collection":[{"href":"https:\/\/diarioregionaldigital.com.br\/index.php?rest_route=\/wp\/v2\/posts"}],"about":[{"href":"https:\/\/diarioregionaldigital.com.br\/index.php?rest_route=\/wp\/v2\/types\/post"}],"author":[{"embeddable":true,"href":"https:\/\/diarioregionaldigital.com.br\/index.php?rest_route=\/wp\/v2\/users\/96"}],"replies":[{"embeddable":true,"href":"https:\/\/diarioregionaldigital.com.br\/index.php?rest_route=%2Fwp%2Fv2%2Fcomments&post=171080"}],"version-history":[{"count":0,"href":"https:\/\/diarioregionaldigital.com.br\/index.php?rest_route=\/wp\/v2\/posts\/171080\/revisions"}],"wp:featuredmedia":[{"embeddable":true,"href":"https:\/\/diarioregionaldigital.com.br\/index.php?rest_route=\/wp\/v2\/media\/171081"}],"wp:attachment":[{"href":"https:\/\/diarioregionaldigital.com.br\/index.php?rest_route=%2Fwp%2Fv2%2Fmedia&parent=171080"}],"wp:term":[{"taxonomy":"category","embeddable":true,"href":"https:\/\/diarioregionaldigital.com.br\/index.php?rest_route=%2Fwp%2Fv2%2Fcategories&post=171080"},{"taxonomy":"post_tag","embeddable":true,"href":"https:\/\/diarioregionaldigital.com.br\/index.php?rest_route=%2Fwp%2Fv2%2Ftags&post=171080"}],"curies":[{"name":"wp","href":"https:\/\/api.w.org\/{rel}","templated":true}]}}