{"id":171075,"date":"2020-10-15T19:30:46","date_gmt":"2020-10-15T22:30:46","guid":{"rendered":"https:\/\/diarioregionaldigital.com.br\/?p=171075"},"modified":"2020-10-15T19:30:46","modified_gmt":"2020-10-15T22:30:46","slug":"3a-semana-de-defesa-civil-divulga-video-sobre-jf-cidade-resiliente","status":"publish","type":"post","link":"https:\/\/diarioregionaldigital.com.br\/?p=171075","title":{"rendered":"\u201c3\u00aa Semana de Defesa Civil\u201d divulga v\u00eddeo sobre \u201cJF \u2013 Cidade Resiliente\u201d"},"content":{"rendered":"<p>Para marcar a \u201c3\u00aa Semana de Defesa Civil\u201d est\u00e1 sendo divulgado nesta quinta-feira, 15, pela Defesa Civil de Juiz de Fora, v\u00eddeo onde \u00e9 abordado o trabalho que vem sendo feito, a fim de melhor capacitar o Munic\u00edpio para enfrentamento a situa\u00e7\u00f5es de desastres naturais. O v\u00eddeo &#8220;JF &#8211; Cidade Resiliente&#8221;, exibe as considera\u00e7\u00f5es da Prefeitura de Juiz de Fora (PJF), atrav\u00e9s do prefeito Ant\u00f4nio Almas, da Secretaria de Seguran\u00e7a Urbana e Cidadania (Sesuc), da pr\u00f3pria Defesa Civil, da Universidade Federal (UFJF) e do Corpo de Bombeiros sobre o assunto. Para conferir o conte\u00fado, basta acessar o facebook da PJF ou o\u00a0<a href=\"https:\/\/youtu.be\/nBzsL2xM_FU\">youtube<\/a>.<\/p>\n<p>Neste ano, as atividades preventivas divulgadas pela \u201cSemana\u201d, habitualmente desenvolvidas em escolas, pra\u00e7as p\u00fablicas e comunidades, ficaram comprometidas pelas limita\u00e7\u00f5es impostas pela pandemia de coronav\u00edrus. A realiza\u00e7\u00e3o do v\u00eddeo foi a alternativa encontrada, para mostrar \u00e0 popula\u00e7\u00e3o que, mesmo com as barreiras do momento, o setor segue trabalhando.<\/p>\n<p>Em agosto, o Munic\u00edpio recebeu o &#8220;Certificado de Compromisso com a Resili\u00eancia aos Desastres&#8221;, do Escrit\u00f3rio das Na\u00e7\u00f5es Unidas para Redu\u00e7\u00e3o do Risco de Desastres (UNDRR). O documento \u00e9 direcionado \u00e0s cidades que se prop\u00f5em buscar caminhos para responder situa\u00e7\u00f5es de emerg\u00eancia causadas por desastres naturais. O site do UNDRR j\u00e1 exibe, inclusive, as informa\u00e7\u00f5es gerais sobre Juiz de Fora, no link\u00a0<a href=\"https:\/\/www.unisdr.org\/campaign\/resilientcities\/cities\/brazil\/minas-gerais\/juiz-de-fora-minas-gerais\">www.unisdr.org\/campaign\/resilientcities\/cities<\/a>.<\/p>\n<p>O programa \u201cCidades Resilientes\u201d, da Organiza\u00e7\u00e3o das Na\u00e7\u00f5es Unidas (ONU), \u00e9 instrumento de organiza\u00e7\u00e3o, que estabelece dez metas a serem cumpridas, no sentido de preparar o munic\u00edpio a responder \u00e0 altura \u00e0s adversidades, reduzindo danos materiais e protegendo vidas humanas. Assim, Juiz de Fora se compromete a adotar medidas nos campos estrutural, institucional, de planejamento e de gest\u00e3o de riscos, bem como de organiza\u00e7\u00e3o social, para se tornar, de fato, cidade resiliente.<\/p>\n<p>Cidades resilientes s\u00e3o aquelas que t\u00eam capacidade de reagir, de acordo com as necessidades apresentadas por crises naturais. Preparam-se para lidar com essas situa\u00e7\u00f5es e aproveitam o conhecimento anterior, criando planos de a\u00e7\u00e3o que possam ser \u00fateis no futuro. A proposta \u00e9 promover o incremento das a\u00e7\u00f5es j\u00e1 desenvolvidas pelo munic\u00edpio, buscando definir prioridades na \u00e1rea de gest\u00e3o do risco de desastres. Para a empreitada, poder p\u00fablico, institui\u00e7\u00f5es parceiras e sociedade civil se integram.<\/p>\n<p><b>Aqui est\u00e3o os dez passos a serem seguidos para atingir a resili\u00eancia:<\/b><\/p>\n<p>1. Se organizar para a resili\u00eancia frente aos desastres;<\/p>\n<p>2. Identificar, compreender e utilizar cen\u00e1rios de risco atuais e futuros;<\/p>\n<p>3. Refor\u00e7ar a capacidade financeira para a resili\u00eancia;<\/p>\n<p>4. Promover o desenho resiliente e desenvolvimento urbano;<\/p>\n<p>5. Proteger zonas-tamp\u00e3o naturais para melhorar a fun\u00e7\u00e3o da prote\u00e7\u00e3o<br \/>\nfornecida pelos ecossistemas;<\/p>\n<p>6. Fortalecer a capacidade institucional para a resili\u00eancia;<\/p>\n<p>7. Compreender e fortalecer a capacidade social para a resili\u00eancia;<\/p>\n<p>8. Aumentar a resili\u00eancia da infraestrutura;<\/p>\n<p>9. Garantir a efic\u00e1cia da prepara\u00e7\u00e3o e resposta eficaz \u00e0s cat\u00e1strofes;<\/p>\n<p>10. Acelerar a recupera\u00e7\u00e3o e reconstruir melhor depois de qualquer desastre.<\/p>\n<p><strong>Fonte:\u00a0<\/strong>Assessoria<\/p>\n","protected":false},"excerpt":{"rendered":"<p>Para marcar a \u201c3\u00aa Semana de Defesa Civil\u201d est\u00e1 sendo divulgado nesta quinta-feira, 15, pela Defesa Civil de Juiz de Fora, v\u00eddeo onde \u00e9 abordado o trabalho que vem sendo feito, a fim de melhor capacitar o Munic\u00edpio para enfrentamento a situa\u00e7\u00f5es de desastres naturais. O v\u00eddeo &#8220;JF &#8211; Cidade Resiliente&#8221;, exibe as considera\u00e7\u00f5es da [&hellip;]<\/p>\n","protected":false},"author":96,"featured_media":170987,"comment_status":"closed","ping_status":"closed","sticky":false,"template":"","format":"standard","meta":{"footnotes":""},"categories":[253,436,439],"tags":[],"class_list":["post-171075","post","type-post","status-publish","format-standard","has-post-thumbnail","hentry","category-cidade","category-destaque-da-semana","category-ultima-hora"],"_links":{"self":[{"href":"https:\/\/diarioregionaldigital.com.br\/index.php?rest_route=\/wp\/v2\/posts\/171075","targetHints":{"allow":["GET"]}}],"collection":[{"href":"https:\/\/diarioregionaldigital.com.br\/index.php?rest_route=\/wp\/v2\/posts"}],"about":[{"href":"https:\/\/diarioregionaldigital.com.br\/index.php?rest_route=\/wp\/v2\/types\/post"}],"author":[{"embeddable":true,"href":"https:\/\/diarioregionaldigital.com.br\/index.php?rest_route=\/wp\/v2\/users\/96"}],"replies":[{"embeddable":true,"href":"https:\/\/diarioregionaldigital.com.br\/index.php?rest_route=%2Fwp%2Fv2%2Fcomments&post=171075"}],"version-history":[{"count":0,"href":"https:\/\/diarioregionaldigital.com.br\/index.php?rest_route=\/wp\/v2\/posts\/171075\/revisions"}],"wp:featuredmedia":[{"embeddable":true,"href":"https:\/\/diarioregionaldigital.com.br\/index.php?rest_route=\/wp\/v2\/media\/170987"}],"wp:attachment":[{"href":"https:\/\/diarioregionaldigital.com.br\/index.php?rest_route=%2Fwp%2Fv2%2Fmedia&parent=171075"}],"wp:term":[{"taxonomy":"category","embeddable":true,"href":"https:\/\/diarioregionaldigital.com.br\/index.php?rest_route=%2Fwp%2Fv2%2Fcategories&post=171075"},{"taxonomy":"post_tag","embeddable":true,"href":"https:\/\/diarioregionaldigital.com.br\/index.php?rest_route=%2Fwp%2Fv2%2Ftags&post=171075"}],"curies":[{"name":"wp","href":"https:\/\/api.w.org\/{rel}","templated":true}]}}