{"id":171072,"date":"2020-10-15T19:29:28","date_gmt":"2020-10-15T22:29:28","guid":{"rendered":"https:\/\/diarioregionaldigital.com.br\/?p=171072"},"modified":"2020-10-15T19:29:28","modified_gmt":"2020-10-15T22:29:28","slug":"defesa-civil-e-bombeiros-aplicam-lona-plastica-no-bairro-santa-candida","status":"publish","type":"post","link":"https:\/\/diarioregionaldigital.com.br\/?p=171072","title":{"rendered":"Defesa Civil e Bombeiros aplicam lona pl\u00e1stica no Bairro Santa C\u00e2ndida"},"content":{"rendered":"<p>Numa a\u00e7\u00e3o preventiva, pr\u00e9-programada, a Defesa Civil de Juiz de Fora, juntamente com militares do 4\u00ba Batalh\u00e3o do Corpo de Bombeiros (4\u00ba BBM), esteve na manh\u00e3 desta quinta-feira, 15, no Bairro Santa C\u00e2ndida, para avalia\u00e7\u00e3o de \u00e1rea interditada, devido a deslizamento de terra ocorrido em fevereiro deste ano. Os profissionais analisaram as condi\u00e7\u00f5es da encosta, para aplica\u00e7\u00e3o de lona pl\u00e1stica especial, resistente a intemp\u00e9ries. O in\u00edcio da opera\u00e7\u00e3o de fixa\u00e7\u00e3o da cobertura no terreno ficou agendado para segunda-feira, 19, de modo que alguns procedimentos de desvi o de \u00e1guas pluviais sejam adotados antes dos trabalhos. A coloca\u00e7\u00e3o de lonas \u00e9 medida de prote\u00e7\u00e3o para a \u00e1rea, uma vez que o per\u00edodo chuvoso se aproxima.<\/p>\n<p>A Defesa Civil, os bombeiros e a Secretaria de Obras (SO) da Prefeitura de Juiz de Fora (PJF) est\u00e3o fazendo s\u00e9rie de interven\u00e7\u00f5es de car\u00e1ter preventivo em \u00e1reas atingidas pelas chuvas do in\u00edcio do ano. A a\u00e7\u00e3o tem o objetivo de preservar os locais, at\u00e9 que obras de recupera\u00e7\u00e3o definitivas sejam executadas. Procedimentos como desvio de \u00e1guas, veda\u00e7\u00e3o de trincas, coloca\u00e7\u00e3o de lonas e interdi\u00e7\u00e3o s\u00e3o adotados para salvaguarda de vidas.<\/p>\n<p><strong>Fonte:<\/strong> Assessoria<\/p>\n","protected":false},"excerpt":{"rendered":"<p>Numa a\u00e7\u00e3o preventiva, pr\u00e9-programada, a Defesa Civil de Juiz de Fora, juntamente com militares do 4\u00ba Batalh\u00e3o do Corpo de Bombeiros (4\u00ba BBM), esteve na manh\u00e3 desta quinta-feira, 15, no Bairro Santa C\u00e2ndida, para avalia\u00e7\u00e3o de \u00e1rea interditada, devido a deslizamento de terra ocorrido em fevereiro deste ano. Os profissionais analisaram as condi\u00e7\u00f5es da encosta, [&hellip;]<\/p>\n","protected":false},"author":96,"featured_media":171073,"comment_status":"closed","ping_status":"closed","sticky":false,"template":"","format":"standard","meta":{"footnotes":""},"categories":[253,436,439],"tags":[],"class_list":["post-171072","post","type-post","status-publish","format-standard","has-post-thumbnail","hentry","category-cidade","category-destaque-da-semana","category-ultima-hora"],"_links":{"self":[{"href":"https:\/\/diarioregionaldigital.com.br\/index.php?rest_route=\/wp\/v2\/posts\/171072","targetHints":{"allow":["GET"]}}],"collection":[{"href":"https:\/\/diarioregionaldigital.com.br\/index.php?rest_route=\/wp\/v2\/posts"}],"about":[{"href":"https:\/\/diarioregionaldigital.com.br\/index.php?rest_route=\/wp\/v2\/types\/post"}],"author":[{"embeddable":true,"href":"https:\/\/diarioregionaldigital.com.br\/index.php?rest_route=\/wp\/v2\/users\/96"}],"replies":[{"embeddable":true,"href":"https:\/\/diarioregionaldigital.com.br\/index.php?rest_route=%2Fwp%2Fv2%2Fcomments&post=171072"}],"version-history":[{"count":0,"href":"https:\/\/diarioregionaldigital.com.br\/index.php?rest_route=\/wp\/v2\/posts\/171072\/revisions"}],"wp:featuredmedia":[{"embeddable":true,"href":"https:\/\/diarioregionaldigital.com.br\/index.php?rest_route=\/wp\/v2\/media\/171073"}],"wp:attachment":[{"href":"https:\/\/diarioregionaldigital.com.br\/index.php?rest_route=%2Fwp%2Fv2%2Fmedia&parent=171072"}],"wp:term":[{"taxonomy":"category","embeddable":true,"href":"https:\/\/diarioregionaldigital.com.br\/index.php?rest_route=%2Fwp%2Fv2%2Fcategories&post=171072"},{"taxonomy":"post_tag","embeddable":true,"href":"https:\/\/diarioregionaldigital.com.br\/index.php?rest_route=%2Fwp%2Fv2%2Ftags&post=171072"}],"curies":[{"name":"wp","href":"https:\/\/api.w.org\/{rel}","templated":true}]}}