{"id":171069,"date":"2020-10-15T19:22:20","date_gmt":"2020-10-15T22:22:20","guid":{"rendered":"https:\/\/diarioregionaldigital.com.br\/?p=171069"},"modified":"2020-10-15T19:22:20","modified_gmt":"2020-10-15T22:22:20","slug":"por-9-a-1-stf-confirma-ordem-de-prisao-para-andre-do-rap","status":"publish","type":"post","link":"https:\/\/diarioregionaldigital.com.br\/?p=171069","title":{"rendered":"Por 9 a 1, STF confirma ordem de pris\u00e3o para Andr\u00e9 do Rap"},"content":{"rendered":"<p>Por 9 votos a 1, o Supremo Tribunal Federal (STF) confirmou hoje (15) a decis\u00e3o do presidente da Corte, ministro Luiz Lux, que restabeleceu a ordem de pris\u00e3o do traficante Andr\u00e9 Oliveira Macedo, conhecido como Andr\u00e9 do Rap. Ele \u00e9 acusado de tr\u00e1fico internacional de drogas e de ser um dos l\u00edderes de uma fac\u00e7\u00e3o criminosa que atua dentro e fora dos pres\u00eddios brasileiros. Andr\u00e9 do Rap est\u00e1 foragido desde a semana passada.<img decoding=\"async\" src=\"https:\/\/agenciabrasil.ebc.com.br\/ebc.png?id=1390745&amp;o=node\" \/><img decoding=\"async\" src=\"https:\/\/agenciabrasil.ebc.com.br\/ebc.gif?id=1390745&amp;o=node\" \/><\/p>\n<p>A Corte referendou a decis\u00e3o de Fux que, no s\u00e1bado (10), derrubou uma decis\u00e3o individual do ministro Marco Aur\u00e9lio, relator do caso, que concedeu liberdade ao traficante. A decis\u00e3o foi motivada por um recurso da Procuradoria-Geral da Rep\u00fablica (PGR).<\/p>\n<p>Na sess\u00e3o de ontem (14), primeiro dia do julgamento, os ministros formaram a maioria de votos para manter a pris\u00e3o. Acompanharam o posicionamento do presidente os ministros Alexandre de Moraes, Edson Fachin, Lu\u00eds Roberto Barroso, Rosa Weber e Dias Toffoli.<\/p>\n<p>Na sess\u00e3o de hoje, o placar foi acrescido dos votos da ministra C\u00e1rmen L\u00facia e dos ministros Ricardo Lewandowski e Gilmar Mendes.<\/p>\n<p>O \u00fanico voto contr\u00e1rio foi proferido por Marco Aur\u00e9lio, que manteve seu entendimento favor\u00e1vel \u00e0 soltura do traficante. Ao justificar a liberta\u00e7\u00e3o, o ministro argumentou novamente que a pris\u00e3o preventiva deve ser reanalisada a cada 90 dias, de acordo com o C\u00f3digo de Processo Penal (CPP). Dessa forma, se o prazo n\u00e3o for cumprido pela Justi\u00e7a, pelo Minist\u00e9rio P\u00fablico e pela pol\u00edcia, a manuten\u00e7\u00e3o da pris\u00e3o se torna ilegal por ter ultrapassado o tempo determinado por lei.<\/p>\n<p>\u201cContinuo convencido do acerto da liminar que implementei. Se algu\u00e9m falhou, n\u00e3o fui eu. N\u00e3o posso ser colocado como bode expiat\u00f3rio, considerada uma falta de dilig\u00eancia do juiz de origem, uma falta de dilig\u00eancia do Minist\u00e9rio P\u00fablico ou uma falta de dilig\u00eancia na representa\u00e7\u00e3o da pr\u00f3pria pol\u00edcia. A menos que eu criasse um crit\u00e9rio de plant\u00e3o\u201d, afirmou.<\/p>\n<p>No \u00faltimo s\u00e1bado, no momento em que a pris\u00e3o foi restabelecida por Fux, Andr\u00e9 do Rap, que estava preso desde setembro do ano passado, j\u00e1 tinha deixado a penitenci\u00e1ria de Presidente Venceslau (SP).<\/p>\n<p>A Pol\u00edcia Civil de S\u00e3o Paulo realizou no \u00faltimo fim de semana uma opera\u00e7\u00e3o para tentar recapturar o traficante, mas sem sucesso. De acordo com os investigadores, Andr\u00e9 do Rap pode ter fugido para o Paraguai. O nome dele foi inclu\u00eddo na lista de procurados da Interpol.<\/p>\n<p><strong>Fonte:<\/strong> Ag\u00eancia Brasil<\/p>\n","protected":false},"excerpt":{"rendered":"<p>Por 9 votos a 1, o Supremo Tribunal Federal (STF) confirmou hoje (15) a decis\u00e3o do presidente da Corte, ministro Luiz Lux, que restabeleceu a ordem de pris\u00e3o do traficante Andr\u00e9 Oliveira Macedo, conhecido como Andr\u00e9 do Rap. Ele \u00e9 acusado de tr\u00e1fico internacional de drogas e de ser um dos l\u00edderes de uma fac\u00e7\u00e3o [&hellip;]<\/p>\n","protected":false},"author":96,"featured_media":171070,"comment_status":"closed","ping_status":"closed","sticky":false,"template":"","format":"standard","meta":{"footnotes":""},"categories":[436,254,439],"tags":[],"class_list":["post-171069","post","type-post","status-publish","format-standard","has-post-thumbnail","hentry","category-destaque-da-semana","category-politica","category-ultima-hora"],"_links":{"self":[{"href":"https:\/\/diarioregionaldigital.com.br\/index.php?rest_route=\/wp\/v2\/posts\/171069","targetHints":{"allow":["GET"]}}],"collection":[{"href":"https:\/\/diarioregionaldigital.com.br\/index.php?rest_route=\/wp\/v2\/posts"}],"about":[{"href":"https:\/\/diarioregionaldigital.com.br\/index.php?rest_route=\/wp\/v2\/types\/post"}],"author":[{"embeddable":true,"href":"https:\/\/diarioregionaldigital.com.br\/index.php?rest_route=\/wp\/v2\/users\/96"}],"replies":[{"embeddable":true,"href":"https:\/\/diarioregionaldigital.com.br\/index.php?rest_route=%2Fwp%2Fv2%2Fcomments&post=171069"}],"version-history":[{"count":0,"href":"https:\/\/diarioregionaldigital.com.br\/index.php?rest_route=\/wp\/v2\/posts\/171069\/revisions"}],"wp:featuredmedia":[{"embeddable":true,"href":"https:\/\/diarioregionaldigital.com.br\/index.php?rest_route=\/wp\/v2\/media\/171070"}],"wp:attachment":[{"href":"https:\/\/diarioregionaldigital.com.br\/index.php?rest_route=%2Fwp%2Fv2%2Fmedia&parent=171069"}],"wp:term":[{"taxonomy":"category","embeddable":true,"href":"https:\/\/diarioregionaldigital.com.br\/index.php?rest_route=%2Fwp%2Fv2%2Fcategories&post=171069"},{"taxonomy":"post_tag","embeddable":true,"href":"https:\/\/diarioregionaldigital.com.br\/index.php?rest_route=%2Fwp%2Fv2%2Ftags&post=171069"}],"curies":[{"name":"wp","href":"https:\/\/api.w.org\/{rel}","templated":true}]}}