{"id":171066,"date":"2020-10-15T19:12:47","date_gmt":"2020-10-15T22:12:47","guid":{"rendered":"https:\/\/diarioregionaldigital.com.br\/?p=171066"},"modified":"2020-10-15T19:12:47","modified_gmt":"2020-10-15T22:12:47","slug":"se-apresenta-acoes-educacionais-realizadas-no-periodo-da-pandemia","status":"publish","type":"post","link":"https:\/\/diarioregionaldigital.com.br\/?p=171066","title":{"rendered":"SE apresenta a\u00e7\u00f5es educacionais realizadas no per\u00edodo da pandemia"},"content":{"rendered":"<p>Na manh\u00e3 desta quinta-feira (15), o prefeito Ant\u00f4nio Almas anunciou, em entrevista coletiva\/live, nas redes sociais, as medidas tomadas pela Secretaria de Educa\u00e7\u00e3o (SE) da Prefeitura de Juiz de Fora (PJF), para criar alternativas que possibilitaram, e continuam possibilitando, viv\u00eancias e aprendizagens significativas aos estudantes integrados \u00e0 rede municipal de Educa\u00e7\u00e3o na cidade, durante a pandemia de covid-19. Entre as a\u00e7\u00f5es realizadas, o projeto \u201cCadinho de Prosa\u201d, criado em maio, enfatiza a promo\u00e7\u00e3o do acolhimento e fortalecimento de v\u00ednculos, envolvendo beb\u00eas, crian\u00e7as, alunos e alunas, bem como suas fam\u00edlias, com o objetivo de favorecer articula\u00e7\u00f5es pedag\u00f3gicas no \u00e2mbito da presen\u00e7a remota.<\/p>\n<p>O \u201cCadinho de Prosa\u201d conta com diferentes atividades e parceiros para sua efetiva\u00e7\u00e3o, o que foi destacado, durante o evento, ser de fundamental import\u00e2ncia. Esta parceria \u00e9 composta pelas escolas, creches e centros de atendimento especializados, atrav\u00e9s de seus diretores, coordenadores pedag\u00f3gicos, professores e demais funcion\u00e1rios vinculados \u00e0 rede municipal de ensino.<br \/>\nNo decorrer da entrevista coletiva, a secret\u00e1ria de Educa\u00e7\u00e3o, Denise Vieira Franco, ressaltou os trabalhos realizados pela SE, como, por exemplo, as mostras \u201cProfessor Tamb\u00e9m faz Arte\u201d e \u201cEstudantil de Arte\u201d, al\u00e9m do \u201cInterc\u00e2mbio Cultural de Creches\u201d, todos realizados de forma online, al\u00e9m das lives do projeto \u201cCaravana de Hist\u00f3rias\u201d. A essas promo\u00e7\u00f5es, a secretaria acrescentou o cart\u00e3o vale-alimenta\u00e7\u00e3o, que tem beneficiado cerca de 12 mil alunos da Rede Municipal, com o aporte de R$ 50 por m\u00eas, por matr\u00edcula, visando a aquisi\u00e7\u00e3o de alimentos dentro do dispositivo do Programa Nacional de Alimenta\u00e7\u00e3o Escolar (Pnae).<\/p>\n<p>O \u201cCadinho de Prosa\u201d \u00e9 organizado em v\u00e1rias vertentes: a plataforma digital (<a href=\"https:\/\/sites.google.com\/view\/cadinho-de-prosa\">sites.google.com\/view\/cadinho-de-prosa<\/a>), o canal do youtube (com mais de 4.600 inscritos), narrativas da quarentena, plataforma Moodle, Webinars e lives, para forma\u00e7\u00e3o continuada, programa de TV e parceria com o projeto \u201cVamos Aprender\u201d, organizado pela Uni\u00e3o Nacional dos Dirigentes Municipais de Educa\u00e7\u00e3o (Undime) e o Conselho Nacional dos Secret\u00e1rios de Educa\u00e7\u00e3o (Consed), com apoio das funda\u00e7\u00f5es \u201cLemann\u201d e \u201cRoberto Marinho\u201d, do Centro de Inova\u00e7\u00e3o Para a Educa\u00e7\u00e3o Brasileira (Cieb) e da Organiza\u00e7\u00e3o das Na\u00e7\u00f5es Unidas para a Educa\u00e7\u00e3o, a Ci\u00eancia e a Cultura (Unesco), disponibilizado por meio da parceria com a JFTV C\u00e2mara, atrav\u00e9s do canal 35.1. Al\u00e9m dessa parceria, est\u00e1 sendo realizada licita\u00e7\u00e3o para aquisi\u00e7\u00e3o de canal televisivo, que apresentar\u00e1 programas educacionais durante 24 horas por dia, sete dias por semana.<\/p>\n<p>Outra iniciativa apresentada foi o aplicativo do \u201cCadinho de Prosa\u201d, complemento para o acompanhamento da grade na televis\u00e3o. O usu\u00e1rio n\u00e3o precisa baixar o app, basta acessar o link\u00a0<a href=\"https:\/\/app.vc\/cadinhodeprosa\">app.vc\/cadinhodeprosa<\/a>\u00a0para acompanhar a programa\u00e7\u00e3o da semana, ver os v\u00eddeos que ser\u00e3o exibidos \u00e0 hora que quiser, al\u00e9m de poder entrar em contato, caso tenha alguma dificuldade de usar a ferramenta, ou at\u00e9 mesmo para contribuir com alguma sugest\u00e3o. O aplicativo foi elaborado para que, de forma simples, alunos, familiares e professores possam acessar e usufruir da melhor forma o seu conte\u00fado. Professores na elabora\u00e7\u00e3o de atividades podem, por exemplo, ver o roteiro de cada v\u00eddeo e organizar suas atividades em rela\u00e7\u00e3o ao conte\u00fado que ser\u00e1 exibido na TV, e alunos que perderem alguma atividade podem ter acesso aos v\u00eddeos pelo app.<\/p>\n<p>O prefeito Ant\u00f4nio Almas, ao final do evento, assinou contrato de constru\u00e7\u00e3o da escola de educa\u00e7\u00e3o infantil. fruto do \u201cOr\u00e7amento Participativo\u201d, projeto retomado ap\u00f3s 15 anos. A obra tem valor or\u00e7ado em R$ 1,5 milh\u00e3o e atender\u00e1 crian\u00e7as de tr\u00eas a cinco anos. A escola ficar\u00e1 localizada no Bairro Maril\u00e2ndia.<\/p>\n<p>\u201cEsse momento, quando estamos enfrentando a pandemia, trouxe uma s\u00e9rie de dificuldades para todos os setores, mas trouxe tamb\u00e9m a necessidade de reinven\u00e7\u00e3o, de a gente aprender com que estamos vivendo e construir alternativas para um poss\u00edvel novo normal. Esse evento de hoje foi exatamente isso. A Secretaria de Educa\u00e7\u00e3o mostrando alternativas que tem desenvolvido, do ponto de vista de tentar chegar ao aluno, em todo territ\u00f3rio de Juiz de Fora, n\u00e3o s\u00f3 na regi\u00e3o central, mas tamb\u00e9m na zona rural, para que ele possa continuar o seu processo de aprendizagem. Por outro lado, criamos mecanismos para levar o recurso da merenda aos nossos alunos, e o evento marca o compromisso do or\u00e7amento deste ano para a constru\u00e7\u00e3o de uma escola infantil, da qual assinamos a ordem de servi\u00e7o\u201d, avaliou o prefeito Ant\u00f4nio Almas.<\/p>\n<p>A secret\u00e1ria de Educa\u00e7\u00e3o fez, ainda, alerta aos pais e respons\u00e1veis dos alunos da rede municipal de ensino, para que procurem suas respectivas escolas e busquem as atividades pedag\u00f3gicas. Essas tarefas, elaboradas pelos professores, precisam ser realizadas pelos alunos em casa. Denise explicou que cada escola possui um cronograma para a devolu\u00e7\u00e3o das atividades realizadas e, por isso, \u00e9 necess\u00e1rio ir at\u00e9 a institui\u00e7\u00e3o para se informar sobre hor\u00e1rios e dias de atendimento. A devolu\u00e7\u00e3o do material trabalhado pode ser feita no mesmo local ou, ent\u00e3o, via internet, de acordo com o canal de comunica\u00e7\u00e3o previamente estabelecido.<\/p>\n<p>Sobre o evento, a secret\u00e1ria de Educa\u00e7\u00e3o afirmou que \u201cestamos, nesse momento, aprendendo a trabalhar coletivamente. Ent\u00e3o, \u00e9 superimportante o desenvolvimento do trabalho ser atrav\u00e9s das diferentes linguagens, da inform\u00e1tica, do facebook, blogs, whatsapp, mas h\u00e1 import\u00e2ncia tamb\u00e9m do trabalho presencial e dos programas de TV que estamos veiculando. \u00c9 um processo novo, desafiador, mas que tem sido muito potente dentro das propostas que as escolas constru\u00edram para suas comunidades. Ent\u00e3o, temos que valorizar esse processo de esperan\u00e7ar, que n\u00e3o \u00e9 o processo de esperar, mas de acreditar que as crian\u00e7as podem aprender mesmo neste momento de pandemia\u201d.<\/p>\n<p><strong>Fonte:<\/strong> Assessoria<\/p>\n","protected":false},"excerpt":{"rendered":"<p>Na manh\u00e3 desta quinta-feira (15), o prefeito Ant\u00f4nio Almas anunciou, em entrevista coletiva\/live, nas redes sociais, as medidas tomadas pela Secretaria de Educa\u00e7\u00e3o (SE) da Prefeitura de Juiz de Fora (PJF), para criar alternativas que possibilitaram, e continuam possibilitando, viv\u00eancias e aprendizagens significativas aos estudantes integrados \u00e0 rede municipal de Educa\u00e7\u00e3o na cidade, durante a [&hellip;]<\/p>\n","protected":false},"author":96,"featured_media":171067,"comment_status":"closed","ping_status":"closed","sticky":false,"template":"","format":"standard","meta":{"footnotes":""},"categories":[253,436,440,439],"tags":[],"class_list":["post-171066","post","type-post","status-publish","format-standard","has-post-thumbnail","hentry","category-cidade","category-destaque-da-semana","category-destaques-do-dia","category-ultima-hora"],"_links":{"self":[{"href":"https:\/\/diarioregionaldigital.com.br\/index.php?rest_route=\/wp\/v2\/posts\/171066","targetHints":{"allow":["GET"]}}],"collection":[{"href":"https:\/\/diarioregionaldigital.com.br\/index.php?rest_route=\/wp\/v2\/posts"}],"about":[{"href":"https:\/\/diarioregionaldigital.com.br\/index.php?rest_route=\/wp\/v2\/types\/post"}],"author":[{"embeddable":true,"href":"https:\/\/diarioregionaldigital.com.br\/index.php?rest_route=\/wp\/v2\/users\/96"}],"replies":[{"embeddable":true,"href":"https:\/\/diarioregionaldigital.com.br\/index.php?rest_route=%2Fwp%2Fv2%2Fcomments&post=171066"}],"version-history":[{"count":0,"href":"https:\/\/diarioregionaldigital.com.br\/index.php?rest_route=\/wp\/v2\/posts\/171066\/revisions"}],"wp:featuredmedia":[{"embeddable":true,"href":"https:\/\/diarioregionaldigital.com.br\/index.php?rest_route=\/wp\/v2\/media\/171067"}],"wp:attachment":[{"href":"https:\/\/diarioregionaldigital.com.br\/index.php?rest_route=%2Fwp%2Fv2%2Fmedia&parent=171066"}],"wp:term":[{"taxonomy":"category","embeddable":true,"href":"https:\/\/diarioregionaldigital.com.br\/index.php?rest_route=%2Fwp%2Fv2%2Fcategories&post=171066"},{"taxonomy":"post_tag","embeddable":true,"href":"https:\/\/diarioregionaldigital.com.br\/index.php?rest_route=%2Fwp%2Fv2%2Ftags&post=171066"}],"curies":[{"name":"wp","href":"https:\/\/api.w.org\/{rel}","templated":true}]}}