{"id":171062,"date":"2020-10-15T18:50:50","date_gmt":"2020-10-15T21:50:50","guid":{"rendered":"https:\/\/diarioregionaldigital.com.br\/?p=171062"},"modified":"2020-10-15T18:50:50","modified_gmt":"2020-10-15T21:50:50","slug":"outubro-rosa-casa-da-mulher-faz-parceria-para-realizacao-de-exames","status":"publish","type":"post","link":"https:\/\/diarioregionaldigital.com.br\/?p=171062","title":{"rendered":"\u201cOutubro Rosa\u201d \u2013 \u201cCasa da Mulher\u201d faz parceria para realiza\u00e7\u00e3o de exames"},"content":{"rendered":"<p><span style=\"font-weight: 400;\">Mulheres v\u00edtimas de viol\u00eancia dom\u00e9stica, assistidas pela \u201cCasa da Mulher\u201d \u2013 Centro de Refer\u00eancia da Prefeitura de Juiz de Fora (PJF), ser\u00e3o encaminhadas para realiza\u00e7\u00e3o de exames ginecol\u00f3gicos, citol\u00f3gicos e mamografias, gratuitamente. A a\u00e7\u00e3o, denominada \u201cMar\u00e9 Rosa\u201d, \u00e9 resultante da parceria da Casa com o projeto \u201cMar\u00e9\u201d, desenvolvido pela advogada Ma\u00edra Gondim Almeida e a estudante de Psicologia, Mayumi Oka Penna.<\/span><\/p>\n<p>&nbsp;<\/p>\n<p><span style=\"font-weight: 400;\">\u201cO trabalho da \u00b4Casa da Mulher` \u00e9 realizado com muitas m\u00e3os, e neste m\u00eas em que marcamos a luta contra o c\u00e2ncer de mama, com o \u00b4Outubro Rosa`, \u00e9 fundamental que nos unamos em a\u00e7\u00f5es que visem \u00e0 preven\u00e7\u00e3o. Prestar esse atendimento \u00e0s mulheres que chegam \u00e0 Casa, por tantas vezes desamparadas, \u00e9 contribuir para que sejam reinseridas, n\u00e3o s\u00f3 socialmente, mas no aspecto da pr\u00f3pria sa\u00fade feminina\u201d, destacou a coordenadora da Casa, Maria Luiza Moraes.<\/span><\/p>\n<p><span style=\"font-weight: 400;\">A estudante, e uma das idealizadoras do projeto, Mayumi Penna, explicou que a parceria foi fortalecida em fun\u00e7\u00e3o do trabalho j\u00e1 realizado pela Casa: \u201cNossa a\u00e7\u00e3o foi baseada na ideia de complementar o servi\u00e7o oferecido. Acreditamos que todo apoio a essas mulheres \u00e9 fundamental e necess\u00e1rio, e o acesso \u00e0 sa\u00fade \u00e9 servi\u00e7o b\u00e1sico, ao qual, muitas vezes, elas n\u00e3o t\u00eam acesso. Por isso, juntamos for\u00e7as, atrav\u00e9s de parceiros e volunt\u00e1rios, para fornecer atendimento ginecol\u00f3gico, exames preventivos e tratamento oncol\u00f3gico, se necess\u00e1rio. Aliamos esta a\u00e7\u00e3o ao \u00b4Outubro Rosa`, porque acreditamos que, al\u00e9m de conscientizar, precisamos agir\u201d.<\/span><\/p>\n<p><span style=\"font-weight: 400;\">As mulheres que necessitam do atendimento da Casa ser\u00e3o direcionadas, mediante agendamento, a cl\u00ednica particular, para atendimento. Inicialmente, a a\u00e7\u00e3o ser\u00e1 limitada a cem pessoas. Os atendimentos ginecol\u00f3gicos ocorrer\u00e3o aos s\u00e1bados, em outubro, a partir do dia 17, e poder\u00e3o se estender para novembro e dezembro, conforme a demanda. Os exames citol\u00f3gicos ser\u00e3o realizados por laborat\u00f3rio especializado, e, posteriormente, encaminhados e analisados por profissionais da Associa\u00e7\u00e3o Feminina de Preven\u00e7\u00e3o e Combate ao C\u00e2ncer de Juiz de Fora (Ascomcer). As mulheres que, eventualmente, necessitarem de tratamento oncol\u00f3gico, ser\u00e3o encaminhadas para tratamento na pr\u00f3pria unidade hospitalar. A Ascomcer tamb\u00e9m garantir\u00e1, nessa parceria com o &#8220;Mar\u00e9 Rosa&#8221;, mamografia para as mulheres que estejam na faixa et\u00e1ria de 50 a 69 anos.<\/span><\/p>\n<p><b>A \u201cCasa da Mulher\u201d<\/b><\/p>\n<p><span style=\"font-weight: 400;\">O Centro de Refer\u00eancia est\u00e1 realizando os atendimentos de segunda a sexta-feira, mediante agendamento. Os atendimentos jur\u00eddicos e emiss\u00e3o de medidas protetivas est\u00e3o funcionando das 8 \u00e0s 12 horas, e o psicol\u00f3gico, das 13 \u00e0s 17 horas. O agendamento deve ser realizado pelo telefone 3690-7292. O endere\u00e7o \u00e9 Rua Uruguaiana, 94, Bairro Jardim Gl\u00f3ria.<\/span><\/p>\n<p><strong>Fonte:\u00a0<\/strong>Assessoria<\/p>\n","protected":false},"excerpt":{"rendered":"<p>Mulheres v\u00edtimas de viol\u00eancia dom\u00e9stica, assistidas pela \u201cCasa da Mulher\u201d \u2013 Centro de Refer\u00eancia da Prefeitura de Juiz de Fora (PJF), ser\u00e3o encaminhadas para realiza\u00e7\u00e3o de exames ginecol\u00f3gicos, citol\u00f3gicos e mamografias, gratuitamente. A a\u00e7\u00e3o, denominada \u201cMar\u00e9 Rosa\u201d, \u00e9 resultante da parceria da Casa com o projeto \u201cMar\u00e9\u201d, desenvolvido pela advogada Ma\u00edra Gondim Almeida e a [&hellip;]<\/p>\n","protected":false},"author":96,"featured_media":171064,"comment_status":"closed","ping_status":"closed","sticky":false,"template":"","format":"standard","meta":{"footnotes":""},"categories":[253,436,439],"tags":[],"class_list":["post-171062","post","type-post","status-publish","format-standard","has-post-thumbnail","hentry","category-cidade","category-destaque-da-semana","category-ultima-hora"],"_links":{"self":[{"href":"https:\/\/diarioregionaldigital.com.br\/index.php?rest_route=\/wp\/v2\/posts\/171062","targetHints":{"allow":["GET"]}}],"collection":[{"href":"https:\/\/diarioregionaldigital.com.br\/index.php?rest_route=\/wp\/v2\/posts"}],"about":[{"href":"https:\/\/diarioregionaldigital.com.br\/index.php?rest_route=\/wp\/v2\/types\/post"}],"author":[{"embeddable":true,"href":"https:\/\/diarioregionaldigital.com.br\/index.php?rest_route=\/wp\/v2\/users\/96"}],"replies":[{"embeddable":true,"href":"https:\/\/diarioregionaldigital.com.br\/index.php?rest_route=%2Fwp%2Fv2%2Fcomments&post=171062"}],"version-history":[{"count":0,"href":"https:\/\/diarioregionaldigital.com.br\/index.php?rest_route=\/wp\/v2\/posts\/171062\/revisions"}],"wp:featuredmedia":[{"embeddable":true,"href":"https:\/\/diarioregionaldigital.com.br\/index.php?rest_route=\/wp\/v2\/media\/171064"}],"wp:attachment":[{"href":"https:\/\/diarioregionaldigital.com.br\/index.php?rest_route=%2Fwp%2Fv2%2Fmedia&parent=171062"}],"wp:term":[{"taxonomy":"category","embeddable":true,"href":"https:\/\/diarioregionaldigital.com.br\/index.php?rest_route=%2Fwp%2Fv2%2Fcategories&post=171062"},{"taxonomy":"post_tag","embeddable":true,"href":"https:\/\/diarioregionaldigital.com.br\/index.php?rest_route=%2Fwp%2Fv2%2Ftags&post=171062"}],"curies":[{"name":"wp","href":"https:\/\/api.w.org\/{rel}","templated":true}]}}