{"id":171056,"date":"2020-10-15T18:12:00","date_gmt":"2020-10-15T21:12:00","guid":{"rendered":"https:\/\/diarioregionaldigital.com.br\/?p=171056"},"modified":"2020-10-15T18:12:00","modified_gmt":"2020-10-15T21:12:00","slug":"dia-d-contra-poliomielite-e-multivacinacao-sera-realizado-neste-sabado","status":"publish","type":"post","link":"https:\/\/diarioregionaldigital.com.br\/?p=171056","title":{"rendered":"&#8220;Dia D&#8221; contra poliomielite e multivacina\u00e7\u00e3o ser\u00e1 realizado neste s\u00e1bado"},"content":{"rendered":"<p><span style=\"font-weight: 400;\">As unidades b\u00e1sicas de Sa\u00fade (UBSs), o Pronto Atendimento M\u00e9dico (PAM) Marechal e o Departamento de Sa\u00fade da Mulher, Crian\u00e7a e Adolescente (DSMCA), estar\u00e3o em atividade neste s\u00e1bado (17), para a realiza\u00e7\u00e3o do &#8220;Dia D&#8221; contra poliomielite e multivacina\u00e7\u00e3o.\u00a0<\/span><\/p>\n<p><span style=\"font-weight: 400;\">A campanha contra p\u00f3lio ir\u00e1 abranger crian\u00e7as de um a menores de cinco anos e a outra etapa ser\u00e1 feita em crian\u00e7as e adolescentes menores de 15 anos, colocando o cart\u00e3o em dia. No territ\u00f3rio nacional, a meta estipulada para cobertura vacinal \u00e9 de 95%. Conforme a Prefeitura de Juiz de Fora (PJF), s\u00e3o 24.033 a serem imunizadas contra a doen\u00e7a.<\/span><\/p>\n<p><span style=\"font-weight: 400;\">Segundo a m\u00e9dica Delaine La Gatta Carminate, supervisora da Unidade B\u00e1sica de Sa\u00fade (UBS) do Bairro Bandeirantes (Regi\u00e3o Nordeste), \u201c\u00e9 importante estar atento para a gravidade da doen\u00e7a, capaz de gerar sequelas motoras, neurol\u00f3gicas e limita\u00e7\u00f5es f\u00edsicas funcionais, como atrofia dos membros inferiores para o resto da vida, e, inclusive, morte\u201d, diz Delaine que refor\u00e7a que a p\u00f3lio \u00e9 preven\u00edvel, atrav\u00e9s de vacina encontrada em todos os postos.<\/span><\/p>\n<p><span style=\"font-weight: 400;\">J\u00e1 a m\u00e9dica Fernanda M\u00e1rcia Sell de Miranda, do Pronto Atendimento Infantil (PAI), critica a mudan\u00e7a no comportamento de boa parte da popula\u00e7\u00e3o, que procura a vacina\u00e7\u00e3o s\u00f3 quando se sente amea\u00e7ada:<\/span><\/p>\n<p><span style=\"font-weight: 400;\">\u201c\u00c9 necess\u00e1rio que as coberturas vacinais estejam elevadas para que microorganismos causadores das doen\u00e7as n\u00e3o retornem. O Sarampo por exemplo voltou, Tivemos casos em S\u00e3o Paulo, Rio de Janeiro e Minas Gerais\u201d exemplificou, lembrando que esta \u00e9 doen\u00e7a agressiva e de elevada taxa de transmiss\u00e3o.<\/span><\/p>\n<p><span style=\"font-weight: 400;\">O calend\u00e1rio de vacina\u00e7\u00e3o do Sistema \u00danico de Sa\u00fade (SUS) \u00e9 considerado um dos melhores do mundo. As vacinas mais novas, inclu\u00eddas no Programa Nacional de Imuniza\u00e7\u00e3o (PNI), s\u00e3o \u00e0 ACWY, que combate quatro tipos de meningite, e a HPV, que previne o c\u00e2ncer de colo de \u00fatero. \u201cN\u00e3o devemos desperdi\u00e7ar a oportunidade de preven\u00e7\u00e3o\u201d, ressaltou Fernanda Sell. Delaine Carminate destacou tamb\u00e9m que os elevados \u00edndices de cobertura evitam que os v\u00edrus e as bact\u00e9rias circulem e, consequentemente, as doen\u00e7as voltem.<\/span><\/p>\n<p><b>Campanhas de vacina\u00e7\u00e3o<\/b><\/p>\n<p><span style=\"font-weight: 400;\">A aplica\u00e7\u00e3o da vacina contra a poliomielite, voltada para crian\u00e7as de um ano a menores de cinco anos, e a multivacina\u00e7\u00e3o, para crian\u00e7as e adolescentes menores de 15, est\u00e1 acontecendo de segunda a sexta-feira, nas unidades b\u00e1sicas de Sa\u00fade (UBSs), das 8 horas \u00e0s 10h30 e das 13h \u00e0s 16h30; no Pronto Atendimento M\u00e9dico (PAM) Marechal, das 8h00 \u00e0s 16h30; e no Departamento de Sa\u00fade da Mulher, Crian\u00e7a e Adolescente (DSMCA), na Rua S\u00e3o Sebasti\u00e3o, 772, Centro, das 8h30 \u00e0s 15h30.<\/span><\/p>\n<p><span style=\"font-weight: 400;\">No \u201cDia D\u201d, a vacina\u00e7\u00e3o contra a p\u00f3lio e a multivacina\u00e7\u00e3o ocorrer\u00e3o nas mesmas unidades, no hor\u00e1rio das 8 \u00e0s 17h00. As campanhas s\u00e3o consideradas fundamentais para preven\u00e7\u00e3o e controle das doen\u00e7as, e para que as controladas ou eliminadas n\u00e3o retornem ao pa\u00eds.<\/span><\/p>\n<p>&nbsp;<\/p>\n","protected":false},"excerpt":{"rendered":"<p>As unidades b\u00e1sicas de Sa\u00fade (UBSs), o Pronto Atendimento M\u00e9dico (PAM) Marechal e o Departamento de Sa\u00fade da Mulher, Crian\u00e7a e Adolescente (DSMCA), estar\u00e3o em atividade neste s\u00e1bado (17), para a realiza\u00e7\u00e3o do &#8220;Dia D&#8221; contra poliomielite e multivacina\u00e7\u00e3o.\u00a0 A campanha contra p\u00f3lio ir\u00e1 abranger crian\u00e7as de um a menores de cinco anos e a [&hellip;]<\/p>\n","protected":false},"author":96,"featured_media":171057,"comment_status":"closed","ping_status":"closed","sticky":false,"template":"","format":"standard","meta":{"footnotes":""},"categories":[253,436,440,439],"tags":[],"class_list":["post-171056","post","type-post","status-publish","format-standard","has-post-thumbnail","hentry","category-cidade","category-destaque-da-semana","category-destaques-do-dia","category-ultima-hora"],"_links":{"self":[{"href":"https:\/\/diarioregionaldigital.com.br\/index.php?rest_route=\/wp\/v2\/posts\/171056","targetHints":{"allow":["GET"]}}],"collection":[{"href":"https:\/\/diarioregionaldigital.com.br\/index.php?rest_route=\/wp\/v2\/posts"}],"about":[{"href":"https:\/\/diarioregionaldigital.com.br\/index.php?rest_route=\/wp\/v2\/types\/post"}],"author":[{"embeddable":true,"href":"https:\/\/diarioregionaldigital.com.br\/index.php?rest_route=\/wp\/v2\/users\/96"}],"replies":[{"embeddable":true,"href":"https:\/\/diarioregionaldigital.com.br\/index.php?rest_route=%2Fwp%2Fv2%2Fcomments&post=171056"}],"version-history":[{"count":0,"href":"https:\/\/diarioregionaldigital.com.br\/index.php?rest_route=\/wp\/v2\/posts\/171056\/revisions"}],"wp:featuredmedia":[{"embeddable":true,"href":"https:\/\/diarioregionaldigital.com.br\/index.php?rest_route=\/wp\/v2\/media\/171057"}],"wp:attachment":[{"href":"https:\/\/diarioregionaldigital.com.br\/index.php?rest_route=%2Fwp%2Fv2%2Fmedia&parent=171056"}],"wp:term":[{"taxonomy":"category","embeddable":true,"href":"https:\/\/diarioregionaldigital.com.br\/index.php?rest_route=%2Fwp%2Fv2%2Fcategories&post=171056"},{"taxonomy":"post_tag","embeddable":true,"href":"https:\/\/diarioregionaldigital.com.br\/index.php?rest_route=%2Fwp%2Fv2%2Ftags&post=171056"}],"curies":[{"name":"wp","href":"https:\/\/api.w.org\/{rel}","templated":true}]}}