{"id":171054,"date":"2020-10-15T17:50:47","date_gmt":"2020-10-15T20:50:47","guid":{"rendered":"https:\/\/diarioregionaldigital.com.br\/?p=171054"},"modified":"2020-10-15T17:50:47","modified_gmt":"2020-10-15T20:50:47","slug":"saiba-como-pedir-atendimento-especial-no-pism-2021","status":"publish","type":"post","link":"https:\/\/diarioregionaldigital.com.br\/?p=171054","title":{"rendered":"Saiba como pedir atendimento especial no Pism 2021"},"content":{"rendered":"<p>Os candidatos ao\u00a0<a href=\"https:\/\/www2.ufjf.br\/copese\/vestibular-pism-2\/pism-2021\/\">Programa de Ingresso Seletivo Misto 2021 (Pism)<\/a>\u00a0da Universidade Federal de Juiz de Fora (UFJF) j\u00e1 podem solicitar atendimento especial, de uso de nome social e hor\u00e1rio diferenciado para sabatista. Todas as etapas de inscri\u00e7\u00e3o do Pism 2021 ser\u00e3o feitas on-line atrav\u00e9s da\u00a0<a href=\"https:\/\/ingresso.ufjf.br\/\">\u00c1rea do Candidato<\/a>. As solicita\u00e7\u00f5es poder\u00e3o ser feitas at\u00e9 o \u00faltimo dia de inscri\u00e7\u00e3o, \u00e0s 18h do dia 3 de novembro, e os resultados ser\u00e3o divulgados a partir do dia 8 de dezembro.<\/p>\n<p>A\u00a0\u00c1rea do Candidato\u00a0possibilita que o estudante altere seus dados at\u00e9 o dia 3 de novembro.\u00a0<a href=\"https:\/\/www2.ufjf.br\/noticias\/2020\/10\/13\/abertas-as-inscricoes-para-o-pism-2021\/\">O ambiente estar\u00e1 dispon\u00edvel para poss\u00edveis modifica\u00e7\u00f5es de dados pessoais, exceto nome, cadastro de pessoa f\u00edsica (CPF), data de nascimento e e-mail.\u00a0<\/a>Por meio deste sistema, mesmo ap\u00f3s a inscri\u00e7\u00e3o e o pagamento da Guia de Recolhimento da Uni\u00e3o (GRU), \u00e9 poss\u00edvel alterar dados como o grupo de cotas, o curso desejado, a necessidade ou n\u00e3o de atendimento especial e a cidade escolhida para fazer o exame.<\/p>\n<p>As condi\u00e7\u00f5es especiais solicitadas pelos candidatos ficar\u00e3o sujeitas \u00e0 an\u00e1lise de viabilidade e razoabilidade do pedido. Todos esses pedidos exigem que o estudante anexe documentos digitalizados que comprovem as necessidades, conforme determinado no edital. O ambiente aceita arquivos em tr\u00eas formatos, pdf, png e jpg, e tamanho m\u00e1ximo de 2 Mb.<\/p>\n<p>Os candidatos que necessitam de atendimento especial, mesmo havendo realizado o pedido no processo seletivo do ano anterior, devem repetir o pedido para realizar as provas neste ano. Ainda que o candidato j\u00e1 tenha realizado sua inscri\u00e7\u00e3o e feito pagamento da taxa, \u00e9 poss\u00edvel retornar \u00e0 \u00c1rea do Candidato e fazer a solicita\u00e7\u00e3o.<\/p>\n<p><b>Condi\u00e7\u00e3o ou condi\u00e7\u00f5es que se aplicam<\/b><\/p>\n<ul>\n<li>Transtorno do Espectro Autista<\/li>\n<li>Defici\u00eancia auditiva \u2013 surdez<\/li>\n<li>Defici\u00eancia f\u00edsica\/motora<\/li>\n<li>Defici\u00eancia intelectual<\/li>\n<li>Defici\u00eancia m\u00faltipla<\/li>\n<li>Defici\u00eancia visual \u2013 baixa vis\u00e3o<\/li>\n<li>Defici\u00eancia visual \u2013 cegueira<\/li>\n<li>Dislexia<\/li>\n<li>Lactante \u2013 amamenta\u00e7\u00e3o<\/li>\n<li>Obesidade<\/li>\n<li>Surdocegueira<\/li>\n<li>Transtorno do D\u00e9ficit de Aten\u00e7\u00e3o<\/li>\n<li>Transtorno do D\u00e9ficit de Aten\u00e7\u00e3o e Hiperatividade<\/li>\n<li>Uso de adere\u00e7o de cunho cultural ou religioso<\/li>\n<li>\u00a0Outros desde que justificado<\/li>\n<\/ul>\n<p><b>Recurso ou recursos necess\u00e1rios para a realiza\u00e7\u00e3o das provas<\/b><\/p>\n<ul>\n<li>Aux\u00edlio \u2013 Ledor<\/li>\n<li>Aux\u00edlio \u2013 Transcritor<\/li>\n<li>Prova em Braile<\/li>\n<li>Prova ampliada<\/li>\n<li>Lupas<\/li>\n<li>Aux\u00edlio \u2013 Int\u00e9rprete de Libras\/Tradutor<\/li>\n<li>(Para traduzir as instru\u00e7\u00f5es dos enunciados das quest\u00f5es)<\/li>\n<li>Uso de aparelho auditivo<\/li>\n<li>Uso de aparelho \u2013 implante coclear<\/li>\n<li>Dilata\u00e7\u00e3o de tempo (tempo adicional para a realiza\u00e7\u00e3o das provas).<\/li>\n<li>Salas acess\u00edveis \u2013 com rampas ou elevadores<\/li>\n<li>Carteiras e cadeiras em tamanho maiores<\/li>\n<li>Mesas adaptadas para uso de cadeira de rodas<\/li>\n<li>Suporte para provas (pranchetas ou plano inclinado)<\/li>\n<li>Computador com tecnologia assistiva para pessoas cegas (dosvox e NVDA)<\/li>\n<\/ul>\n<p><b>Atendimento especial\u00a0<\/b><\/p>\n<p>O atendimento especial ser\u00e1 realizado somente nas cidades de Juiz de Fora e Governador Valadares. No momento da inscri\u00e7\u00e3o, o candidato deve marcar os itens que se enquadrem na sua situa\u00e7\u00e3o e anexar os documentos comprobat\u00f3rios. Quando um laudo m\u00e9dico for necess\u00e1rio para comprovar o atendimento ou condi\u00e7\u00e3o especial solicitada, o mesmo deve necessariamente ser emitido a partir do dia 1\u00ba de maio de 2020 e apresentar as informa\u00e7\u00f5es conforme o item\u00a0<a href=\"https:\/\/www2.ufjf.br\/copese\/vestibular-pism-2\/pism-2021\/\" target=\"_blank\" rel=\"noopener noreferrer\">6.4 do edital<\/a>.<\/p>\n<p><b>Tempo adicional<\/b><\/p>\n<p>Al\u00e9m dos recursos dispon\u00edveis, o candidato deficiente que necessitar de tempo adicional para fazer o exame deve fazer a solicita\u00e7\u00e3o pr\u00e9via e comprovar a necessidade, conforme a\u00a0<a href=\"http:\/\/www.planalto.gov.br\/ccivil_03\/_ato2015-2018\/2015\/lei\/l13146.htm\">Lei no 13.146\/2015, artigo 30, inciso V<\/a>.<\/p>\n<p><b>Lactantes<\/b><\/p>\n<p>A candidata lactante pode solicitar atendimento especial para amamenta\u00e7\u00e3o durante o hor\u00e1rio das provas. Para isto, deve submeter no sistema de inscri\u00e7\u00e3o c\u00f3pia digitalizada do certid\u00e3o de nascimento ou declara\u00e7\u00e3o do m\u00e9dico informando a data do nascimento da crian\u00e7a, de modo a demonstrar a condi\u00e7\u00e3o durante a realiza\u00e7\u00e3o dos exames.<\/p>\n<p>Nos dias das provas, a candidata necessita, obrigatoriamente, apresentar-se com um acompanhante maior de 18 anos, que ficar\u00e1 em sala reservada como respons\u00e1vel pela guarda da crian\u00e7a. A estudante que comparecer sem acompanhante n\u00e3o realizar\u00e1 as provas. Al\u00e9m disso, o tempo gasto na amamenta\u00e7\u00e3o ser\u00e1 acrescido ao tempo total destinado para a realiza\u00e7\u00e3o das provas, conforme limite estabelecido na Lei 13.872\/2019. O atendimento \u00e0s candidatas lactantes ocorrer\u00e1 na cidade escolhida para a realiza\u00e7\u00e3o das provas.<\/p>\n<p><b>Quest\u00f5es religiosas<\/b><\/p>\n<p>Os candidatos que se sentirem impedidos de realizar a prova antes do p\u00f4r do sol do dia 27 de fevereiro e do dia 13 de mar\u00e7o de 2021, por motivo de convic\u00e7\u00e3o religiosa, dever\u00e3o solicitar atendimento especial, assinalando na inscri\u00e7\u00e3o a condi\u00e7\u00e3o especial \u201cSabatista\u201d. Para garantir o direito de fazer a prova ap\u00f3s o p\u00f4r do sol, o estudante dever\u00e1 submeter c\u00f3pia digitalizada do atestado comprobat\u00f3rio de sua confiss\u00e3o religiosa, emitido pelo representante devidamente qualificado da comunidade religiosa \u00e0 qual est\u00e1 filiado.<\/p>\n<p>Os candidatos que por quest\u00e3o cultural ou religiosa necessitem usar adere\u00e7os que cubram a cabe\u00e7a ou o rosto tamb\u00e9m dever\u00e3o solicitar condi\u00e7\u00e3o especializada de realiza\u00e7\u00e3o da prova no ato da inscri\u00e7\u00e3o. Outras informa\u00e7\u00f5es como hor\u00e1rios e procedimentos podem ser conferidas no\u00a0<a href=\"https:\/\/www2.ufjf.br\/copese\/vestibular-pism-2\/pism-2021\/\">edital<\/a>.<\/p>\n<p><b>Nome social\u00a0<\/b><\/p>\n<p>O candidato ou candidata travesti, transexual, n\u00e3o bin\u00e1rio ou transg\u00eanero, pode se inscrever no processo seletivo usando nome social em contraste com o seu nome oficialmente registrado na certid\u00e3o de nascimento. O candidato dever\u00e1, no per\u00edodo destinado \u00e0s inscri\u00e7\u00f5es, marcar os campos indicando solicita\u00e7\u00e3o do uso do nome social e submeter no sistema de inscri\u00e7\u00e3o c\u00f3pia digitalizada e devidamente preenchida do formul\u00e1rio pr\u00f3prio disponibilizado no site da Copese. Caso o candidato seja menor de dezoito anos, o formul\u00e1rio dever\u00e1 conter a assinatura dos pais ou respons\u00e1vel juntamente com uma c\u00f3pia do documento de identidade do respons\u00e1vel.<\/p>\n<p><strong>Fonte:\u00a0<\/strong>Assessoria<\/p>\n","protected":false},"excerpt":{"rendered":"<p>Os candidatos ao\u00a0Programa de Ingresso Seletivo Misto 2021 (Pism)\u00a0da Universidade Federal de Juiz de Fora (UFJF) j\u00e1 podem solicitar atendimento especial, de uso de nome social e hor\u00e1rio diferenciado para sabatista. Todas as etapas de inscri\u00e7\u00e3o do Pism 2021 ser\u00e3o feitas on-line atrav\u00e9s da\u00a0\u00c1rea do Candidato. As solicita\u00e7\u00f5es poder\u00e3o ser feitas at\u00e9 o \u00faltimo dia [&hellip;]<\/p>\n","protected":false},"author":96,"featured_media":170723,"comment_status":"closed","ping_status":"closed","sticky":false,"template":"","format":"standard","meta":{"footnotes":""},"categories":[253,436,439],"tags":[],"class_list":["post-171054","post","type-post","status-publish","format-standard","has-post-thumbnail","hentry","category-cidade","category-destaque-da-semana","category-ultima-hora"],"_links":{"self":[{"href":"https:\/\/diarioregionaldigital.com.br\/index.php?rest_route=\/wp\/v2\/posts\/171054","targetHints":{"allow":["GET"]}}],"collection":[{"href":"https:\/\/diarioregionaldigital.com.br\/index.php?rest_route=\/wp\/v2\/posts"}],"about":[{"href":"https:\/\/diarioregionaldigital.com.br\/index.php?rest_route=\/wp\/v2\/types\/post"}],"author":[{"embeddable":true,"href":"https:\/\/diarioregionaldigital.com.br\/index.php?rest_route=\/wp\/v2\/users\/96"}],"replies":[{"embeddable":true,"href":"https:\/\/diarioregionaldigital.com.br\/index.php?rest_route=%2Fwp%2Fv2%2Fcomments&post=171054"}],"version-history":[{"count":0,"href":"https:\/\/diarioregionaldigital.com.br\/index.php?rest_route=\/wp\/v2\/posts\/171054\/revisions"}],"wp:featuredmedia":[{"embeddable":true,"href":"https:\/\/diarioregionaldigital.com.br\/index.php?rest_route=\/wp\/v2\/media\/170723"}],"wp:attachment":[{"href":"https:\/\/diarioregionaldigital.com.br\/index.php?rest_route=%2Fwp%2Fv2%2Fmedia&parent=171054"}],"wp:term":[{"taxonomy":"category","embeddable":true,"href":"https:\/\/diarioregionaldigital.com.br\/index.php?rest_route=%2Fwp%2Fv2%2Fcategories&post=171054"},{"taxonomy":"post_tag","embeddable":true,"href":"https:\/\/diarioregionaldigital.com.br\/index.php?rest_route=%2Fwp%2Fv2%2Ftags&post=171054"}],"curies":[{"name":"wp","href":"https:\/\/api.w.org\/{rel}","templated":true}]}}