{"id":171051,"date":"2020-10-15T17:19:26","date_gmt":"2020-10-15T20:19:26","guid":{"rendered":"https:\/\/diarioregionaldigital.com.br\/?p=171051"},"modified":"2020-10-15T17:19:26","modified_gmt":"2020-10-15T20:19:26","slug":"minas-vai-ampliar-monitoramento-de-contatos-de-casos-suspeitos-ou-confirmados-de-covid-19","status":"publish","type":"post","link":"https:\/\/diarioregionaldigital.com.br\/?p=171051","title":{"rendered":"Minas vai ampliar monitoramento de contatos de casos suspeitos ou confirmados de covid-19"},"content":{"rendered":"<p><main class=\"clear margin-md-bottom-3\"><\/p>\n<div class=\"clear col-md-10 col-md-offset-1 \">\n<p>Uma nova ferramenta, desenvolvida por servidores da\u00a0<a href=\"https:\/\/www.saude.mg.gov.br\/\" target=\"_blank\" rel=\"noopener noreferrer\">Secretaria de Estado de Sa\u00fade de Minas Gerais (SES-MG)<\/a>, promete ajudar no controle da pandemia do coronav\u00edrus em todo o territ\u00f3rio mineiro.<\/p>\n<p>Chamada Painel de Monitoramento de Contatos de Casos Suspeitos e Confirmados de Covid-19 e operada por profissionais da\u00a0Sa\u00fade, ela funciona por meio do rastreamento de contato e identifica pesssoas que tiveram contato com pacientes positivados ou suspeitos de covid-19.<\/p>\n<p>Em opera\u00e7\u00e3o a partir de 30\/10,\u00a0o recurso\u00a0tem objetivo de interromper a cadeia de transmiss\u00e3o da doen\u00e7a, reduzindo o cont\u00e1gio e o n\u00famero de casos no estado.<\/p>\n<p><strong>A\u00e7\u00f5es\u00a0<\/strong><\/p>\n<p>Diante da pandemia, v\u00e1rias a\u00e7\u00f5es de controle \u00e0 propaga\u00e7\u00e3o do coronav\u00edrus foram tomadas pelo Governo de Minas, o que minimizou os impactos da doen\u00e7a no estado, que apresenta a menor taxa de \u00f3bitos por 100 mil habitantes do Brasil. \u201cEmbora o cen\u00e1rio epidemiol\u00f3gico de Minas Gerais esteja controlado, continuamos os esfor\u00e7os para oferecer recursos assistenciais a todos os moradores do estado\u201d, destaca o secret\u00e1rio de Estado de Sa\u00fade, Carlos Eduardo Amaral.<\/p>\n<p>\u201cO monitoramento de contatos \u00e9 uma estrat\u00e9gia reconhecidamente eficaz para impedir a propaga\u00e7\u00e3o da doen\u00e7a,\u00a0pois identifica, em tempo oportuno, casos e seus contatos, fortalecendo a resposta ao enfrentamento da covid-19. Aliado \u00e0 telemedicina, os resultados ficam ainda mais potencializados\u201d, refor\u00e7a Amaral.<\/p>\n<p><strong>Capilaridade<\/strong><\/p>\n<p>Nos munic\u00edpios, a a\u00e7\u00e3o ser\u00e1 executada pelas equipes de Aten\u00e7\u00e3o Prim\u00e1ria \u00e0 Sa\u00fade (APS), em parceria com as equipes de Vigil\u00e2ncia em Sa\u00fade (VS), sendo os profissionais municipais os respons\u00e1veis pelo preenchimento semanal de uma planilha.<\/p>\n<p>No \u00e2mbito estadual, a a\u00e7\u00e3o ser\u00e1 coordenada pelas equipes da Superintend\u00eancia de Aten\u00e7\u00e3o Prim\u00e1ria \u00e0 Sa\u00fade, Diretoria de Vigil\u00e2ncia e Agravos Transmiss\u00edveis \u00e0 Sa\u00fade e Sala de Situa\u00e7\u00e3o, tanto em n\u00edvel central quanto regional (contando com as respectivas equipes).<\/p>\n<p>Os dados epidemiol\u00f3gicos disponibilizados pelos munic\u00edpios ser\u00e3o compilados pelas equipes estaduais e os indicadores originados ser\u00e3o monitorados, a fim de subsidiar as tomadas de decis\u00f5es e aprimoramento do planejamento da Rede de Aten\u00e7\u00e3o \u00e0 Sa\u00fade (RAS).<\/p>\n<p>Os indicadores s\u00e3o: propor\u00e7\u00e3o de casos que tiveram seus contatos rastreados e a propor\u00e7\u00e3o de contatos que tiveram o monitoramento conclu\u00eddo.<\/p>\n<p><strong>Notifica\u00e7\u00f5es\u00a0<\/strong><\/p>\n<p>Os resultados esperados a partir do uso da nova ferramenta s\u00e3o a amplia\u00e7\u00e3o de notifica\u00e7\u00f5es e da investiga\u00e7\u00e3o de casos de covid-19. A a\u00e7\u00e3o pretende, ainda, aumentar a qualifica\u00e7\u00e3o dos processos de trabalho em todo o estado, al\u00e9m de promover maior integra\u00e7\u00e3o da\u00a0APS (Aten\u00e7\u00e3o Prim\u00e1ria \u00e0 Sa\u00fade) e VS (Vigil\u00e2ncia em Sa\u00fade)\u00a0nos n\u00edveis estadual e municipal.<\/p>\n<p><strong>Sa\u00fade Digital<\/strong><\/p>\n<p>O\u00a0aplicativo Sa\u00fade Digital MG \u00e9 aliado essencial ao funcionamento do Painel de\u00a0Monitoramento.\u00a0Disponibilizado pelo governo em maio, por meio de parceria com a empresa de telemedicina, Techtools Ventures, o app tem\u00a0feito\u00a0o rastreamento da popula\u00e7\u00e3o desde agosto.\u00a0Esta a\u00e7\u00e3o n\u00e3o desvincula o indiv\u00edduo do monitoramento pela APS, mas auxilia os profissionais no atendimento di\u00e1rio aos contatos.<\/p>\n<p>&#8220;O aplicativo Sa\u00fade Digital MG vem como um instrumento importante de apoio, pois leva o profissional para a casa das pessoas (por meio de telemedicina), facilitando contato e v\u00ednculo com um especialista.<\/p>\n<p>Como a covid-19 pode se espalhar antes que os sintomas ocorram,\u00a0ou quando nenhum sintoma est\u00e1 presente, as atividades de investiga\u00e7\u00e3o de casos e rastreamento de contatos devem ser r\u00e1pidas e completas&#8221;, informa Jana\u00edna Fonseca, diretora de Vigil\u00e2ncia e Agravos Transmiss\u00edveis \u00e0 Sa\u00fade.<\/p>\n<p>De acordo com o Protocolo Estadual de Infec\u00e7\u00e3o Humana pelo SARS-COV-2, s\u00e3o contatos pr\u00f3ximos:<\/p>\n<p>\u2022 Pessoa que teve contato f\u00edsico direto (por exemplo, apertando as m\u00e3os);<\/p>\n<p>\u2022 Pessoa que tenha tido contato direto desprotegido com secre\u00e7\u00f5es infecciosas (por exemplo, got\u00edculas de tosse, contato sem prote\u00e7\u00e3o com tecido ou len\u00e7os de papel usados e que contenham secre\u00e7\u00f5es);<\/p>\n<p>\u2022 Pessoa que teve contato frente a frente por 15 minutos ou mais e a uma dist\u00e2ncia inferior a 1,5 metros,\u00a0por pelo menos 15 minutos, a partir de dois dias antes do in\u00edcio da doen\u00e7a (ou, para pacientes assintom\u00e1ticos, dois dias antes da coleta positiva da amostra) at\u00e9 10 dias ap\u00f3s a data de in\u00edcio dos sintomas do caso confirmado;<\/p>\n<p>\u2022 Pessoa que esteve em um ambiente fechado (por exemplo, sala de aula, sala de reuni\u00e3o, sala de espera do hospital etc.) por 15 minutos ou mais e a uma dist\u00e2ncia inferior a 1,5 metros;<\/p>\n<p>\u2022 Profissional de sa\u00fade ou outra pessoa que cuide diretamente de um caso de covid-19 ou trabalhadores de laborat\u00f3rio que manipulam amostras de um caso de covid-19 sem Equipamento de Prote\u00e7\u00e3o Individual (EPI) recomendado, ou com uma poss\u00edvel viola\u00e7\u00e3o do EPI;<\/p>\n<p>\u2022 Passageiro de aeronave sentado no raio de dois assentos de dist\u00e2ncia (em qualquer dire\u00e7\u00e3o) de um caso confirmado de covid-19; seus acompanhantes ou cuidadores e os tripulantes que trabalharam na se\u00e7\u00e3o da aeronave em que o caso estava sentado.<\/p>\n<p><strong>Fonte:\u00a0<\/strong>Ag\u00eancia Minas<\/p>\n<\/div>\n<p><\/main><\/p>\n","protected":false},"excerpt":{"rendered":"<p>Uma nova ferramenta, desenvolvida por servidores da\u00a0Secretaria de Estado de Sa\u00fade de Minas Gerais (SES-MG), promete ajudar no controle da pandemia do coronav\u00edrus em todo o territ\u00f3rio mineiro. Chamada Painel de Monitoramento de Contatos de Casos Suspeitos e Confirmados de Covid-19 e operada por profissionais da\u00a0Sa\u00fade, ela funciona por meio do rastreamento de contato e [&hellip;]<\/p>\n","protected":false},"author":96,"featured_media":171052,"comment_status":"closed","ping_status":"closed","sticky":false,"template":"","format":"standard","meta":{"footnotes":""},"categories":[436,440,254,439],"tags":[],"class_list":["post-171051","post","type-post","status-publish","format-standard","has-post-thumbnail","hentry","category-destaque-da-semana","category-destaques-do-dia","category-politica","category-ultima-hora"],"_links":{"self":[{"href":"https:\/\/diarioregionaldigital.com.br\/index.php?rest_route=\/wp\/v2\/posts\/171051","targetHints":{"allow":["GET"]}}],"collection":[{"href":"https:\/\/diarioregionaldigital.com.br\/index.php?rest_route=\/wp\/v2\/posts"}],"about":[{"href":"https:\/\/diarioregionaldigital.com.br\/index.php?rest_route=\/wp\/v2\/types\/post"}],"author":[{"embeddable":true,"href":"https:\/\/diarioregionaldigital.com.br\/index.php?rest_route=\/wp\/v2\/users\/96"}],"replies":[{"embeddable":true,"href":"https:\/\/diarioregionaldigital.com.br\/index.php?rest_route=%2Fwp%2Fv2%2Fcomments&post=171051"}],"version-history":[{"count":0,"href":"https:\/\/diarioregionaldigital.com.br\/index.php?rest_route=\/wp\/v2\/posts\/171051\/revisions"}],"wp:featuredmedia":[{"embeddable":true,"href":"https:\/\/diarioregionaldigital.com.br\/index.php?rest_route=\/wp\/v2\/media\/171052"}],"wp:attachment":[{"href":"https:\/\/diarioregionaldigital.com.br\/index.php?rest_route=%2Fwp%2Fv2%2Fmedia&parent=171051"}],"wp:term":[{"taxonomy":"category","embeddable":true,"href":"https:\/\/diarioregionaldigital.com.br\/index.php?rest_route=%2Fwp%2Fv2%2Fcategories&post=171051"},{"taxonomy":"post_tag","embeddable":true,"href":"https:\/\/diarioregionaldigital.com.br\/index.php?rest_route=%2Fwp%2Fv2%2Ftags&post=171051"}],"curies":[{"name":"wp","href":"https:\/\/api.w.org\/{rel}","templated":true}]}}