{"id":171048,"date":"2020-10-15T17:16:48","date_gmt":"2020-10-15T20:16:48","guid":{"rendered":"https:\/\/diarioregionaldigital.com.br\/?p=171048"},"modified":"2020-10-15T17:16:48","modified_gmt":"2020-10-15T20:16:48","slug":"pgm-implanta-sistema-informatizado-para-processos-administrativos-e-judiciais","status":"publish","type":"post","link":"https:\/\/diarioregionaldigital.com.br\/?p=171048","title":{"rendered":"PGM implanta sistema informatizado para processos administrativos e judiciais"},"content":{"rendered":"<p><span style=\"font-weight: 400;\">A Procuradoria Geral do Munic\u00edpio (PGM) dar\u00e1 in\u00edcio \u00e0 automatiza\u00e7\u00e3o dos processos administrativos e integra\u00e7\u00e3o dos judiciais da Prefeitura de Juiz de Fora (PJF) com os tribunais. Os trabalhos ser\u00e3o realizados por meio da Coreplan Gest\u00e3o e Tecnologia, empresa licitada para este fim. Na quarta-feira (14), servidores dos departamentos de Execu\u00e7\u00e3o Instrumental (Dein) e assessorias jur\u00eddicas da PJF passaram por capacita\u00e7\u00e3o, com instru\u00e7\u00f5es sobre a sistematiza\u00e7\u00e3o dos processos. Na ter\u00e7a-feira (13), secret\u00e1rios de diversas pastas da PJF se reuniram para conhecer o sistema, respons\u00e1vel por otimizar a an\u00e1lise jur\u00eddica desses processos.<\/span><\/p>\n<p><span style=\"font-weight: 400;\">De acordo com o procurador-geral do Munic\u00edpio, Edgar Souza Ferreira, &#8220;o trabalho informatizado permitir\u00e1 celeridade das manifesta\u00e7\u00f5es da Procuradoria, proporcionando maior agilidade e seguran\u00e7a na tomada de decis\u00f5es pelos gestores. O processo eletr\u00f4nico tamb\u00e9m ter\u00e1 maior uniformidade das posi\u00e7\u00f5es jur\u00eddicas da PGM, observando precedentes e pareceres referenciais e normativos. A partir da implanta\u00e7\u00e3o do sistema informatizado, as manifesta\u00e7\u00f5es jur\u00eddicas ser\u00e3o cem por cento eletr\u00f4nicas&#8221;.<\/span><\/p>\n<p><span style=\"font-weight: 400;\">O procurador-adjunto, Ricardo Calazans, ressaltou que a entrada da PGM no Programa Nacional de Apoio \u00e0 Moderniza\u00e7\u00e3o Administrativa e Fiscal dos Munic\u00edpios Brasileiros (PNAEFM), em 2017, possibilitou o in\u00edcio dessas atividades no Munic\u00edpio. Ele destacou, ainda, que, diante do grande volume de processos judiciais, a tratativa manual desse acervo se revelava muito complexa, o que ser\u00e1 solucionado com a automatiza\u00e7\u00e3o e o uso da intelig\u00eancia artificial.<\/span><\/p>\n<p><span style=\"font-weight: 400;\">De acordo com o diretor da Coreplan, Karlos Emanuel Vieira de Freitas, \u201ca empresa, atrav\u00e9s da implanta\u00e7\u00e3o de seu Sistema de Processos Automatizados (SPA), espera automatizar, integrar e modernizar os processos administrativos e judiciais da PGM, contribuindo para que os processos da institui\u00e7\u00e3o sejam despachados de forma mais r\u00e1pida, reduzindo os custos operacionais para o Munic\u00edpio, contribuindo, ainda, para evitar perdas relacionadas aos processos judiciais, e a otimiza\u00e7\u00e3o das receitas tribut\u00e1rias provenientes da D\u00edvida Ativa\u201d.<\/span><\/p>\n<p><strong>Fonte:<\/strong> Assessoria<\/p>\n","protected":false},"excerpt":{"rendered":"<p>A Procuradoria Geral do Munic\u00edpio (PGM) dar\u00e1 in\u00edcio \u00e0 automatiza\u00e7\u00e3o dos processos administrativos e integra\u00e7\u00e3o dos judiciais da Prefeitura de Juiz de Fora (PJF) com os tribunais. Os trabalhos ser\u00e3o realizados por meio da Coreplan Gest\u00e3o e Tecnologia, empresa licitada para este fim. Na quarta-feira (14), servidores dos departamentos de Execu\u00e7\u00e3o Instrumental (Dein) e assessorias [&hellip;]<\/p>\n","protected":false},"author":96,"featured_media":171049,"comment_status":"closed","ping_status":"closed","sticky":false,"template":"","format":"standard","meta":{"footnotes":""},"categories":[253,436,439],"tags":[],"class_list":["post-171048","post","type-post","status-publish","format-standard","has-post-thumbnail","hentry","category-cidade","category-destaque-da-semana","category-ultima-hora"],"_links":{"self":[{"href":"https:\/\/diarioregionaldigital.com.br\/index.php?rest_route=\/wp\/v2\/posts\/171048","targetHints":{"allow":["GET"]}}],"collection":[{"href":"https:\/\/diarioregionaldigital.com.br\/index.php?rest_route=\/wp\/v2\/posts"}],"about":[{"href":"https:\/\/diarioregionaldigital.com.br\/index.php?rest_route=\/wp\/v2\/types\/post"}],"author":[{"embeddable":true,"href":"https:\/\/diarioregionaldigital.com.br\/index.php?rest_route=\/wp\/v2\/users\/96"}],"replies":[{"embeddable":true,"href":"https:\/\/diarioregionaldigital.com.br\/index.php?rest_route=%2Fwp%2Fv2%2Fcomments&post=171048"}],"version-history":[{"count":0,"href":"https:\/\/diarioregionaldigital.com.br\/index.php?rest_route=\/wp\/v2\/posts\/171048\/revisions"}],"wp:featuredmedia":[{"embeddable":true,"href":"https:\/\/diarioregionaldigital.com.br\/index.php?rest_route=\/wp\/v2\/media\/171049"}],"wp:attachment":[{"href":"https:\/\/diarioregionaldigital.com.br\/index.php?rest_route=%2Fwp%2Fv2%2Fmedia&parent=171048"}],"wp:term":[{"taxonomy":"category","embeddable":true,"href":"https:\/\/diarioregionaldigital.com.br\/index.php?rest_route=%2Fwp%2Fv2%2Fcategories&post=171048"},{"taxonomy":"post_tag","embeddable":true,"href":"https:\/\/diarioregionaldigital.com.br\/index.php?rest_route=%2Fwp%2Fv2%2Ftags&post=171048"}],"curies":[{"name":"wp","href":"https:\/\/api.w.org\/{rel}","templated":true}]}}