{"id":171016,"date":"2020-10-15T14:29:22","date_gmt":"2020-10-15T17:29:22","guid":{"rendered":"https:\/\/diarioregionaldigital.com.br\/?p=171016"},"modified":"2020-10-15T14:29:22","modified_gmt":"2020-10-15T17:29:22","slug":"estado-obteve-mais-de-2-400-novos-casos-nas-ultimas-24h","status":"publish","type":"post","link":"https:\/\/diarioregionaldigital.com.br\/?p=171016","title":{"rendered":"Estado obteve mais de 2.400 novos casos nas \u00faltimas 24h"},"content":{"rendered":"<p>O novo\u00a0<a href=\"https:\/\/www.saude.mg.gov.br\/images\/noticias_e_eventos\/000_2020\/Boletins_Corona\/15.10Boletim-Epidemiologico_COVID-19__15-10-2020.pdf\">boletim epidemiol\u00f3gico<\/a> divulgado nesta quinta-feira (15) pela Secretaria de Estado da Sa\u00fade de Minas Gerais (SES-MG), informa que o estado obteve nas \u00faltimas 24h, 2430 novos casos por Coronav\u00edrus, acumulando um total de 328.402 pessoas infectadas. De acordo com o levantamento, foram contabilizadas mais 96 mortes, acumulando 8.267 \u00f3bitos. Os dados indicam que 4.693 v\u00edtimas s\u00e3o do sexo masculino e 3.574 s\u00e3o do feminino. Al\u00e9m disso, 295.231 pacientes est\u00e3o recuperados da doen\u00e7a, representando 89,8% dos casos e 24.904 fazem acompanhamento m\u00e9dico.<\/p>\n<p>Conforme a SES-MG, foram feitos 157.727 testes laboratoriais, sendo que 41.066 deram positivo, 112.690 deram negativo e 904 est\u00e3o sob an\u00e1lise. Quanto aos dados de hospitaliza\u00e7\u00e3o, 32.347 pessoas est\u00e3o internadas e 296.055 est\u00e3o em isolamento domiciliar.<\/p>\n","protected":false},"excerpt":{"rendered":"<p>O novo\u00a0boletim epidemiol\u00f3gico divulgado nesta quinta-feira (15) pela Secretaria de Estado da Sa\u00fade de Minas Gerais (SES-MG), informa que o estado obteve nas \u00faltimas 24h, 2430 novos casos por Coronav\u00edrus, acumulando um total de 328.402 pessoas infectadas. De acordo com o levantamento, foram contabilizadas mais 96 mortes, acumulando 8.267 \u00f3bitos. Os dados indicam que 4.693 [&hellip;]<\/p>\n","protected":false},"author":96,"featured_media":171017,"comment_status":"closed","ping_status":"closed","sticky":false,"template":"","format":"standard","meta":{"footnotes":""},"categories":[436,440,252,439],"tags":[],"class_list":["post-171016","post","type-post","status-publish","format-standard","has-post-thumbnail","hentry","category-destaque-da-semana","category-destaques-do-dia","category-regiao","category-ultima-hora"],"_links":{"self":[{"href":"https:\/\/diarioregionaldigital.com.br\/index.php?rest_route=\/wp\/v2\/posts\/171016","targetHints":{"allow":["GET"]}}],"collection":[{"href":"https:\/\/diarioregionaldigital.com.br\/index.php?rest_route=\/wp\/v2\/posts"}],"about":[{"href":"https:\/\/diarioregionaldigital.com.br\/index.php?rest_route=\/wp\/v2\/types\/post"}],"author":[{"embeddable":true,"href":"https:\/\/diarioregionaldigital.com.br\/index.php?rest_route=\/wp\/v2\/users\/96"}],"replies":[{"embeddable":true,"href":"https:\/\/diarioregionaldigital.com.br\/index.php?rest_route=%2Fwp%2Fv2%2Fcomments&post=171016"}],"version-history":[{"count":0,"href":"https:\/\/diarioregionaldigital.com.br\/index.php?rest_route=\/wp\/v2\/posts\/171016\/revisions"}],"wp:featuredmedia":[{"embeddable":true,"href":"https:\/\/diarioregionaldigital.com.br\/index.php?rest_route=\/wp\/v2\/media\/171017"}],"wp:attachment":[{"href":"https:\/\/diarioregionaldigital.com.br\/index.php?rest_route=%2Fwp%2Fv2%2Fmedia&parent=171016"}],"wp:term":[{"taxonomy":"category","embeddable":true,"href":"https:\/\/diarioregionaldigital.com.br\/index.php?rest_route=%2Fwp%2Fv2%2Fcategories&post=171016"},{"taxonomy":"post_tag","embeddable":true,"href":"https:\/\/diarioregionaldigital.com.br\/index.php?rest_route=%2Fwp%2Fv2%2Ftags&post=171016"}],"curies":[{"name":"wp","href":"https:\/\/api.w.org\/{rel}","templated":true}]}}