{"id":171013,"date":"2020-10-15T06:00:57","date_gmt":"2020-10-15T09:00:57","guid":{"rendered":"https:\/\/diarioregionaldigital.com.br\/?p=171013"},"modified":"2020-10-15T00:48:49","modified_gmt":"2020-10-15T03:48:49","slug":"convocacao-assembleia-geral-extraordinaria-sindedif-jf-15-10-2020","status":"publish","type":"post","link":"https:\/\/diarioregionaldigital.com.br\/?p=171013","title":{"rendered":"Convoca\u00e7\u00e3o Assembleia Geral Extraordin\u00e1ria &#8211; Sindedif-JF &#8211; 15\/10\/2020"},"content":{"rendered":"<p style=\"text-align: center;\">SINDICATO DOS EMPREGADOS EM EDIF\u00cdCIOS E EMPREGADOS EM EMPRESAS DE COMPRA, VENDA, LOCA\u00c7\u00c3O E ADMINISTRA\u00c7\u00c3O DE IM\u00d3VEIS COMERCIAIS E RESIDENCIAIS DE JUIZ DE FORA \u2013 SINDEDIF-JF \u2013 <strong>EDITAL DE CONVOCA\u00c7\u00c3O &#8211; ASSEMBLEIA GERAL EXTRAORDIN\u00c1RIA<\/strong> &#8211; O Presidente do Sindicato, no uso de suas atribui\u00e7\u00f5es estatut\u00e1rias, convoca todos os trabalhadores integrantes da categoria <strong>(empregados nos condom\u00ednios de Juiz de Fora<\/strong>), associados ou n\u00e3o, para participarem da Assembleia Geral Extraordin\u00e1ria, a se realizar na sede do Sindicato, na Av. Get\u00falio Vargas, N\u00ba 828, Sala 603, Centro \u2013 Juiz de Fora \u2013 MG, no dia 21 de outubro de 2020, \u00e0s 17:00 horas, em primeira convoca\u00e7\u00e3o, ou caso n\u00e3o haja \u201cquorum\u201d, \u00e0s 18:00 horas, em segunda convoca\u00e7\u00e3o, com qualquer n\u00famero de presentes. Para n\u00e3o haver aglomera\u00e7\u00e3o de pessoas, em observ\u00e2ncia aos protocolos de seguran\u00e7a de preven\u00e7\u00e3o \u00e0 Covid-19, a assembleia, dependendo do n\u00famero de pessoas presentes, poder\u00e1 ser realizada em at\u00e9 quatro sess\u00f5es, sendo cada uma com dura\u00e7\u00e3o m\u00e1xima de 30 minutos e presen\u00e7a de n\u00famero reduzido de pessoas. Al\u00e9m disso, o Sindicato realizar\u00e1 outros protocolos de seguran\u00e7a, como monitoramento da entrada do recinto \u2013 sempre arejado &#8211; por meio da aferi\u00e7\u00e3o da temperatura das pessoas que chegarem para a assembleia, uso obrigat\u00f3rio de m\u00e1scaras durante toda a assembleia, \u00e1lcool em gel 70% e distanciamento de 02 metros entre os participantes &#8211; cadeiras e afins. A AGE ora convocada tratar\u00e1 especificamente da seguinte Ordem do Dia: <strong>1<\/strong>) Leitura do Edital de Convoca\u00e7\u00e3o: <strong>2<\/strong>)\u00a0 Leitura, discuss\u00e3o e aprova\u00e7\u00e3o (ou n\u00e3o) da Ata anterior; <strong>3<\/strong>) Elabora\u00e7\u00e3o, discuss\u00e3o e aprova\u00e7\u00e3o (ou n\u00e3o) da Pauta de Reivindica\u00e7\u00f5es da categoria a ser encaminhada ao Sindicato dos Condom\u00ednios de Juiz de Fora e da Zona da Mata Mineira, com vistas \u00e0\u00a0 celebra\u00e7\u00e3o de Termo Aditivo \u00e0 Conven\u00e7\u00e3o Coletiva de Trabalho\/2020-2021 da classe, cuja data-base \u00e9 01 de janeiro; <strong>4<\/strong>) Autoriza\u00e7\u00e3o \u00e0 Diretoria do Sindicato para celebrar Acordo Coletivo de Trabalho e\/ou Termo Aditivo \u00e0 Conven\u00e7\u00e3o Coletiva de Trabalho\/2020-2021 da classe, ou, na sua impossibilidade, suscitar Diss\u00eddio Coletivo perante o Egr\u00e9gio Tribunal Regional do Trabalho da 3<sup>a<\/sup> Regi\u00e3o, em Belo Horizonte; <strong>5<\/strong>) Autoriza\u00e7\u00e3o (ou n\u00e3o), pela Assembleia, de Contribui\u00e7\u00e3o Sindical e\/ou Contribui\u00e7\u00e3o Assistencial\/Negocial mensal e\/ou anual em favor do Sindicato Profissional, na forma do disposto no Inciso IV do Art. 8\u00ba da Constitui\u00e7\u00e3o Federal; Art. 513, al\u00ednea\u00a0 \u201ce \u201c, da CLT, e outros dispositivos legais vigentes; Estatuto da Entidade; e no Art. 8\u00ba da Conven\u00e7\u00e3o 95 da OIT, aprovada e promulgada pelo Brasil; e 6 &#8211; Encerramento. Juiz de Fora (MG), 15 de outubro de 2020.<strong> Luiz Jos\u00e9 da Silva<\/strong> \u2013 Presidente.<\/p>\n<p>&nbsp;<\/p>\n","protected":false},"excerpt":{"rendered":"<p>SINDICATO DOS EMPREGADOS EM EDIF\u00cdCIOS E EMPREGADOS EM EMPRESAS DE COMPRA, VENDA, LOCA\u00c7\u00c3O E ADMINISTRA\u00c7\u00c3O DE IM\u00d3VEIS COMERCIAIS E RESIDENCIAIS DE JUIZ DE FORA \u2013 SINDEDIF-JF \u2013 EDITAL DE CONVOCA\u00c7\u00c3O &#8211; ASSEMBLEIA GERAL EXTRAORDIN\u00c1RIA &#8211; O Presidente do Sindicato, no uso de suas atribui\u00e7\u00f5es estatut\u00e1rias, convoca todos os trabalhadores integrantes da categoria (empregados nos condom\u00ednios [&hellip;]<\/p>\n","protected":false},"author":96,"featured_media":0,"comment_status":"closed","ping_status":"closed","sticky":false,"template":"","format":"standard","meta":{"footnotes":""},"categories":[307],"tags":[],"class_list":["post-171013","post","type-post","status-publish","format-standard","hentry","category-editais"],"_links":{"self":[{"href":"https:\/\/diarioregionaldigital.com.br\/index.php?rest_route=\/wp\/v2\/posts\/171013","targetHints":{"allow":["GET"]}}],"collection":[{"href":"https:\/\/diarioregionaldigital.com.br\/index.php?rest_route=\/wp\/v2\/posts"}],"about":[{"href":"https:\/\/diarioregionaldigital.com.br\/index.php?rest_route=\/wp\/v2\/types\/post"}],"author":[{"embeddable":true,"href":"https:\/\/diarioregionaldigital.com.br\/index.php?rest_route=\/wp\/v2\/users\/96"}],"replies":[{"embeddable":true,"href":"https:\/\/diarioregionaldigital.com.br\/index.php?rest_route=%2Fwp%2Fv2%2Fcomments&post=171013"}],"version-history":[{"count":0,"href":"https:\/\/diarioregionaldigital.com.br\/index.php?rest_route=\/wp\/v2\/posts\/171013\/revisions"}],"wp:attachment":[{"href":"https:\/\/diarioregionaldigital.com.br\/index.php?rest_route=%2Fwp%2Fv2%2Fmedia&parent=171013"}],"wp:term":[{"taxonomy":"category","embeddable":true,"href":"https:\/\/diarioregionaldigital.com.br\/index.php?rest_route=%2Fwp%2Fv2%2Fcategories&post=171013"},{"taxonomy":"post_tag","embeddable":true,"href":"https:\/\/diarioregionaldigital.com.br\/index.php?rest_route=%2Fwp%2Fv2%2Ftags&post=171013"}],"curies":[{"name":"wp","href":"https:\/\/api.w.org\/{rel}","templated":true}]}}