{"id":171010,"date":"2020-10-15T06:00:19","date_gmt":"2020-10-15T09:00:19","guid":{"rendered":"https:\/\/diarioregionaldigital.com.br\/?p=171010"},"modified":"2020-10-16T02:57:44","modified_gmt":"2020-10-16T05:57:44","slug":"eleicoes-2020","status":"publish","type":"post","link":"https:\/\/diarioregionaldigital.com.br\/?p=171010","title":{"rendered":"Elei\u00e7\u00f5es 2020"},"content":{"rendered":"<p style=\"text-align: center;\"><strong>Solidariedade<\/strong><\/p>\n<p style=\"text-align: center;\">Com esperan\u00e7a de dias melhores o Presidente da Comiss\u00e3o de Seguran\u00e7a P\u00fablica OAB\/JF Sald Divan, coordenou a a\u00e7\u00e3o de distribui\u00e7\u00e3o de m\u00e1scaras e kits de higiene para popula\u00e7\u00e3o de rua.<\/p>\n<p style=\"text-align: center;\"><strong>Fashion <\/strong><\/p>\n<p style=\"text-align: center;\">A Celine grife francesa dirigida pelo estilista Hedi Slimane abrir\u00e1 sua primeira loja na Am\u00e9rica Latina, em novembro O ponto escolhido foi o Shopping Cidade Jardim, em S\u00e3o Paulo.<\/p>\n<p style=\"text-align: center;\"><span style=\"font-size: 14pt;\"><strong>Elei\u00e7\u00f5es 2020<\/strong><\/span><\/p>\n<p style=\"text-align: center;\">Lei de Prote\u00e7\u00e3o de Dados: Dentre mudan\u00e7as que deve ter impacto nas campanhas digitais \u00e9 a Lei Geral de prote\u00e7\u00e3o de Dados, que determina que o cidad\u00e3o pode exigir dos setores p\u00fablico e privado informa\u00e7\u00f5es sobre como seus dados pessoais s\u00e3o usados. Isso tamb\u00e9m valer\u00e1 para candidatos.<\/p>\n<div id=\"attachment_170993\" style=\"width: 690px\" class=\"wp-caption aligncenter\"><img loading=\"lazy\" decoding=\"async\" aria-describedby=\"caption-attachment-170993\" class=\"wp-image-170993\" src=\"https:\/\/diarioregionaldigital.com.br\/wp-content\/uploads\/2020\/10\/fotoa-5-e1602732740537.jpg\" alt=\"\" width=\"680\" height=\"474\" srcset=\"https:\/\/diarioregionaldigital.com.br\/wp-content\/uploads\/2020\/10\/fotoa-5-e1602732740537.jpg 1073w, https:\/\/diarioregionaldigital.com.br\/wp-content\/uploads\/2020\/10\/fotoa-5-e1602732740537-300x210.jpg 300w, https:\/\/diarioregionaldigital.com.br\/wp-content\/uploads\/2020\/10\/fotoa-5-e1602732740537-1024x714.jpg 1024w, https:\/\/diarioregionaldigital.com.br\/wp-content\/uploads\/2020\/10\/fotoa-5-e1602732740537-768x535.jpg 768w, https:\/\/diarioregionaldigital.com.br\/wp-content\/uploads\/2020\/10\/fotoa-5-e1602732740537-360x251.jpg 360w, https:\/\/diarioregionaldigital.com.br\/wp-content\/uploads\/2020\/10\/fotoa-5-e1602732740537-100x70.jpg 100w\" sizes=\"auto, (max-width: 680px) 100vw, 680px\" \/><p id=\"caption-attachment-170993\" class=\"wp-caption-text\">O professor Waldyr Carvalho comemora o dia do mestre hoje (15) com esperan\u00e7a de dias melhores<\/p><\/div>\n<div id=\"attachment_170994\" style=\"width: 690px\" class=\"wp-caption aligncenter\"><img loading=\"lazy\" decoding=\"async\" aria-describedby=\"caption-attachment-170994\" class=\"wp-image-170994\" src=\"https:\/\/diarioregionaldigital.com.br\/wp-content\/uploads\/2020\/10\/fotoaa-2-e1602732773585.jpeg\" alt=\"\" width=\"680\" height=\"478\" srcset=\"https:\/\/diarioregionaldigital.com.br\/wp-content\/uploads\/2020\/10\/fotoaa-2-e1602732773585.jpeg 917w, https:\/\/diarioregionaldigital.com.br\/wp-content\/uploads\/2020\/10\/fotoaa-2-e1602732773585-300x210.jpeg 300w, https:\/\/diarioregionaldigital.com.br\/wp-content\/uploads\/2020\/10\/fotoaa-2-e1602732773585-768x540.jpeg 768w, https:\/\/diarioregionaldigital.com.br\/wp-content\/uploads\/2020\/10\/fotoaa-2-e1602732773585-360x253.jpeg 360w, https:\/\/diarioregionaldigital.com.br\/wp-content\/uploads\/2020\/10\/fotoaa-2-e1602732773585-100x70.jpeg 100w\" sizes=\"auto, (max-width: 680px) 100vw, 680px\" \/><p id=\"caption-attachment-170994\" class=\"wp-caption-text\">Festejando o m\u00eas da crian\u00e7a a professora Alexandra Caniato<\/p><\/div>\n<div id=\"attachment_170995\" style=\"width: 690px\" class=\"wp-caption aligncenter\"><img loading=\"lazy\" decoding=\"async\" aria-describedby=\"caption-attachment-170995\" class=\"wp-image-170995\" src=\"https:\/\/diarioregionaldigital.com.br\/wp-content\/uploads\/2020\/10\/fotob-8-e1602732804496.jpg\" alt=\"\" width=\"680\" height=\"508\" srcset=\"https:\/\/diarioregionaldigital.com.br\/wp-content\/uploads\/2020\/10\/fotob-8-e1602732804496.jpg 674w, https:\/\/diarioregionaldigital.com.br\/wp-content\/uploads\/2020\/10\/fotob-8-e1602732804496-300x224.jpg 300w, https:\/\/diarioregionaldigital.com.br\/wp-content\/uploads\/2020\/10\/fotob-8-e1602732804496-360x269.jpg 360w\" sizes=\"auto, (max-width: 680px) 100vw, 680px\" \/><p id=\"caption-attachment-170995\" class=\"wp-caption-text\">Direto de Bras\u00edlia (DF), a alegante juiz-forana Tet\u00ea Pereira Lima<\/p><\/div>\n<div id=\"attachment_170996\" style=\"width: 690px\" class=\"wp-caption aligncenter\"><img loading=\"lazy\" decoding=\"async\" aria-describedby=\"caption-attachment-170996\" class=\"wp-image-170996\" src=\"https:\/\/diarioregionaldigital.com.br\/wp-content\/uploads\/2020\/10\/fotoc-8-e1602732841470.jpg\" alt=\"\" width=\"680\" height=\"490\" srcset=\"https:\/\/diarioregionaldigital.com.br\/wp-content\/uploads\/2020\/10\/fotoc-8-e1602732841470.jpg 488w, https:\/\/diarioregionaldigital.com.br\/wp-content\/uploads\/2020\/10\/fotoc-8-e1602732841470-300x216.jpg 300w, https:\/\/diarioregionaldigital.com.br\/wp-content\/uploads\/2020\/10\/fotoc-8-e1602732841470-360x260.jpg 360w\" sizes=\"auto, (max-width: 680px) 100vw, 680px\" \/><p id=\"caption-attachment-170996\" class=\"wp-caption-text\">A educadora e escritora 5 estrelas Margareth Marinho, em destaque<\/p><\/div>\n<div id=\"attachment_170997\" style=\"width: 690px\" class=\"wp-caption aligncenter\"><img loading=\"lazy\" decoding=\"async\" aria-describedby=\"caption-attachment-170997\" class=\"wp-image-170997\" src=\"https:\/\/diarioregionaldigital.com.br\/wp-content\/uploads\/2020\/10\/fotod-1-e1602732880762.jpeg\" alt=\"\" width=\"680\" height=\"499\" srcset=\"https:\/\/diarioregionaldigital.com.br\/wp-content\/uploads\/2020\/10\/fotod-1-e1602732880762.jpeg 960w, https:\/\/diarioregionaldigital.com.br\/wp-content\/uploads\/2020\/10\/fotod-1-e1602732880762-300x220.jpeg 300w, https:\/\/diarioregionaldigital.com.br\/wp-content\/uploads\/2020\/10\/fotod-1-e1602732880762-768x563.jpeg 768w, https:\/\/diarioregionaldigital.com.br\/wp-content\/uploads\/2020\/10\/fotod-1-e1602732880762-360x264.jpeg 360w\" sizes=\"auto, (max-width: 680px) 100vw, 680px\" \/><p id=\"caption-attachment-170997\" class=\"wp-caption-text\">A capotante Myrliane Le\u00e3o festeja seu anivers\u00e1rio hoje (15), em Caraguatatuba (SP)<\/p><\/div>\n<div id=\"attachment_170998\" style=\"width: 690px\" class=\"wp-caption aligncenter\"><img loading=\"lazy\" decoding=\"async\" aria-describedby=\"caption-attachment-170998\" class=\"wp-image-170998\" src=\"https:\/\/diarioregionaldigital.com.br\/wp-content\/uploads\/2020\/10\/fotoe-6-e1602732915303.jpg\" alt=\"\" width=\"680\" height=\"499\" srcset=\"https:\/\/diarioregionaldigital.com.br\/wp-content\/uploads\/2020\/10\/fotoe-6-e1602732915303.jpg 1074w, https:\/\/diarioregionaldigital.com.br\/wp-content\/uploads\/2020\/10\/fotoe-6-e1602732915303-300x220.jpg 300w, https:\/\/diarioregionaldigital.com.br\/wp-content\/uploads\/2020\/10\/fotoe-6-e1602732915303-1024x751.jpg 1024w, https:\/\/diarioregionaldigital.com.br\/wp-content\/uploads\/2020\/10\/fotoe-6-e1602732915303-768x563.jpg 768w, https:\/\/diarioregionaldigital.com.br\/wp-content\/uploads\/2020\/10\/fotoe-6-e1602732915303-360x264.jpg 360w\" sizes=\"auto, (max-width: 680px) 100vw, 680px\" \/><p id=\"caption-attachment-170998\" class=\"wp-caption-text\">O charme carioca do empres\u00e1rio Edu Brand\u00e3o<\/p><\/div>\n<div id=\"attachment_170999\" style=\"width: 690px\" class=\"wp-caption aligncenter\"><img loading=\"lazy\" decoding=\"async\" aria-describedby=\"caption-attachment-170999\" class=\"wp-image-170999\" src=\"https:\/\/diarioregionaldigital.com.br\/wp-content\/uploads\/2020\/10\/fotof-2-e1602732945748.jpeg\" alt=\"\" width=\"680\" height=\"511\" srcset=\"https:\/\/diarioregionaldigital.com.br\/wp-content\/uploads\/2020\/10\/fotof-2-e1602732945748.jpeg 318w, https:\/\/diarioregionaldigital.com.br\/wp-content\/uploads\/2020\/10\/fotof-2-e1602732945748-300x225.jpeg 300w\" sizes=\"auto, (max-width: 680px) 100vw, 680px\" \/><p id=\"caption-attachment-170999\" class=\"wp-caption-text\">Em destaque, o professor e ilustrador Daniel Rodrigues<\/p><\/div>\n<div id=\"attachment_171000\" style=\"width: 690px\" class=\"wp-caption aligncenter\"><img loading=\"lazy\" decoding=\"async\" aria-describedby=\"caption-attachment-171000\" class=\"wp-image-171000\" src=\"https:\/\/diarioregionaldigital.com.br\/wp-content\/uploads\/2020\/10\/fotog-7.jpg\" alt=\"\" width=\"680\" height=\"455\" srcset=\"https:\/\/diarioregionaldigital.com.br\/wp-content\/uploads\/2020\/10\/fotog-7.jpg 314w, https:\/\/diarioregionaldigital.com.br\/wp-content\/uploads\/2020\/10\/fotog-7-300x201.jpg 300w\" sizes=\"auto, (max-width: 680px) 100vw, 680px\" \/><p id=\"caption-attachment-171000\" class=\"wp-caption-text\">No dia do professor a homenagem desta coluna a educadora Neuza Marsicano<\/p><\/div>\n<div id=\"attachment_171001\" style=\"width: 690px\" class=\"wp-caption aligncenter\"><img loading=\"lazy\" decoding=\"async\" aria-describedby=\"caption-attachment-171001\" class=\"wp-image-171001\" src=\"https:\/\/diarioregionaldigital.com.br\/wp-content\/uploads\/2020\/10\/fotoh-6-e1602732986496.jpg\" alt=\"\" width=\"680\" height=\"464\" srcset=\"https:\/\/diarioregionaldigital.com.br\/wp-content\/uploads\/2020\/10\/fotoh-6-e1602732986496.jpg 2048w, https:\/\/diarioregionaldigital.com.br\/wp-content\/uploads\/2020\/10\/fotoh-6-e1602732986496-300x205.jpg 300w, https:\/\/diarioregionaldigital.com.br\/wp-content\/uploads\/2020\/10\/fotoh-6-e1602732986496-1024x699.jpg 1024w, https:\/\/diarioregionaldigital.com.br\/wp-content\/uploads\/2020\/10\/fotoh-6-e1602732986496-768x524.jpg 768w, https:\/\/diarioregionaldigital.com.br\/wp-content\/uploads\/2020\/10\/fotoh-6-e1602732986496-1536x1048.jpg 1536w, https:\/\/diarioregionaldigital.com.br\/wp-content\/uploads\/2020\/10\/fotoh-6-e1602732986496-360x246.jpg 360w\" sizes=\"auto, (max-width: 680px) 100vw, 680px\" \/><p id=\"caption-attachment-171001\" class=\"wp-caption-text\">O aplicado e competente professor e artista pl\u00e1stico Fred Alvim<\/p><\/div>\n<div id=\"attachment_171002\" style=\"width: 690px\" class=\"wp-caption aligncenter\"><img loading=\"lazy\" decoding=\"async\" aria-describedby=\"caption-attachment-171002\" class=\"wp-image-171002\" src=\"https:\/\/diarioregionaldigital.com.br\/wp-content\/uploads\/2020\/10\/fotoi-3-e1602733024623.jpg\" alt=\"\" width=\"680\" height=\"500\" srcset=\"https:\/\/diarioregionaldigital.com.br\/wp-content\/uploads\/2020\/10\/fotoi-3-e1602733024623.jpg 1439w, https:\/\/diarioregionaldigital.com.br\/wp-content\/uploads\/2020\/10\/fotoi-3-e1602733024623-300x221.jpg 300w, https:\/\/diarioregionaldigital.com.br\/wp-content\/uploads\/2020\/10\/fotoi-3-e1602733024623-1024x753.jpg 1024w, https:\/\/diarioregionaldigital.com.br\/wp-content\/uploads\/2020\/10\/fotoi-3-e1602733024623-768x565.jpg 768w, https:\/\/diarioregionaldigital.com.br\/wp-content\/uploads\/2020\/10\/fotoi-3-e1602733024623-360x265.jpg 360w\" sizes=\"auto, (max-width: 680px) 100vw, 680px\" \/><p id=\"caption-attachment-171002\" class=\"wp-caption-text\">A querida professora Patr\u00edcia Gomes com seu pai economista Ricardo Gomes<\/p><\/div>\n<div id=\"attachment_171003\" style=\"width: 690px\" class=\"wp-caption aligncenter\"><img loading=\"lazy\" decoding=\"async\" aria-describedby=\"caption-attachment-171003\" class=\"wp-image-171003\" src=\"https:\/\/diarioregionaldigital.com.br\/wp-content\/uploads\/2020\/10\/fotoj-e1602733052748.jpg\" alt=\"\" width=\"680\" height=\"526\" srcset=\"https:\/\/diarioregionaldigital.com.br\/wp-content\/uploads\/2020\/10\/fotoj-e1602733052748.jpg 960w, https:\/\/diarioregionaldigital.com.br\/wp-content\/uploads\/2020\/10\/fotoj-e1602733052748-300x232.jpg 300w, https:\/\/diarioregionaldigital.com.br\/wp-content\/uploads\/2020\/10\/fotoj-e1602733052748-768x594.jpg 768w, https:\/\/diarioregionaldigital.com.br\/wp-content\/uploads\/2020\/10\/fotoj-e1602733052748-360x278.jpg 360w\" sizes=\"auto, (max-width: 680px) 100vw, 680px\" \/><p id=\"caption-attachment-171003\" class=\"wp-caption-text\">A educadora e escritora 5 estrelas Margareth Marinho, em destaque<\/p><\/div>\n<div id=\"attachment_171005\" style=\"width: 690px\" class=\"wp-caption aligncenter\"><img loading=\"lazy\" decoding=\"async\" aria-describedby=\"caption-attachment-171005\" class=\"wp-image-171005\" src=\"https:\/\/diarioregionaldigital.com.br\/wp-content\/uploads\/2020\/10\/fotol-e1602733080930.jpeg\" alt=\"\" width=\"680\" height=\"482\" srcset=\"https:\/\/diarioregionaldigital.com.br\/wp-content\/uploads\/2020\/10\/fotol-e1602733080930.jpeg 1280w, https:\/\/diarioregionaldigital.com.br\/wp-content\/uploads\/2020\/10\/fotol-e1602733080930-300x213.jpeg 300w, https:\/\/diarioregionaldigital.com.br\/wp-content\/uploads\/2020\/10\/fotol-e1602733080930-1024x726.jpeg 1024w, https:\/\/diarioregionaldigital.com.br\/wp-content\/uploads\/2020\/10\/fotol-e1602733080930-768x545.jpeg 768w, https:\/\/diarioregionaldigital.com.br\/wp-content\/uploads\/2020\/10\/fotol-e1602733080930-750x530.jpeg 750w, https:\/\/diarioregionaldigital.com.br\/wp-content\/uploads\/2020\/10\/fotol-e1602733080930-360x255.jpeg 360w, https:\/\/diarioregionaldigital.com.br\/wp-content\/uploads\/2020\/10\/fotol-e1602733080930-100x70.jpeg 100w\" sizes=\"auto, (max-width: 680px) 100vw, 680px\" \/><p id=\"caption-attachment-171005\" class=\"wp-caption-text\">As professoras Ana Cristina Ribeiro Aquino e Alice Gon\u00e7alves no dia do mestre prestigiando Eduardo Gomes em seu ap\u00ea adquirindo o livro \u201cOrat\u00f3rio\u201d<\/p><\/div>\n<p style=\"text-align: center;\"><strong>FOTOSS\u00cdNTESE<\/strong><\/p>\n<p>Hoje 15 de outubro \u201cDia do Professor\u201d, nosso abra\u00e7o carinhoso para os mestres: Fred Alvim, Professor Macarr\u00e3o M\u00e1rcio Guerra, T\u00e2mara Lys, Douglas Costa, Orne\u00eddes Lima, Alexandre Pereira, Marcinha Falabella, Fabiana Ballesteros todos guerreiros professores da rede municipal e particular de Juiz de Fora e os professores do Col\u00e9gio Pio XII.<\/p>\n<p>Segue at\u00e9 02 de novembro o Special Coffee o Festival 2020 de caf\u00e9s especiais e gourmet. Dica est\u00e1 no Mr. Cheney na rua: Braz Bernardino, n\u00ba 105. Loja.103. Na mesa, 01 Caf\u00e9 Blend Mr. Cheney, Chantilly, Leite e farofa de Cookie. Para harmonizar Cookie coberto com creme de avel\u00e3 e morango. Apenas R20,00.<\/p>\n<p>Est\u00e1 um luxo os shorts de alfaiataria da M.Marques. A cole\u00e7\u00e3o mega exclusiva est\u00e1 com cores secas e \u00e9 o curinga para eles arrasarem no tom da moda para o ver\u00e3o.<\/p>\n<p>Sempre chique e antenado, Jeycow Ferraz marcou presen\u00e7a no coquetel da casa de festas espa\u00e7o Granito no Rio de Janeiro.<\/p>\n<p>Curtindo o dia quente no Restaurante Cantinho da Cachoeira, os queridos Wesley Monteiro, Carlos Sacchi, M\u00e1rcio Marques e Ricardo Alex.<\/p>\n<p>Em ritmo de \u201cpiscininha amor\u201d, os bonit\u00f5es Bruno Carraci de Melo, Guilherme Nascimento, Tenner Freitas, Tiago Capuzzo, Cristiano Filqueiras, Alberto Mendes Ribeiro, Lucas Adiemla, Bruno Oliveira e Josy Brito.<\/p>\n<p>Termina dia 20 a exposi\u00e7\u00e3o \u201cPoesia em Flor\u201d na Galeria Hiato.<\/p>\n<p>Extra..extra..extra: \u201cA vida merece que a gente tenha tempo para ela\u201d. (Walcyr Carrasco). Bom dia.<\/p>\n<p><img loading=\"lazy\" decoding=\"async\" class=\"aligncenter size-full wp-image-171011\" src=\"https:\/\/diarioregionaldigital.com.br\/wp-content\/uploads\/2020\/10\/anuncio43-1-scaled.jpg\" alt=\"\" width=\"2560\" height=\"933\" srcset=\"https:\/\/diarioregionaldigital.com.br\/wp-content\/uploads\/2020\/10\/anuncio43-1-scaled.jpg 2560w, https:\/\/diarioregionaldigital.com.br\/wp-content\/uploads\/2020\/10\/anuncio43-1-300x109.jpg 300w, https:\/\/diarioregionaldigital.com.br\/wp-content\/uploads\/2020\/10\/anuncio43-1-1024x373.jpg 1024w, https:\/\/diarioregionaldigital.com.br\/wp-content\/uploads\/2020\/10\/anuncio43-1-768x280.jpg 768w, https:\/\/diarioregionaldigital.com.br\/wp-content\/uploads\/2020\/10\/anuncio43-1-1536x560.jpg 1536w, https:\/\/diarioregionaldigital.com.br\/wp-content\/uploads\/2020\/10\/anuncio43-1-2048x746.jpg 2048w, https:\/\/diarioregionaldigital.com.br\/wp-content\/uploads\/2020\/10\/anuncio43-1-360x131.jpg 360w\" sizes=\"auto, (max-width: 2560px) 100vw, 2560px\" \/><\/p>\n","protected":false},"excerpt":{"rendered":"<p>Solidariedade Com esperan\u00e7a de dias melhores o Presidente da Comiss\u00e3o de Seguran\u00e7a P\u00fablica OAB\/JF Sald Divan, coordenou a a\u00e7\u00e3o de distribui\u00e7\u00e3o de m\u00e1scaras e kits de higiene para popula\u00e7\u00e3o de rua. Fashion A Celine grife francesa dirigida pelo estilista Hedi Slimane abrir\u00e1 sua primeira loja na Am\u00e9rica Latina, em novembro O ponto escolhido foi o [&hellip;]<\/p>\n","protected":false},"author":96,"featured_media":170993,"comment_status":"closed","ping_status":"closed","sticky":false,"template":"","format":"standard","meta":{"footnotes":""},"categories":[264],"tags":[],"class_list":["post-171010","post","type-post","status-publish","format-standard","has-post-thumbnail","hentry","category-eduardo-gomes"],"_links":{"self":[{"href":"https:\/\/diarioregionaldigital.com.br\/index.php?rest_route=\/wp\/v2\/posts\/171010","targetHints":{"allow":["GET"]}}],"collection":[{"href":"https:\/\/diarioregionaldigital.com.br\/index.php?rest_route=\/wp\/v2\/posts"}],"about":[{"href":"https:\/\/diarioregionaldigital.com.br\/index.php?rest_route=\/wp\/v2\/types\/post"}],"author":[{"embeddable":true,"href":"https:\/\/diarioregionaldigital.com.br\/index.php?rest_route=\/wp\/v2\/users\/96"}],"replies":[{"embeddable":true,"href":"https:\/\/diarioregionaldigital.com.br\/index.php?rest_route=%2Fwp%2Fv2%2Fcomments&post=171010"}],"version-history":[{"count":0,"href":"https:\/\/diarioregionaldigital.com.br\/index.php?rest_route=\/wp\/v2\/posts\/171010\/revisions"}],"wp:featuredmedia":[{"embeddable":true,"href":"https:\/\/diarioregionaldigital.com.br\/index.php?rest_route=\/wp\/v2\/media\/170993"}],"wp:attachment":[{"href":"https:\/\/diarioregionaldigital.com.br\/index.php?rest_route=%2Fwp%2Fv2%2Fmedia&parent=171010"}],"wp:term":[{"taxonomy":"category","embeddable":true,"href":"https:\/\/diarioregionaldigital.com.br\/index.php?rest_route=%2Fwp%2Fv2%2Fcategories&post=171010"},{"taxonomy":"post_tag","embeddable":true,"href":"https:\/\/diarioregionaldigital.com.br\/index.php?rest_route=%2Fwp%2Fv2%2Ftags&post=171010"}],"curies":[{"name":"wp","href":"https:\/\/api.w.org\/{rel}","templated":true}]}}