{"id":170992,"date":"2020-10-14T20:01:55","date_gmt":"2020-10-14T23:01:55","guid":{"rendered":"https:\/\/diarioregionaldigital.com.br\/?p=170992"},"modified":"2020-10-14T20:01:55","modified_gmt":"2020-10-14T23:01:55","slug":"covid-19-brasil-tem-749-mortes-e-272-mil-novos-casos-em-24-horas","status":"publish","type":"post","link":"https:\/\/diarioregionaldigital.com.br\/?p=170992","title":{"rendered":"Covid-19: Brasil tem 749 mortes e 27,2 mil novos casos em 24 horas"},"content":{"rendered":"<p>Em 24 horas, o Brasil registrou\u00a0749\u00a0mortes e 27.235 novos casos de covid-19. Os dados est\u00e3o na atualiza\u00e7\u00e3o di\u00e1ria divulgada pelo Minist\u00e9rio da Sa\u00fade no in\u00edcio da noite desta\u00a0quarta-feira (14), a partir de dados das secretarias estaduais de sa\u00fade.<img decoding=\"async\" src=\"https:\/\/agenciabrasil.ebc.com.br\/ebc.png?id=1390632&amp;o=node\" \/><img decoding=\"async\" src=\"https:\/\/agenciabrasil.ebc.com.br\/ebc.gif?id=1390632&amp;o=node\" \/><\/p>\n<p>Com os acr\u00e9scimos, o pa\u00eds chegou a 151.747 \u00f3bitos em raz\u00e3o da pandemia do novo coronav\u00edrus.\u00a0Ontem, o n\u00famero de mortes\u00a0estava em 150.998. Ainda h\u00e1 2.388 \u00f3bitos em\u00a0an\u00e1lise\u00a0por equipes de sa\u00fade para averiguar se o diagn\u00f3stico \u00e9 de covid-19.<\/p>\n<p>O n\u00famero de casos confirmados acumulados chegou a 5.140.863. At\u00e9\u00a0ontem, o n\u00famero de casos era de 5.113.628.<\/p>\n<p>Ainda h\u00e1 420.303 pacientes em acompanhamento. De acordo com o Minist\u00e9rio da Sa\u00fade, outras 4.568.813 pessoas j\u00e1 se recuperaram da doen\u00e7a.<\/p>\n<h2>SP ultrapassa 37,5 mil mortes por coronav\u00edrus<\/h2>\n<p>Com 6.031 novos casos e 227 novos \u00f3bitos registrados em 24 horas, o estado de S\u00e3o Paulo soma, desde o in\u00edcio da pandemia, 1.045.060 casos confirmados do novo coronav\u00edrus, com 37.541 mortes.<\/p>\n<p>Com isso, o estado vem se mantendo dentro das proje\u00e7\u00f5es feitas pelo Centro de Conting\u00eancia do Coronav\u00edrus que estimava entre 1,10 milh\u00e3o e 1,15 milh\u00e3o de casos de covid-19\u00a0e entre 38 mil e 39 mil mortes at\u00e9 amanh\u00e3 (15).<\/p>\n<p>Do total de casos diagnosticados, 933.347 pessoas j\u00e1 est\u00e3o recuperadas da doen\u00e7a, sendo 114.652 delas ap\u00f3s interna\u00e7\u00e3o.<\/p>\n<p>H\u00e1 3.437 pessoas internadas em todo o estado em unidades de terapia intensiva (UTI), al\u00e9m de 4.389 pessoas internadas em enfermarias. A taxa de ocupa\u00e7\u00e3o de leitos de UTI \u00e9 de 42,2% no estado e de 41,6% na Grande S\u00e3o Paulo.<\/p>\n<h2>Covid-19 nos estados<\/h2>\n<p>Depois de S\u00e3o Paulo, os estados com mais\u00a0mortes s\u00e3o Rio\u00a0de Janeiro\u00a0(19.440), Cear\u00e1 (9.178), Pernambuco (8.438) e Minas Gerais (8.171). As Unidades da Federa\u00e7\u00e3o com menos \u00f3bitos\u00a0s\u00e3o Roraima e Acre (676), Amap\u00e1 (728), Tocantins (1.021) e Mato Grosso do Sul (1.464). Roraima, que durante semanas permaneceu como estado com menos mortes, agora teve seus resultados no mesmo patamar do Acre conforme o balan\u00e7o de\u00a0hoje.<\/p>\n<p><strong>Fonte:<\/strong> Ag\u00eancia Brasil<\/p>\n","protected":false},"excerpt":{"rendered":"<p>Em 24 horas, o Brasil registrou\u00a0749\u00a0mortes e 27.235 novos casos de covid-19. Os dados est\u00e3o na atualiza\u00e7\u00e3o di\u00e1ria divulgada pelo Minist\u00e9rio da Sa\u00fade no in\u00edcio da noite desta\u00a0quarta-feira (14), a partir de dados das secretarias estaduais de sa\u00fade. Com os acr\u00e9scimos, o pa\u00eds chegou a 151.747 \u00f3bitos em raz\u00e3o da pandemia do novo coronav\u00edrus.\u00a0Ontem, o [&hellip;]<\/p>\n","protected":false},"author":96,"featured_media":171004,"comment_status":"closed","ping_status":"closed","sticky":false,"template":"","format":"standard","meta":{"footnotes":""},"categories":[302,436,440,439],"tags":[],"class_list":["post-170992","post","type-post","status-publish","format-standard","has-post-thumbnail","hentry","category-brasil-mundo","category-destaque-da-semana","category-destaques-do-dia","category-ultima-hora"],"_links":{"self":[{"href":"https:\/\/diarioregionaldigital.com.br\/index.php?rest_route=\/wp\/v2\/posts\/170992","targetHints":{"allow":["GET"]}}],"collection":[{"href":"https:\/\/diarioregionaldigital.com.br\/index.php?rest_route=\/wp\/v2\/posts"}],"about":[{"href":"https:\/\/diarioregionaldigital.com.br\/index.php?rest_route=\/wp\/v2\/types\/post"}],"author":[{"embeddable":true,"href":"https:\/\/diarioregionaldigital.com.br\/index.php?rest_route=\/wp\/v2\/users\/96"}],"replies":[{"embeddable":true,"href":"https:\/\/diarioregionaldigital.com.br\/index.php?rest_route=%2Fwp%2Fv2%2Fcomments&post=170992"}],"version-history":[{"count":0,"href":"https:\/\/diarioregionaldigital.com.br\/index.php?rest_route=\/wp\/v2\/posts\/170992\/revisions"}],"wp:featuredmedia":[{"embeddable":true,"href":"https:\/\/diarioregionaldigital.com.br\/index.php?rest_route=\/wp\/v2\/media\/171004"}],"wp:attachment":[{"href":"https:\/\/diarioregionaldigital.com.br\/index.php?rest_route=%2Fwp%2Fv2%2Fmedia&parent=170992"}],"wp:term":[{"taxonomy":"category","embeddable":true,"href":"https:\/\/diarioregionaldigital.com.br\/index.php?rest_route=%2Fwp%2Fv2%2Fcategories&post=170992"},{"taxonomy":"post_tag","embeddable":true,"href":"https:\/\/diarioregionaldigital.com.br\/index.php?rest_route=%2Fwp%2Fv2%2Ftags&post=170992"}],"curies":[{"name":"wp","href":"https:\/\/api.w.org\/{rel}","templated":true}]}}