{"id":170989,"date":"2020-10-14T18:55:08","date_gmt":"2020-10-14T21:55:08","guid":{"rendered":"https:\/\/diarioregionaldigital.com.br\/?p=170989"},"modified":"2020-10-14T18:55:08","modified_gmt":"2020-10-14T21:55:08","slug":"idosa-e-mais-uma-vitima-de-coronavirus-no-municipio","status":"publish","type":"post","link":"https:\/\/diarioregionaldigital.com.br\/?p=170989","title":{"rendered":"Idosa \u00e9 mais uma v\u00edtima de Coronav\u00edrus no munic\u00edpio"},"content":{"rendered":"<p><span style=\"font-weight: 400;\">O novo boletim epidemiol\u00f3gico divulgado nessa quarta-feira (14) pela Secretaria de Sa\u00fade (SS) da Prefeitura de Juiz de Fora (PJF), aponta que uma idosa de 75 anos, \u00e9 mais uma v\u00edtima do Coronav\u00edrus. Ela apresentava quadro de Diabetes Mellitus (DM), Doen\u00e7a Cardiovascular Cr\u00f4nica (DCC) e Doen\u00e7a Renal Cr\u00f4nica (DRC). Diante disso, o munic\u00edpio contabiliza 246 mortes.<\/span><\/p>\n<p><span style=\"font-weight: 400;\">Conforme o levantamento, foram confirmadas mais 96 pessoas infectadas, totalizando 6.520 casos e 23.637 pacientes s\u00e3o suspeitos de terem a doen\u00e7a.<\/span><\/p>\n<p><b>Leitos\u00a0<\/b><\/p>\n<p><span style=\"font-weight: 400;\">Segundo informa\u00e7\u00f5es da PJF, os leitos de enfermaria est\u00e3o com 54,73% de ocupa\u00e7\u00e3o. J\u00e1 os os leitos de UTI e SUS, est\u00e3o com taxa de 68,13%% e 72,12% respectivamente.<\/span><\/p>\n<p><b>Isolamento social<\/b><\/p>\n<p><span style=\"font-weight: 400;\">Conforme os dados divulgados pela Prefeitura, o munic\u00edpio apresenta taxa de isolamento social em 49,15%, cuja m\u00e9dia \u00e9 dos \u00faltimos sete dias. O valor continua superior \u00e0 taxa registrada em Minas Gerais, que \u00e9 de 48,16%.<\/span><\/p>\n<p><b>Casos e \u00f3bitos confirmados<\/b><\/p>\n<p><span style=\"font-weight: 400;\">Na compara\u00e7\u00e3o com outras cidades do estado, Juiz de Fora permanece nono munic\u00edpio com maior n\u00famero de casos confirmados. Segundo dados da Secretaria de Estado da Sa\u00fade de Minas Gerais (SES-MG), na primeira posi\u00e7\u00e3o aparece Belo Horizonte com 44.856, Uberl\u00e2ndia em segundo com 32.162, Montes Claros em terceiro com 9.662, Contagem em quarto com 9.497, Ipatinga em quinto com 9.144, Governador Valadares em sexto com 7.936, Betim em s\u00e9timo com 7.024 e Uberaba em oitavo com 6.716 estes s\u00e3o os munic\u00edpios que apresentam mais casos confirmados em compara\u00e7\u00e3o com Juiz de Fora.<\/span><\/p>\n<p><span style=\"font-weight: 400;\">J\u00e1 na quest\u00e3o das mortes confirmadas, o munic\u00edpio continua na quinta posi\u00e7\u00e3o nesse quesito. Belo Horizonte lidera com 1.360 \u00f3bitos, Uberl\u00e2ndia \u00e9 o segundo com 618, Contagem em terceiro com 391 e Governador Valadares em quarto com 276.<\/span><\/p>\n","protected":false},"excerpt":{"rendered":"<p>O novo boletim epidemiol\u00f3gico divulgado nessa quarta-feira (14) pela Secretaria de Sa\u00fade (SS) da Prefeitura de Juiz de Fora (PJF), aponta que uma idosa de 75 anos, \u00e9 mais uma v\u00edtima do Coronav\u00edrus. Ela apresentava quadro de Diabetes Mellitus (DM), Doen\u00e7a Cardiovascular Cr\u00f4nica (DCC) e Doen\u00e7a Renal Cr\u00f4nica (DRC). Diante disso, o munic\u00edpio contabiliza 246 [&hellip;]<\/p>\n","protected":false},"author":96,"featured_media":170990,"comment_status":"closed","ping_status":"closed","sticky":false,"template":"","format":"standard","meta":{"footnotes":""},"categories":[253,436,440,439],"tags":[],"class_list":["post-170989","post","type-post","status-publish","format-standard","has-post-thumbnail","hentry","category-cidade","category-destaque-da-semana","category-destaques-do-dia","category-ultima-hora"],"_links":{"self":[{"href":"https:\/\/diarioregionaldigital.com.br\/index.php?rest_route=\/wp\/v2\/posts\/170989","targetHints":{"allow":["GET"]}}],"collection":[{"href":"https:\/\/diarioregionaldigital.com.br\/index.php?rest_route=\/wp\/v2\/posts"}],"about":[{"href":"https:\/\/diarioregionaldigital.com.br\/index.php?rest_route=\/wp\/v2\/types\/post"}],"author":[{"embeddable":true,"href":"https:\/\/diarioregionaldigital.com.br\/index.php?rest_route=\/wp\/v2\/users\/96"}],"replies":[{"embeddable":true,"href":"https:\/\/diarioregionaldigital.com.br\/index.php?rest_route=%2Fwp%2Fv2%2Fcomments&post=170989"}],"version-history":[{"count":0,"href":"https:\/\/diarioregionaldigital.com.br\/index.php?rest_route=\/wp\/v2\/posts\/170989\/revisions"}],"wp:featuredmedia":[{"embeddable":true,"href":"https:\/\/diarioregionaldigital.com.br\/index.php?rest_route=\/wp\/v2\/media\/170990"}],"wp:attachment":[{"href":"https:\/\/diarioregionaldigital.com.br\/index.php?rest_route=%2Fwp%2Fv2%2Fmedia&parent=170989"}],"wp:term":[{"taxonomy":"category","embeddable":true,"href":"https:\/\/diarioregionaldigital.com.br\/index.php?rest_route=%2Fwp%2Fv2%2Fcategories&post=170989"},{"taxonomy":"post_tag","embeddable":true,"href":"https:\/\/diarioregionaldigital.com.br\/index.php?rest_route=%2Fwp%2Fv2%2Ftags&post=170989"}],"curies":[{"name":"wp","href":"https:\/\/api.w.org\/{rel}","templated":true}]}}