{"id":170986,"date":"2020-10-14T18:15:48","date_gmt":"2020-10-14T21:15:48","guid":{"rendered":"https:\/\/diarioregionaldigital.com.br\/?p=170986"},"modified":"2020-10-14T18:15:48","modified_gmt":"2020-10-14T21:15:48","slug":"semana-de-defesa-civil-mostra-como-jf-se-prepara-para-situacoes-de-crise","status":"publish","type":"post","link":"https:\/\/diarioregionaldigital.com.br\/?p=170986","title":{"rendered":"Semana de Defesa Civil mostra como JF se prepara para situa\u00e7\u00f5es de crise"},"content":{"rendered":"<p>Neste ano, as atividades preventivas, desenvolvidas durante as comemora\u00e7\u00f5es da \u201c3\u00aa Semana de Defesa Civil\u201d, em escolas, pra\u00e7as p\u00fablicas e comunidades ficaram comprometidas pelas limita\u00e7\u00f5es impostas pela pandemia de coronav\u00edrus. Para marcar a data, o \u00f3rg\u00e3o produziu v\u00eddeo onde mostra a frente de trabalho em que vem atuando no per\u00edodo, rumo ao desafio de tornar Juiz de Fora uma cidade resiliente a desastres. Autoridades falam sobre a inscri\u00e7\u00e3o do Munic\u00edpio no programa \u201cCidades Resilientes\u201d, da Organiza\u00e7\u00e3o das Na\u00e7\u00f5es Unidas (ONU), e o que est\u00e1 sendo feito para preparar JF para responder \u00e0 altura \u00e0s adversidades, reduzindo danos materiais e protegendo vidas. O v\u00eddeo ir\u00e1 ao ar nesta quinta-feira, 15, nas redes sociais da Prefeitura e no youtube.<\/p>\n<p>Em todo o Brasil, 1.014 munic\u00edpios aderiram ao \u201cCidades Resilientes\u201d, mas apenas dez tiveram habilita\u00e7\u00e3o reconhecida. Em agosto, Juiz de Fora recebeu o &#8220;Certificado de Compromisso com a Resili\u00eancia aos Desastres&#8221;, do Escrit\u00f3rio das Na\u00e7\u00f5es Unidas para Redu\u00e7\u00e3o do Risco de Desastres (UNDRR). O documento \u00e9 direcionado \u00e0s cidades que estejam imbu\u00eddas no prop\u00f3sito de se prepararem para o enfrentamento de situa\u00e7\u00f5es de emerg\u00eancia causadas por desastres naturais. O site do UNDRR j\u00e1 exibe inclusive as informa\u00e7\u00f5es gerais o Munic\u00edpio no link\u00a0<a href=\"https:\/\/www.unisdr.org\/campaign\/resilientcities\/cities\/brazil\/minas-gerais\/juiz-de-fora-minas-gerais\">www.unisdr.org\/campaign\/resilientcities\/cities<\/a>.<\/p>\n<p>A partir de sua inscri\u00e7\u00e3o no programa, Juiz de Fora se compromete a adotar medidas necess\u00e1rias nos campos estrutural e institucional, de planejamento e gest\u00e3o de riscos, bem como de organiza\u00e7\u00e3o social, para se tornar, de fato, capaz de se adaptar constantemente e de responder aos desafios de munic\u00edpio em crescimento. Para ser reconhecido como &#8220;Cidade Resiliente&#8221;, devem ser cumpridos dez passos essenciais.<\/p>\n<p>Defesa Civil, Universidade Federal de Juiz de Fora (UFJF) e Corpo de Bombeiros est\u00e3o dando impulso aos trabalhos. Um comit\u00ea foi criado, atrav\u00e9s do Decreto 14.067\/20, envolvendo diferentes setores na discuss\u00e3o. Recentemente, question\u00e1rio foi respondido por diversos atores do sistema, a fim de aferir a situa\u00e7\u00e3o em que se encontra o Munic\u00edpio quanto \u00e0 capacidade de se antecipar, responder e se recuperar aos desastres naturais, resistindo e mantendo n\u00edvel em seus funcionamento e estrutura. O material coletado servir\u00e1 de base para workshop, a ser promovido pela UFJF em novembro, quando ser\u00e1 feita discuss\u00e3o e avalia\u00e7\u00e3o ampliada dos pontos respondidos pelo Munic\u00edpio.<\/p>\n<p>Cidades resilientes s\u00e3o aquelas que t\u00eam capacidade de reagir, de acordo com as necessidades apresentadas pelas crises naturais. Preparam-se para lidar com essas situa\u00e7\u00f5es e aproveitam o conhecimento anterior, criando planos de a\u00e7\u00e3o que possam ser \u00fateis no futuro. A proposta \u00e9 promover o incremento das a\u00e7\u00f5es j\u00e1 desenvolvidas pelo munic\u00edpio, buscando definir prioridades na \u00e1rea de gest\u00e3o do risco de desastres. Para a empreitada, poder p\u00fablico, institui\u00e7\u00f5es parceiras e sociedade civil se integram no processo.<\/p>\n<p><b>Aqui, os dez passos a serem seguidos para atingir a resili\u00eancia:<\/b><\/p>\n<p>1. Se organizar para a resili\u00eancia frente aos desastres;<\/p>\n<p>2. Identificar, compreender e utilizar cen\u00e1rios de risco atuais e futuros;<\/p>\n<p>3. Refor\u00e7ar a capacidade financeira para a resili\u00eancia;<\/p>\n<p>4. Promover o desenho resiliente e desenvolvimento urbano;<\/p>\n<p>5. Proteger zonas-tamp\u00e3o naturais para melhorar a fun\u00e7\u00e3o da prote\u00e7\u00e3o<br \/>\nfornecida pelos ecossistemas;<\/p>\n<p>6. Fortalecer a capacidade institucional para a resili\u00eancia;<\/p>\n<p>7. Compreender e fortalecer a capacidade social para a resili\u00eancia;<\/p>\n<p>8. Aumentar a resili\u00eancia da infraestrutura;<\/p>\n<p>9. Garantir a efic\u00e1cia da prepara\u00e7\u00e3o e resposta eficaz \u00e0s cat\u00e1strofes;<\/p>\n<p>10. Acelerar a recupera\u00e7\u00e3o e reconstruir melhor depois de qualquer desastre.<\/p>\n<p><strong>Fonte:\u00a0<\/strong>Assessoria<\/p>\n","protected":false},"excerpt":{"rendered":"<p>Neste ano, as atividades preventivas, desenvolvidas durante as comemora\u00e7\u00f5es da \u201c3\u00aa Semana de Defesa Civil\u201d, em escolas, pra\u00e7as p\u00fablicas e comunidades ficaram comprometidas pelas limita\u00e7\u00f5es impostas pela pandemia de coronav\u00edrus. Para marcar a data, o \u00f3rg\u00e3o produziu v\u00eddeo onde mostra a frente de trabalho em que vem atuando no per\u00edodo, rumo ao desafio de tornar [&hellip;]<\/p>\n","protected":false},"author":96,"featured_media":170987,"comment_status":"closed","ping_status":"closed","sticky":false,"template":"","format":"standard","meta":{"footnotes":""},"categories":[253,436,439],"tags":[],"class_list":["post-170986","post","type-post","status-publish","format-standard","has-post-thumbnail","hentry","category-cidade","category-destaque-da-semana","category-ultima-hora"],"_links":{"self":[{"href":"https:\/\/diarioregionaldigital.com.br\/index.php?rest_route=\/wp\/v2\/posts\/170986","targetHints":{"allow":["GET"]}}],"collection":[{"href":"https:\/\/diarioregionaldigital.com.br\/index.php?rest_route=\/wp\/v2\/posts"}],"about":[{"href":"https:\/\/diarioregionaldigital.com.br\/index.php?rest_route=\/wp\/v2\/types\/post"}],"author":[{"embeddable":true,"href":"https:\/\/diarioregionaldigital.com.br\/index.php?rest_route=\/wp\/v2\/users\/96"}],"replies":[{"embeddable":true,"href":"https:\/\/diarioregionaldigital.com.br\/index.php?rest_route=%2Fwp%2Fv2%2Fcomments&post=170986"}],"version-history":[{"count":0,"href":"https:\/\/diarioregionaldigital.com.br\/index.php?rest_route=\/wp\/v2\/posts\/170986\/revisions"}],"wp:featuredmedia":[{"embeddable":true,"href":"https:\/\/diarioregionaldigital.com.br\/index.php?rest_route=\/wp\/v2\/media\/170987"}],"wp:attachment":[{"href":"https:\/\/diarioregionaldigital.com.br\/index.php?rest_route=%2Fwp%2Fv2%2Fmedia&parent=170986"}],"wp:term":[{"taxonomy":"category","embeddable":true,"href":"https:\/\/diarioregionaldigital.com.br\/index.php?rest_route=%2Fwp%2Fv2%2Fcategories&post=170986"},{"taxonomy":"post_tag","embeddable":true,"href":"https:\/\/diarioregionaldigital.com.br\/index.php?rest_route=%2Fwp%2Fv2%2Ftags&post=170986"}],"curies":[{"name":"wp","href":"https:\/\/api.w.org\/{rel}","templated":true}]}}