{"id":170983,"date":"2020-10-14T17:50:45","date_gmt":"2020-10-14T20:50:45","guid":{"rendered":"https:\/\/diarioregionaldigital.com.br\/?p=170983"},"modified":"2020-10-14T17:50:45","modified_gmt":"2020-10-14T20:50:45","slug":"ufjf-oferece-440-vagas-em-cursos-de-graduacao-a-distancia","status":"publish","type":"post","link":"https:\/\/diarioregionaldigital.com.br\/?p=170983","title":{"rendered":"UFJF oferece 440 vagas em cursos de gradua\u00e7\u00e3o a dist\u00e2ncia"},"content":{"rendered":"<p>Est\u00e3o abertas as inscri\u00e7\u00f5es para o Processo de Sele\u00e7\u00e3o dos Cursos de Gradua\u00e7\u00e3o a Dist\u00e2ncia da Universidade Federal de Juiz de Fora (UFJF). S\u00e3o oferecidas 440 vagas<strong>,\u00a0<\/strong>distribu\u00eddas entre Licenciatura em Pedagogia e Licenciatura em Computa\u00e7\u00e3o em 10 polos de apoio presencial da Universidade Aberta do Brasil (UAB): Andrel\u00e2ndia, Bicas, Durand\u00e9, Governador Valadares, Itamonte, Monte Si\u00e3o, Caranda\u00ed, Confins, Jaboticatubas e Sabar\u00e1. Os cursos e vagas, no entanto, variam conforme o polo.<\/p>\n<p>Os interessados poder\u00e3o optar por uma das modalidades de ingresso: aproveitamento da pontua\u00e7\u00e3o obtida no Exame Nacional do Ensino M\u00e9dio (Enem), em pelo menos um das cinco edi\u00e7\u00f5es mais recentes do exame, concorrendo a propor\u00e7\u00e3o de 90% do total das vagas<strong>;<\/strong>\u00a0ou concorrendo \u00e0s vagas destinadas a professores da rede p\u00fablica de ensino, em exerc\u00edcio, sem forma\u00e7\u00e3o inicial em n\u00edvel superior ou ainda \u00e0queles que n\u00e3o possuem forma\u00e7\u00e3o na \u00e1rea em que atuam, na propor\u00e7\u00e3o de 10% do total das vagas.<\/p>\n<p>Havendo n\u00famero de inscritos superior na modalidade para professores, o crit\u00e9rio de escolha ser\u00e1 de acordo com o maior tempo de servi\u00e7o; persistindo o empate, com o de maior idade.<\/p>\n<p>De acordo com o edital, o candidato deve optar por dois polos, em ordem de prefer\u00eancia, onde pretende cursar a gradua\u00e7\u00e3o escolhida. As vagas em cada uma das modalidades, cursos e polos respeitam os limites das vagas existentes, conforme o edital.<\/p>\n<p><strong>Inscri\u00e7\u00f5es<\/strong><\/p>\n<p>Os candidatos poder\u00e3o se inscrever das 15h do dia 14 de outubro de 2020 at\u00e9 as 18h do dia 30 de outubro, somente on-line e no site da Coordena\u00e7\u00e3o Geral de Processos Seletivos (Copese).<\/p>\n<p>No per\u00edodo de cadastramento da inscri\u00e7\u00e3o, o candidato deve ler atentamente as instru\u00e7\u00f5es, preencher o formul\u00e1rio com seus dados completos e envi\u00e1-los eletronicamente. Em seguida, dever\u00e1 imprimir a Guia de Recolhimento da Uni\u00e3o (GRU) correspondente \u00e0 taxa de inscri\u00e7\u00e3o, no valor de R$ 120 e efetuar o pagamento da GRU at\u00e9 as 20h do dia 30 de outubro de 2020, exclusivamente no Banco do Brasil.<\/p>\n<p>O comprovante definitivo de inscri\u00e7\u00e3o deve ser impresso pelo candidato a partir das 15h do dia 5 de novembro de 2020, na \u00c1rea do Candidato.<\/p>\n<p><strong>Isen\u00e7\u00e3o<\/strong><\/p>\n<p>A isen\u00e7\u00e3o da taxa de inscri\u00e7\u00e3o no processo de sele\u00e7\u00e3o poder\u00e1 ser solicitada somente no ato do cadastramento on-line da inscri\u00e7\u00e3o, das 15h do dia 14 de outubro at\u00e9 as 23h do dia 19 de outubro, na \u00c1rea do Candidato. \u00c9 da responsabilidade do candidato consultar, no mesmo site, o resultado da sua solicita\u00e7\u00e3o de isen\u00e7\u00e3o de taxas, a partir das 15h do dia 27 de outubro de 2020.<\/p>\n<p>O candidato que tiver sua solicita\u00e7\u00e3o de isen\u00e7\u00e3o indeferida deve, no mesmo site do cadastramento da inscri\u00e7\u00e3o, gerar a GRU e efetuar o pagamento da taxa de inscri\u00e7\u00e3o nas condi\u00e7\u00f5es e nos prazos estabelecidos de acordo com o edital, para que, assim, sua inscri\u00e7\u00e3o possa ser deferida e efetivada, o que ficar\u00e1 comprovado com a emiss\u00e3o do comprovante definitivo de inscri\u00e7\u00e3o.<\/p>\n<p>J\u00e1 o candidato que tiver sua solicita\u00e7\u00e3o de isen\u00e7\u00e3o deferida precisa verificar a emiss\u00e3o do comprovante definitivo de inscri\u00e7\u00e3o para a garantia de que sua inscri\u00e7\u00e3o foi efetivada.<\/p>\n<p><strong>Resultado<\/strong><\/p>\n<p>O resultado final do Processo de Sele\u00e7\u00e3o para Ingresso nos Cursos de Gradua\u00e7\u00e3o a Dist\u00e2ncia 2020 ser\u00e1 divulgado no dia 6 de novembro, a partir das 15h, no site da Copese.<\/p>\n<p><strong>Matr\u00edcula<\/strong><\/p>\n<p>A matr\u00edcula dos candidatos aprovados ocorre em duas fases obrigat\u00f3rias:<\/p>\n<p>I Fase \u2013 Registro da pr\u00e9-matr\u00edcula on-line no site da Cdara, nos dias e hor\u00e1rios estipulados nas orienta\u00e7\u00f5es para matr\u00edcula a serem divulgadas no mesmo site.<\/p>\n<p>II Fase \u2013 Entrega de documentos para todos os candidatos que realizaram o registro de pr\u00e9-matr\u00edcula on-line, mediante a entrega de c\u00f3pia leg\u00edvel dos documentos listados nas orienta\u00e7\u00f5es para matr\u00edcula, constantes no site da Cdara, na forma de entrega a serem divulgados no mesmo site.<\/p>\n<p>\u00c9 de responsabilidade \u00fanica do candidato acompanhar todas as informa\u00e7\u00f5es no site da Cdara, com indica\u00e7\u00e3o das datas de reclassifica\u00e7\u00f5es e matr\u00edculas.<\/p>\n<p><strong>Fonte:\u00a0<\/strong>Assessoria<\/p>\n","protected":false},"excerpt":{"rendered":"<p>Est\u00e3o abertas as inscri\u00e7\u00f5es para o Processo de Sele\u00e7\u00e3o dos Cursos de Gradua\u00e7\u00e3o a Dist\u00e2ncia da Universidade Federal de Juiz de Fora (UFJF). S\u00e3o oferecidas 440 vagas,\u00a0distribu\u00eddas entre Licenciatura em Pedagogia e Licenciatura em Computa\u00e7\u00e3o em 10 polos de apoio presencial da Universidade Aberta do Brasil (UAB): Andrel\u00e2ndia, Bicas, Durand\u00e9, Governador Valadares, Itamonte, Monte Si\u00e3o, [&hellip;]<\/p>\n","protected":false},"author":96,"featured_media":170984,"comment_status":"closed","ping_status":"closed","sticky":false,"template":"","format":"standard","meta":{"footnotes":""},"categories":[253,436,439],"tags":[],"class_list":["post-170983","post","type-post","status-publish","format-standard","has-post-thumbnail","hentry","category-cidade","category-destaque-da-semana","category-ultima-hora"],"_links":{"self":[{"href":"https:\/\/diarioregionaldigital.com.br\/index.php?rest_route=\/wp\/v2\/posts\/170983","targetHints":{"allow":["GET"]}}],"collection":[{"href":"https:\/\/diarioregionaldigital.com.br\/index.php?rest_route=\/wp\/v2\/posts"}],"about":[{"href":"https:\/\/diarioregionaldigital.com.br\/index.php?rest_route=\/wp\/v2\/types\/post"}],"author":[{"embeddable":true,"href":"https:\/\/diarioregionaldigital.com.br\/index.php?rest_route=\/wp\/v2\/users\/96"}],"replies":[{"embeddable":true,"href":"https:\/\/diarioregionaldigital.com.br\/index.php?rest_route=%2Fwp%2Fv2%2Fcomments&post=170983"}],"version-history":[{"count":0,"href":"https:\/\/diarioregionaldigital.com.br\/index.php?rest_route=\/wp\/v2\/posts\/170983\/revisions"}],"wp:featuredmedia":[{"embeddable":true,"href":"https:\/\/diarioregionaldigital.com.br\/index.php?rest_route=\/wp\/v2\/media\/170984"}],"wp:attachment":[{"href":"https:\/\/diarioregionaldigital.com.br\/index.php?rest_route=%2Fwp%2Fv2%2Fmedia&parent=170983"}],"wp:term":[{"taxonomy":"category","embeddable":true,"href":"https:\/\/diarioregionaldigital.com.br\/index.php?rest_route=%2Fwp%2Fv2%2Fcategories&post=170983"},{"taxonomy":"post_tag","embeddable":true,"href":"https:\/\/diarioregionaldigital.com.br\/index.php?rest_route=%2Fwp%2Fv2%2Ftags&post=170983"}],"curies":[{"name":"wp","href":"https:\/\/api.w.org\/{rel}","templated":true}]}}