{"id":170980,"date":"2020-10-14T17:14:54","date_gmt":"2020-10-14T20:14:54","guid":{"rendered":"https:\/\/diarioregionaldigital.com.br\/?p=170980"},"modified":"2020-10-14T17:14:54","modified_gmt":"2020-10-14T20:14:54","slug":"metade-do-estado-esta-na-onda-verde-do-plano-minas-consciente","status":"publish","type":"post","link":"https:\/\/diarioregionaldigital.com.br\/?p=170980","title":{"rendered":"Metade do estado est\u00e1 na onda verde do plano Minas Consciente"},"content":{"rendered":"<p>Pela primeira vez desde o lan\u00e7amento do plano\u00a0<a href=\"http:\/\/www.mg.gov.br\/minasconsciente\" target=\"_blank\" rel=\"noopener noreferrer\">Minas Consciente<\/a>, metade das macrorregi\u00f5es de Sa\u00fade de Minas Gerais &#8211; o que representa 8 das 14 macros &#8211; est\u00e1 inserida na onda verde, a mais avan\u00e7ada do plano. A defini\u00e7\u00e3o foi deliberada em reuni\u00e3o do Comit\u00ea Extraordin\u00e1rio Covid-19, nesta quarta-feira (14\/10), ap\u00f3s an\u00e1lise dos bons \u00edndices epidemiol\u00f3gicos mantidos no estado nesta fase da pandemia.<\/p>\n<p>As altera\u00e7\u00f5es permitiram que as macrorregi\u00f5es\u00a0<a href=\"http:\/\/www.agenciaminas.mg.gov.br\/ckeditor_assets\/attachments\/8147\/12_-_regional_triangulo_norte.pdf\" target=\"_blank\" rel=\"noopener noreferrer\">Tri\u00e2ngulo do Norte<\/a>,\u00a0<a href=\"http:\/\/www.agenciaminas.mg.gov.br\/ckeditor_assets\/attachments\/8145\/10_-_regional_sudeste.pdf\" target=\"_blank\" rel=\"noopener noreferrer\">Sudeste<\/a>,\u00a0<a href=\"http:\/\/www.agenciaminas.mg.gov.br\/ckeditor_assets\/attachments\/8141\/06_-_regional_nordeste.pdf\" target=\"_blank\" rel=\"noopener noreferrer\">Nordeste<\/a>\u00a0e\u00a0<a href=\"http:\/\/www.agenciaminas.mg.gov.br\/ckeditor_assets\/attachments\/8231\/01_-_regional_centro_vr.pdf\" target=\"_blank\" rel=\"noopener noreferrer\">Centro<\/a>\u00a0sejam autorizadas a evoluir para a onda verde, ap\u00f3s passarem 28 dias na onda amarela com \u00edndices est\u00e1veis. Al\u00e9m delas, as macros\u00a0<a href=\"http:\/\/www.agenciaminas.mg.gov.br\/ckeditor_assets\/attachments\/8148\/13_-_regional_triangulo_sul.pdf\" target=\"_blank\" rel=\"noopener noreferrer\">Tri\u00e2ngulo do Sul<\/a>,\u00a0<a href=\"http:\/\/www.agenciaminas.mg.gov.br\/ckeditor_assets\/attachments\/8137\/02_-_regional_centro_sul.pdf\" target=\"_blank\" rel=\"noopener noreferrer\">Centro-Sul<\/a>,\u00a0<a href=\"http:\/\/www.agenciaminas.mg.gov.br\/ckeditor_assets\/attachments\/8143\/08_-_regional_norte.pdf\" target=\"_blank\" rel=\"noopener noreferrer\">Norte<\/a>\u00a0e\u00a0<a href=\"http:\/\/www.agenciaminas.mg.gov.br\/ckeditor_assets\/attachments\/8138\/03_-_regional_jequitinhonha.pdf\" target=\"_blank\" rel=\"noopener noreferrer\">Jequitinhonha<\/a>\u00a0se mantiveram na onda verde. Esse \u00e9 o est\u00e1gio mais avan\u00e7ado do plano, com retorno de atividades escolares, abertura de parques e feiras.<\/p>\n<p>H\u00e1 duas semanas sem nenhuma regi\u00e3o na onda vermelha, cen\u00e1rio em que se permite\u00a0apenas o funcionamento de servi\u00e7os essenciais &#8211; como supermercados, padarias e farm\u00e1cias -, as demais macrorregi\u00f5es do estado permanecem na onda amarela. Nesta fase, \u00e9 permitida a abertura de\u00a0academias, clubes e bares, por exemplo.<\/p>\n<p><strong>Resultado de planejamento<\/strong><\/p>\n<p>Para o secret\u00e1rio adjunto de\u00a0<a href=\"http:\/\/www.desenvolvimento.mg.gov.br\/\" target=\"_blank\" rel=\"noopener noreferrer\">Desenvolvimento Econ\u00f4mico<\/a>, Fernando Passalio, o atual controle da taxa de \u00f3bitos e de casos de covid-19 em Minas Gerais \u00e9 resultado do planejamento feito pelo governo, ao decidir lan\u00e7ar o plano Minas Consciente, ainda em abril, centrado em estudos t\u00e9cnicos e epidemiol\u00f3gicos das Secretarias de Estado de\u00a0<a href=\"http:\/\/www.saude.mg.gov.br\/\" target=\"_blank\" rel=\"noopener noreferrer\">Sa\u00fade (SES-MG)<\/a>\u00a0e Desenvolvimento Econ\u00f4mico (Sede).<\/p>\n<p>\u201cEstamos conseguindo o equil\u00edbrio que o plano sempre buscou, que \u00e9 a retomada gradual e respons\u00e1vel da atividade econ\u00f4mica. Isso mostra que n\u00f3s estamos dentro de uma metodologia bem constru\u00edda, com acompanhamento t\u00e9cnico, fazendo com que a nossa economia se reative com seguran\u00e7a e cuidado com as pessoas\u201d, disse o secret\u00e1rio.<\/p>\n<p>Para o chefe de gabinete da SES-MG, Jo\u00e3o Pinho, o controle dos \u00edndices, at\u00e9 o momento, \u00e9 resultado das pol\u00edticas implementadas ao longo dos meses. \u201cO aumento de casos vem diminuindo, foram apenas 35 na semana, os surtos est\u00e3o controlados, a taxa de incid\u00eancia da doen\u00e7a caiu 18% e o isolamento se mant\u00e9m est\u00e1vel. A popula\u00e7\u00e3o definiu sua rotina: quem precisa sair para trabalhar, tem sa\u00eddo, mas quem se adaptou ou pode estar em casa, est\u00e1 em casa\u201d, afirmou.<\/p>\n<p>Apesar dos bons \u00edndices, o chefe de gabinete da SES-MG mant\u00e9m o alerta para que as medidas de distanciamento e higiene sejam constantes, visando ao controle da doen\u00e7a.<\/p>\n<p>\u201cA gente caminha para um novo momento na pandemia. Mas n\u00e3o \u00e9 uma situa\u00e7\u00e3o que garante o futuro porque esse futuro est\u00e1 diretamente ligado ao comportamento da popula\u00e7\u00e3o. \u00c9 uma situa\u00e7\u00e3o que ressalta bastante o compromisso do Estado e as a\u00e7\u00f5es de todas as secretarias envolvidas sob a gest\u00e3o do governador Romeu Zema\u201d, destacou Pinho.<\/p>\n<p><strong>Ades\u00e3o<\/strong><\/p>\n<p>At\u00e9 esta quarta-feira (14\/10), um total de 656 cidades havia aderido ao plano Minas Consciente, o que representa 80% do estado. Al\u00e9m disso, 463 munic\u00edpios com menos de 100 mil habitantes est\u00e3o aptos a avan\u00e7ar para a onda verde.<br \/>\n<u><strong>Onda verde<\/strong><\/u><\/p>\n<p>As macrorregi\u00f5es\u00a0<a href=\"http:\/\/www.agenciaminas.mg.gov.br\/ckeditor_assets\/attachments\/8147\/12_-_regional_triangulo_norte.pdf\" target=\"_blank\" rel=\"noopener noreferrer\">Tri\u00e2ngulo do Norte<\/a>,\u00a0<a href=\"http:\/\/www.agenciaminas.mg.gov.br\/ckeditor_assets\/attachments\/8145\/10_-_regional_sudeste.pdf\" target=\"_blank\" rel=\"noopener noreferrer\">Sudeste<\/a>,\u00a0<a href=\"http:\/\/www.agenciaminas.mg.gov.br\/ckeditor_assets\/attachments\/8141\/06_-_regional_nordeste.pdf\" target=\"_blank\" rel=\"noopener noreferrer\">Nordeste<\/a>\u00a0e\u00a0<a href=\"http:\/\/www.agenciaminas.mg.gov.br\/ckeditor_assets\/attachments\/8231\/01_-_regional_centro_vr.pdf\" target=\"_blank\" rel=\"noopener noreferrer\">Centro<\/a>\u00a0apresentaram um quadro controlado da doen\u00e7a ap\u00f3s passar 28 dias na onda amarela<strong>*<\/strong>, o que permitiu o avan\u00e7o para a onda verde, que possibilita a abertura de servi\u00e7os n\u00e3o essenciais com alto risco de cont\u00e1gio. S\u00e3o eles:<\/p>\n<p>&#8211; Atividades art\u00edsticas, como produ\u00e7\u00e3o teatral, musical e de dan\u00e7a e circo;<\/p>\n<p>&#8211; Cinemas, bibliotecas, museus, arquivos;<\/p>\n<p>&#8211; Parques, zool\u00f3gicos e jardins;<\/p>\n<p>&#8211; Feiras, congressos, exposi\u00e7\u00f5es, filmagens de festas, casas de festas, buf\u00ea;<\/p>\n<p>&#8211; Parques de divers\u00e3o, discotecas, boliches, sinuca;<\/p>\n<p>&#8211; Bares com entretenimento (shows e espet\u00e1culos);<\/p>\n<p>&#8211; Servi\u00e7os de coloca\u00e7\u00e3o de piercings e tatuagens.<\/p>\n<p><em><strong>*<\/strong>Para avan\u00e7ar para a onda verde, as cidades precisam estar h\u00e1 28 dias consecutivos na onda amarela, sem sofrer retrocessos durante esse per\u00edodo.<\/em><\/p>\n<p><u><strong>Onda Amarela<\/strong><\/u><\/p>\n<p>As macrorregi\u00f5es de Sa\u00fade\u00a0<a href=\"http:\/\/www.agenciaminas.mg.gov.br\/ckeditor_assets\/attachments\/8144\/09_-_regional_oeste.pdf\" target=\"_blank\" rel=\"noopener noreferrer\">Oeste<\/a>,\u00a0<a href=\"http:\/\/www.agenciaminas.mg.gov.br\/ckeditor_assets\/attachments\/8146\/11_-_regional_sul.pdf\" target=\"_blank\" rel=\"noopener noreferrer\">Sul<\/a>,\u00a0<a href=\"http:\/\/www.agenciaminas.mg.gov.br\/ckeditor_assets\/attachments\/8140\/05_-_regional_leste_do_sul.pdf\" target=\"_blank\" rel=\"noopener noreferrer\">Leste do Sul<\/a>,\u00a0<a href=\"http:\/\/www.agenciaminas.mg.gov.br\/ckeditor_assets\/attachments\/8149\/14_-_regional_vale_do_aco.pdf\" target=\"_blank\" rel=\"noopener noreferrer\">Vale do A\u00e7o<\/a>,\u00a0<a href=\"http:\/\/www.agenciaminas.mg.gov.br\/ckeditor_assets\/attachments\/8139\/04_-_regional_leste.pdf\" target=\"_blank\" rel=\"noopener noreferrer\">Leste<\/a>\u00a0e\u00a0<a href=\"http:\/\/www.agenciaminas.mg.gov.br\/ckeditor_assets\/attachments\/8142\/07_-_regional_noroeste.pdf\" target=\"_blank\" rel=\"noopener noreferrer\">Noroeste<\/a>\u00a0mantiveram \u00edndices favor\u00e1veis para a abertura de servi\u00e7os n\u00e3o essenciais, contemplados pela onda amarela.<\/p>\n<p>Nesta fase, s\u00e3o permitidos:<\/p>\n<p>&#8211; Bares (consumo no local);<\/p>\n<p>&#8211; Autoescolas e cursos de pilotagem;<\/p>\n<p>&#8211; Sal\u00f5es de beleza e atividades de est\u00e9tica;<\/p>\n<p>&#8211; Com\u00e9rcio de eletrodom\u00e9sticos e equipamentos de \u00e1udio e v\u00eddeo;<\/p>\n<p>&#8211; Papelarias, lojas de livros, discos e revistas;<\/p>\n<p>&#8211; Lojas de roupas, bijuterias, joias, cal\u00e7ados, e artigos de viagem;<\/p>\n<p>&#8211; Com\u00e9rcio de itens de cama, mesa e banho;<\/p>\n<p>&#8211; Lojas de m\u00f3veis e lustres;<\/p>\n<p>&#8211; Imobili\u00e1rias;<\/p>\n<p>&#8211; Lojas de departamento e duty free;<\/p>\n<p>&#8211; Lojas de brinquedos;<\/p>\n<p>&#8211; Academias (com restri\u00e7\u00f5es);<\/p>\n<p>&#8211; Ag\u00eancias de viagem;<\/p>\n<p>&#8211; Clubes.<\/p>\n<p><strong>Fonte:\u00a0<\/strong>Ag\u00eancia Minas<\/p>\n","protected":false},"excerpt":{"rendered":"<p>Pela primeira vez desde o lan\u00e7amento do plano\u00a0Minas Consciente, metade das macrorregi\u00f5es de Sa\u00fade de Minas Gerais &#8211; o que representa 8 das 14 macros &#8211; est\u00e1 inserida na onda verde, a mais avan\u00e7ada do plano. A defini\u00e7\u00e3o foi deliberada em reuni\u00e3o do Comit\u00ea Extraordin\u00e1rio Covid-19, nesta quarta-feira (14\/10), ap\u00f3s an\u00e1lise dos bons \u00edndices epidemiol\u00f3gicos [&hellip;]<\/p>\n","protected":false},"author":96,"featured_media":170981,"comment_status":"closed","ping_status":"closed","sticky":false,"template":"","format":"standard","meta":{"footnotes":""},"categories":[436,261,439],"tags":[],"class_list":["post-170980","post","type-post","status-publish","format-standard","has-post-thumbnail","hentry","category-destaque-da-semana","category-economia","category-ultima-hora"],"_links":{"self":[{"href":"https:\/\/diarioregionaldigital.com.br\/index.php?rest_route=\/wp\/v2\/posts\/170980","targetHints":{"allow":["GET"]}}],"collection":[{"href":"https:\/\/diarioregionaldigital.com.br\/index.php?rest_route=\/wp\/v2\/posts"}],"about":[{"href":"https:\/\/diarioregionaldigital.com.br\/index.php?rest_route=\/wp\/v2\/types\/post"}],"author":[{"embeddable":true,"href":"https:\/\/diarioregionaldigital.com.br\/index.php?rest_route=\/wp\/v2\/users\/96"}],"replies":[{"embeddable":true,"href":"https:\/\/diarioregionaldigital.com.br\/index.php?rest_route=%2Fwp%2Fv2%2Fcomments&post=170980"}],"version-history":[{"count":0,"href":"https:\/\/diarioregionaldigital.com.br\/index.php?rest_route=\/wp\/v2\/posts\/170980\/revisions"}],"wp:featuredmedia":[{"embeddable":true,"href":"https:\/\/diarioregionaldigital.com.br\/index.php?rest_route=\/wp\/v2\/media\/170981"}],"wp:attachment":[{"href":"https:\/\/diarioregionaldigital.com.br\/index.php?rest_route=%2Fwp%2Fv2%2Fmedia&parent=170980"}],"wp:term":[{"taxonomy":"category","embeddable":true,"href":"https:\/\/diarioregionaldigital.com.br\/index.php?rest_route=%2Fwp%2Fv2%2Fcategories&post=170980"},{"taxonomy":"post_tag","embeddable":true,"href":"https:\/\/diarioregionaldigital.com.br\/index.php?rest_route=%2Fwp%2Fv2%2Ftags&post=170980"}],"curies":[{"name":"wp","href":"https:\/\/api.w.org\/{rel}","templated":true}]}}