{"id":170976,"date":"2020-10-14T17:07:10","date_gmt":"2020-10-14T20:07:10","guid":{"rendered":"https:\/\/diarioregionaldigital.com.br\/?p=170976"},"modified":"2020-10-14T17:07:10","modified_gmt":"2020-10-14T20:07:10","slug":"projeto-faca-voce-mesmo-ensina-como-confeccionar-paraquedista-de-brinquedo","status":"publish","type":"post","link":"https:\/\/diarioregionaldigital.com.br\/?p=170976","title":{"rendered":"Projeto \u201cFa\u00e7a Voc\u00ea Mesmo\u201d ensina como confeccionar \u201cparaquedista\u201d de brinquedo"},"content":{"rendered":"<p>Nesta edi\u00e7\u00e3o do projeto &#8220;Fa\u00e7a Voc\u00ea Mesmo&#8221;, do Museu &#8220;Mariano Proc\u00f3pio&#8221;, em v\u00eddeo tutorial, crian\u00e7as, ou qualquer pessoa, poder\u00e3o aprender como confeccionar \u201cparaquedista\u201d de brinquedo . A iniciativa surgiu na \u201c14\u00aa Primavera dos Museus\u201d, e conta com participa\u00e7\u00e3o de estagi\u00e1rios e ex, na produ\u00e7\u00e3o de v\u00eddeos que ensinam ao p\u00fablico como confeccionar brinquedos com materiais de f\u00e1cil acesso, que geralmente as pessoas t\u00eam em casa.<\/p>\n<p>Para confeccionar o \u201cparaquedista\u201d \u00e9 necess\u00e1rio boneco pequeno, com o qual a crian\u00e7a costuma brincar, sacola, linha ou barbante e tesoura sem ponta. O ex-estagi\u00e1rio do Museu, e agora turism\u00f3logo, Leandro Saar, d\u00e1 as dicas, passo a passo, como fazer o brinquedo. A confec\u00e7\u00e3o deve ser acompanhada por respons\u00e1vel, e assim que estiver pronta, a dica \u00e9 curtir a divers\u00e3o com toda fam\u00edlia. Al\u00e9m do portal de not\u00edcias da Prefeitura de Juiz de Fora (PJF), o v\u00eddeo estar\u00e1 dispon\u00edvel nas redes sociais do Museu,\u00a0<a href=\"https:\/\/www.facebook.com\/museu.marianoprocopio\">facebook.com\/museu.marianoprocopio<\/a>\u00a0e instagram (@museumarianoprocopio). Quem desejar, pode fazer pequeno v\u00eddeo com seu brinquedo e com partilhar, marcando o perfil do Museu.<\/p>\n<p><strong>Fonte:\u00a0<\/strong>Assessoria<\/p>\n","protected":false},"excerpt":{"rendered":"<p>Nesta edi\u00e7\u00e3o do projeto &#8220;Fa\u00e7a Voc\u00ea Mesmo&#8221;, do Museu &#8220;Mariano Proc\u00f3pio&#8221;, em v\u00eddeo tutorial, crian\u00e7as, ou qualquer pessoa, poder\u00e3o aprender como confeccionar \u201cparaquedista\u201d de brinquedo . A iniciativa surgiu na \u201c14\u00aa Primavera dos Museus\u201d, e conta com participa\u00e7\u00e3o de estagi\u00e1rios e ex, na produ\u00e7\u00e3o de v\u00eddeos que ensinam ao p\u00fablico como confeccionar brinquedos com materiais [&hellip;]<\/p>\n","protected":false},"author":96,"featured_media":170977,"comment_status":"closed","ping_status":"closed","sticky":false,"template":"","format":"standard","meta":{"footnotes":""},"categories":[256,436,262,439],"tags":[],"class_list":["post-170976","post","type-post","status-publish","format-standard","has-post-thumbnail","hentry","category-cultura","category-destaque-da-semana","category-noticias","category-ultima-hora"],"_links":{"self":[{"href":"https:\/\/diarioregionaldigital.com.br\/index.php?rest_route=\/wp\/v2\/posts\/170976","targetHints":{"allow":["GET"]}}],"collection":[{"href":"https:\/\/diarioregionaldigital.com.br\/index.php?rest_route=\/wp\/v2\/posts"}],"about":[{"href":"https:\/\/diarioregionaldigital.com.br\/index.php?rest_route=\/wp\/v2\/types\/post"}],"author":[{"embeddable":true,"href":"https:\/\/diarioregionaldigital.com.br\/index.php?rest_route=\/wp\/v2\/users\/96"}],"replies":[{"embeddable":true,"href":"https:\/\/diarioregionaldigital.com.br\/index.php?rest_route=%2Fwp%2Fv2%2Fcomments&post=170976"}],"version-history":[{"count":0,"href":"https:\/\/diarioregionaldigital.com.br\/index.php?rest_route=\/wp\/v2\/posts\/170976\/revisions"}],"wp:featuredmedia":[{"embeddable":true,"href":"https:\/\/diarioregionaldigital.com.br\/index.php?rest_route=\/wp\/v2\/media\/170977"}],"wp:attachment":[{"href":"https:\/\/diarioregionaldigital.com.br\/index.php?rest_route=%2Fwp%2Fv2%2Fmedia&parent=170976"}],"wp:term":[{"taxonomy":"category","embeddable":true,"href":"https:\/\/diarioregionaldigital.com.br\/index.php?rest_route=%2Fwp%2Fv2%2Fcategories&post=170976"},{"taxonomy":"post_tag","embeddable":true,"href":"https:\/\/diarioregionaldigital.com.br\/index.php?rest_route=%2Fwp%2Fv2%2Ftags&post=170976"}],"curies":[{"name":"wp","href":"https:\/\/api.w.org\/{rel}","templated":true}]}}