{"id":170973,"date":"2020-10-14T17:05:56","date_gmt":"2020-10-14T20:05:56","guid":{"rendered":"https:\/\/diarioregionaldigital.com.br\/?p=170973"},"modified":"2020-10-14T17:05:56","modified_gmt":"2020-10-14T20:05:56","slug":"museu-mariano-procopio-promove-live-de-conteudo-destinado-aos-educadores","status":"publish","type":"post","link":"https:\/\/diarioregionaldigital.com.br\/?p=170973","title":{"rendered":"Museu \u201cMariano Proc\u00f3pio\u201d promove live de conte\u00fado destinado aos educadores"},"content":{"rendered":"<p>Dentro da programa\u00e7\u00e3o especial em homenagem ao \u201cDia do Professor\u201d, o Museu \u201cMariano Proc\u00f3pio\u201d promove nesta quinta-feira, 15, \u00e0s 10 horas, live no instagram (@museumarianoprocopio), sobre educa\u00e7\u00e3o e museus, com o tema &#8220;Objetos e Narrativas Museais no Contexto Educativo&#8221;. Os historiadores do Departamento de Acervo T\u00e9cnico e A\u00e7\u00f5es Culturais (Datec), Rosane Carmanini Ferraz e S\u00e9rgio Augusto Vicente, apresentar\u00e3o o conte\u00fado, destinado a educadores e interessados no assunto, com a rela\u00e7\u00e3o da institui\u00e7\u00e3o, seu acervo e a comunidade.<\/p>\n<p>Assim como os demais espa\u00e7os culturais, o Museu recebe normalmente, durante todo o ano, milhares de grupos de estudantes e educadores. Atrav\u00e9s de conte\u00fado presente na grade escolar e cursos superiores, seja por personagens hist\u00f3ricos ou por seu acervo, a institui\u00e7\u00e3o \u00e9 utilizada como objeto de estudo e pesquisa. Al\u00e9m das visitas mediadas, o espa\u00e7o recebe encontros de educadores, promove palestras por meio de sua equipe e parceiros. A live ser\u00e1 aberta, com certificado digital, para os participantes que solicitarem o documento, atrav\u00e9s de mensagem privada no instagram, informando nome completo e e-mail.<\/p>\n<p><strong>Fonte:\u00a0<\/strong>Assessoria<\/p>\n","protected":false},"excerpt":{"rendered":"<p>Dentro da programa\u00e7\u00e3o especial em homenagem ao \u201cDia do Professor\u201d, o Museu \u201cMariano Proc\u00f3pio\u201d promove nesta quinta-feira, 15, \u00e0s 10 horas, live no instagram (@museumarianoprocopio), sobre educa\u00e7\u00e3o e museus, com o tema &#8220;Objetos e Narrativas Museais no Contexto Educativo&#8221;. Os historiadores do Departamento de Acervo T\u00e9cnico e A\u00e7\u00f5es Culturais (Datec), Rosane Carmanini Ferraz e S\u00e9rgio [&hellip;]<\/p>\n","protected":false},"author":96,"featured_media":0,"comment_status":"closed","ping_status":"closed","sticky":false,"template":"","format":"standard","meta":{"footnotes":""},"categories":[256,436,262,439],"tags":[],"class_list":["post-170973","post","type-post","status-publish","format-standard","hentry","category-cultura","category-destaque-da-semana","category-noticias","category-ultima-hora"],"_links":{"self":[{"href":"https:\/\/diarioregionaldigital.com.br\/index.php?rest_route=\/wp\/v2\/posts\/170973","targetHints":{"allow":["GET"]}}],"collection":[{"href":"https:\/\/diarioregionaldigital.com.br\/index.php?rest_route=\/wp\/v2\/posts"}],"about":[{"href":"https:\/\/diarioregionaldigital.com.br\/index.php?rest_route=\/wp\/v2\/types\/post"}],"author":[{"embeddable":true,"href":"https:\/\/diarioregionaldigital.com.br\/index.php?rest_route=\/wp\/v2\/users\/96"}],"replies":[{"embeddable":true,"href":"https:\/\/diarioregionaldigital.com.br\/index.php?rest_route=%2Fwp%2Fv2%2Fcomments&post=170973"}],"version-history":[{"count":0,"href":"https:\/\/diarioregionaldigital.com.br\/index.php?rest_route=\/wp\/v2\/posts\/170973\/revisions"}],"wp:attachment":[{"href":"https:\/\/diarioregionaldigital.com.br\/index.php?rest_route=%2Fwp%2Fv2%2Fmedia&parent=170973"}],"wp:term":[{"taxonomy":"category","embeddable":true,"href":"https:\/\/diarioregionaldigital.com.br\/index.php?rest_route=%2Fwp%2Fv2%2Fcategories&post=170973"},{"taxonomy":"post_tag","embeddable":true,"href":"https:\/\/diarioregionaldigital.com.br\/index.php?rest_route=%2Fwp%2Fv2%2Ftags&post=170973"}],"curies":[{"name":"wp","href":"https:\/\/api.w.org\/{rel}","templated":true}]}}