{"id":170967,"date":"2020-10-14T15:35:03","date_gmt":"2020-10-14T18:35:03","guid":{"rendered":"https:\/\/diarioregionaldigital.com.br\/?p=170967"},"modified":"2020-10-14T15:35:03","modified_gmt":"2020-10-14T18:35:03","slug":"projeto-promove-evento-de-conscientizacao-e-prevencao-ao-cancer-de-mama","status":"publish","type":"post","link":"https:\/\/diarioregionaldigital.com.br\/?p=170967","title":{"rendered":"Projeto promove evento de conscientiza\u00e7\u00e3o e preven\u00e7\u00e3o ao c\u00e2ncer de mama"},"content":{"rendered":"<p>Tendo em vista, a campanha do Outubro Rosa, que se configura como um movimento para a promo\u00e7\u00e3o e a conscientiza\u00e7\u00e3o nas a\u00e7\u00f5es de preven\u00e7\u00e3o e detec\u00e7\u00e3o precoce do c\u00e2ncer de mama, o projeto de extens\u00e3o \u201cDe peito aberto: programa de preven\u00e7\u00e3o e acompanhamento integrado no c\u00e2ncer de mama HU\/UFJF\u201d realizar\u00e1 evento para acolher e orientar o p\u00fablico. A atividade ser\u00e1 realizada a partir das 18h, nos pr\u00f3ximos dias 21 e 22, pelo Youtube, e as inscri\u00e7\u00f5es devem ser realizadas at\u00e9 o primeiro dia da a\u00e7\u00e3o por meio de\u00a0<a href=\"https:\/\/www.even3.com.br\/rosasdeoutubro\/\" target=\"_blank\" rel=\"noopener noreferrer\">formul\u00e1rio eletr\u00f4nico<\/a>.<\/p>\n<p>O evento on-line \u201cRosas de Outubro: tend\u00eancias da primavera \u2013 nossas diferen\u00e7as fazem a diferen\u00e7a\u201d tem como p\u00fablico-alvo estudantes da \u00e1rea da sa\u00fade, docentes, t\u00e9cnico-administrativos em educa\u00e7\u00e3o (TAEs), profissionais, tanto da UFJF quanto de outras institui\u00e7\u00f5es de ensino, al\u00e9m das mulheres que integram o Grupo de Acompanhamento Integrado (GAI \u2013 De Peito Aberto) que, no momento, est\u00e3o acompanhadas pela modalidade de Telecuidado\/Cuidado por toda a equipe do projeto.<\/p>\n<p>De acordo com a coordenadora da a\u00e7\u00e3o, a professora Jaqueline Bittencourt, o Outubro Rosa \u00e9 um evento nacional e internacional, acontecendo em todos os munic\u00edpios brasileiros, que se juntam \u00e0s campanhas de conscientiza\u00e7\u00e3o da popula\u00e7\u00e3o, especialmente do p\u00fablico feminino, acerca da import\u00e2ncia da preven\u00e7\u00e3o e do diagn\u00f3stico do c\u00e2ncer de mama e do c\u00e2ncer de colo do \u00fatero. \u201cOcorre entre os dias 1\u00ba a 31 de outubro. Diversas atividades s\u00e3o realizadas, com institui\u00e7\u00f5es, lojas e grifes colaborando com a dissemina\u00e7\u00e3o de informa\u00e7\u00f5es e com a realiza\u00e7\u00e3o de diagn\u00f3sticos precisos, gratuitamente, com o objetivo de alertar as mulheres a respeito da necessidade de cuidar da pr\u00f3pria sa\u00fade.\u201d<\/p>\n<p>Al\u00e9m disso, destaca que, desse modo, no Outubro Rosa, a comunidade em geral \u00e9 o p\u00fablico-alvo, embora seja voltado \u00e0s mulheres, que est\u00e3o mais propensas a desenvolver o c\u00e2ncer de mama e de colo do \u00fatero. \u201cO movimento conclama n\u00e3o s\u00f3 para o cuidado, mas tamb\u00e9m para o autocuidado. Todos temos import\u00e2ncia acerca da conscientiza\u00e7\u00e3o e sobre a necessidade do diagn\u00f3stico precoce ampliando assim, as chances de cura, sobrevida e controle da doen\u00e7a.\u201d<\/p>\n<p>Segundo o coordenador de A\u00e7\u00f5es de Extens\u00e3o no exerc\u00edcio da Pr\u00f3-Reitoria de Extens\u00e3o, Diogo Mendes, \u00e9 necess\u00e1rio que a Universidade, neste contexto adverso provocado pela pandemia de Covid-19, continue presente junto \u00e0 sociedade na qual ela se faz inserida. \u201c\u00c9 fundamental mantermos o relacionamento e o di\u00e1logo com os benefici\u00e1rios de nossas a\u00e7\u00f5es de extens\u00e3o. Ainda mais numa tem\u00e1tica t\u00e3o importante como a promovida pelo evento da Faculdade de Enfermagem, relacionada ao c\u00e2ncer de mama, que \u00e9 o segundo com maior incid\u00eancia na popula\u00e7\u00e3o feminina brasileira. \u00c9 importante, ainda mais nesse contexto de isolamento social, que sejam promovidas a\u00e7\u00f5es que busquem abordar as mudan\u00e7as causadas nas mulheres durante o tratamento do c\u00e2ncer, ressaltando a necessidade cont\u00ednua do autocuidado, da autoestima e do reconhecimento da identidade de cada uma delas.\u201d<\/p>\n<p><b>Cuidados<\/b><\/p>\n<p>Para esclarecer d\u00favidas, a coordenadora do projeto de extens\u00e3o, Jaqueline Bittencourt, conversou com o portal da UFJF, confira:<\/p>\n<p><b>\u2013 Portal UFJF:<\/b>\u00a0<b>Quais cuidados s\u00e3o recomendados para que as mulheres cuidem da sa\u00fade em rela\u00e7\u00e3o ao c\u00e2ncer de mama?<\/b><\/p>\n<p><b>\u2013 Jaqueline Bittencourt:\u00a0<\/b>Sabe-se que o c\u00e2ncer mam\u00e1rio, ainda \u00e9 um problema de sa\u00fade p\u00fablica de grande relev\u00e2ncia no nosso pa\u00eds. Respons\u00e1vel pela frequente causa de morte por c\u00e2ncer no sexo feminino. Cuidar-se e ficar atenta a alguns sinais e sintomas s\u00e3o a\u00e7\u00f5es importantes para preven\u00e7\u00e3o e combate a essa doen\u00e7a. No entanto, existem fatores de risco que podemos mudar, tais como: pr\u00e1tica de atividade f\u00edsica, manuten\u00e7\u00e3o do peso corporal adequado, adotar uma alimenta\u00e7\u00e3o mais saud\u00e1vel e evitar ou reduzir o consumo de bebidas alc\u00f3olicas. Amamentar \u00e9 tamb\u00e9m um fator protetor.\u00a0Do mesmo modo, o diagn\u00f3stico precoce aumenta as chances de sucesso do tratamento. Em rela\u00e7\u00e3o \u00e0 avalia\u00e7\u00e3o das mamas, o Minist\u00e9rio da Sa\u00fade preconiza o rastreio a cada dois anos a partir dos 50 anos de idade. A Sociedade Brasileira de Mastologia recomenda um acompanhamento um pouco mais precoce, a partir dos 40 anos, anualmente. Existem pr\u00f3s e contras para cada grupo e faixa et\u00e1ria e a forma de acompanhamento.\u00a0As estrat\u00e9gias de preven\u00e7\u00e3o em geral tem grande amplitude. Em uma conversa com a mulher, al\u00e9m do c\u00e2ncer de mama, \u00e9 importante que o enfermeiro ou profissional de sa\u00fade fale de outras doen\u00e7as, como o risco cardiovascular, hipertens\u00e3o, diabetes, o envelhecimento saud\u00e1vel. Explicarmos que existe risco, contudo, se ela tiver uma estrat\u00e9gia de mudan\u00e7a de h\u00e1bitos, ter\u00e1 uma diminui\u00e7\u00e3o dos riscos e caso tenha um diagn\u00f3stico de c\u00e2ncer de mama, o risco de recidiva \u00e9 muito menor, aumentando suas chances de cura.<\/p>\n<p><b>\u2013 Portal UFJF: Quais as recomenda\u00e7\u00f5es sobre o autoexame?<\/b><\/p>\n<p><b>\u2013 Jaqueline Bittencourt:\u00a0<\/b>O Instituto Nacional de C\u00e2ncer (Inca), orienta que a mulher fa\u00e7a a observa\u00e7\u00e3o e a apalpa\u00e7\u00e3o das mamas sempre que se sentir confort\u00e1vel (no banho, na troca de roupa ou em outra situa\u00e7\u00e3o do dia a dia), sem necessidade de uma t\u00e9cnica espec\u00edfica de autoexame ou periodicidade. Isto \u00e9, a mulher deve estar atenta ao seu corpo e reconhecer as poss\u00edveis altera\u00e7\u00f5es suspeitas e procurar um servi\u00e7o de sa\u00fade o mais cedo poss\u00edvel. Os principais sintomas do c\u00e2ncer de mama s\u00e3o n\u00f3dulos endurecidos; altera\u00e7\u00f5es na pele ou retra\u00e7\u00f5es; sa\u00edda de secre\u00e7\u00e3o espont\u00e2nea pelo mamilo; altera\u00e7\u00f5es no mamilo; e g\u00e2nglios aumentados na regi\u00e3o da axila (INCA); no entanto, o ideal \u00e9 diagnosticar o c\u00e2ncer de mama na aus\u00eancia de sintomas, pelo exame de mamografia (disponibilizado pelo SUS).<\/p>\n<p><b>\u2013 Portal UFJF:<\/b>\u00a0<b>Homens tamb\u00e9m podem ter c\u00e2ncer de mama. Quais cuidados devem ser tomados por esse p\u00fablico?<\/b><\/p>\n<p><b>\u2013 Jaqueline Bittencourt:\u00a0<\/b>A orienta\u00e7\u00e3o aos homens \u00e9 a visita m\u00e9dica peri\u00f3dica e aos servi\u00e7os de sa\u00fade para os exames de controle, bem como a aten\u00e7\u00e3o a poss\u00edveis mudan\u00e7as nas mamas a sinais como dor, sensibilidade, caro\u00e7os ou o aumento do volume das mamas, e a procura ao profissional m\u00e9dico o quanto antes. Al\u00e9m disto, o aumento do volume mam\u00e1rio (ginecomastia) pode estar relacionado a altera\u00e7\u00f5es hormonais e n\u00e3o ao c\u00e2ncer propriamente dito, contudo fatores relativos \u00e0 faixa et\u00e1ria ou a problemas hormonais tem que ser investigado, uma vez que cada pessoa tem uma hist\u00f3ria. Assim, a atitude preventiva com a pr\u00e1tica de atividades f\u00edsicas, o controle da obesidade, a alimenta\u00e7\u00e3o balanceada, entre outras s\u00e3o fundamentais para a manuten\u00e7\u00e3o da sa\u00fade do homem que quer ficar longe do c\u00e2ncer de mama, j\u00e1 que, pode tamb\u00e9m atingir homens, embora em apenas 1% dos casos.<\/p>\n<p><a href=\"https:\/\/docs.google.com\/document\/d\/1as05JiX7F0tULI64ELI5uN0SvzZCVaugQmKw0BXtI10\/edit\" target=\"_blank\" rel=\"noopener noreferrer\">Confira a programa\u00e7\u00e3o de Rosas de Outubro: tend\u00eancias da primavera \u2013 nossas diferen\u00e7as fazem a diferen\u00e7a<\/a><\/p>\n<p><b>C\u00e2ncer de mama<\/b><\/p>\n<p>O c\u00e2ncer de mama \u00e9 o segundo mais prevalente entre as mulheres brasileiras representando em torno de 25% de todos os c\u00e2nceres que afetam o sexo feminino, de acordo com o Instituto Nacional de C\u00e2ncer (Inca), 2020. Para o Brasil, foram estimados 59.700 casos novos de c\u00e2ncer de mama em 2019, com risco estimado de 56 casos novos a cada cem mil mulheres.<\/p>\n<p>O Inca recomenda a conscientiza\u00e7\u00e3o; a import\u00e2ncia de compartilhar informa\u00e7\u00f5es sobre o c\u00e2ncer de mama; a promo\u00e7\u00e3o do conhecimento sobre a doen\u00e7a e do acesso aos servi\u00e7os seja por diagn\u00f3stico e tratamento seja para contribuir para a redu\u00e7\u00e3o da mortalidade, o que vem a refor\u00e7ar os tr\u00eas pilares estrat\u00e9gicos no controle da doen\u00e7a: preven\u00e7\u00e3o prim\u00e1ria, detec\u00e7\u00e3o precoce e mamografia.<\/p>\n<p><strong>Fonte:\u00a0<\/strong>Assessoria<\/p>\n","protected":false},"excerpt":{"rendered":"<p>Tendo em vista, a campanha do Outubro Rosa, que se configura como um movimento para a promo\u00e7\u00e3o e a conscientiza\u00e7\u00e3o nas a\u00e7\u00f5es de preven\u00e7\u00e3o e detec\u00e7\u00e3o precoce do c\u00e2ncer de mama, o projeto de extens\u00e3o \u201cDe peito aberto: programa de preven\u00e7\u00e3o e acompanhamento integrado no c\u00e2ncer de mama HU\/UFJF\u201d realizar\u00e1 evento para acolher e orientar [&hellip;]<\/p>\n","protected":false},"author":96,"featured_media":170968,"comment_status":"closed","ping_status":"closed","sticky":false,"template":"","format":"standard","meta":{"footnotes":""},"categories":[253,436,440,439],"tags":[],"class_list":["post-170967","post","type-post","status-publish","format-standard","has-post-thumbnail","hentry","category-cidade","category-destaque-da-semana","category-destaques-do-dia","category-ultima-hora"],"_links":{"self":[{"href":"https:\/\/diarioregionaldigital.com.br\/index.php?rest_route=\/wp\/v2\/posts\/170967","targetHints":{"allow":["GET"]}}],"collection":[{"href":"https:\/\/diarioregionaldigital.com.br\/index.php?rest_route=\/wp\/v2\/posts"}],"about":[{"href":"https:\/\/diarioregionaldigital.com.br\/index.php?rest_route=\/wp\/v2\/types\/post"}],"author":[{"embeddable":true,"href":"https:\/\/diarioregionaldigital.com.br\/index.php?rest_route=\/wp\/v2\/users\/96"}],"replies":[{"embeddable":true,"href":"https:\/\/diarioregionaldigital.com.br\/index.php?rest_route=%2Fwp%2Fv2%2Fcomments&post=170967"}],"version-history":[{"count":0,"href":"https:\/\/diarioregionaldigital.com.br\/index.php?rest_route=\/wp\/v2\/posts\/170967\/revisions"}],"wp:featuredmedia":[{"embeddable":true,"href":"https:\/\/diarioregionaldigital.com.br\/index.php?rest_route=\/wp\/v2\/media\/170968"}],"wp:attachment":[{"href":"https:\/\/diarioregionaldigital.com.br\/index.php?rest_route=%2Fwp%2Fv2%2Fmedia&parent=170967"}],"wp:term":[{"taxonomy":"category","embeddable":true,"href":"https:\/\/diarioregionaldigital.com.br\/index.php?rest_route=%2Fwp%2Fv2%2Fcategories&post=170967"},{"taxonomy":"post_tag","embeddable":true,"href":"https:\/\/diarioregionaldigital.com.br\/index.php?rest_route=%2Fwp%2Fv2%2Ftags&post=170967"}],"curies":[{"name":"wp","href":"https:\/\/api.w.org\/{rel}","templated":true}]}}