{"id":170964,"date":"2020-10-14T15:33:04","date_gmt":"2020-10-14T18:33:04","guid":{"rendered":"https:\/\/diarioregionaldigital.com.br\/?p=170964"},"modified":"2020-10-14T15:33:04","modified_gmt":"2020-10-14T18:33:04","slug":"portaria-lista-274-atletas-olimpicos-e-paralimpicos-contemplados-com-a-bolsa-podio-do-governo-federal","status":"publish","type":"post","link":"https:\/\/diarioregionaldigital.com.br\/?p=170964","title":{"rendered":"Portaria lista 274 atletas ol\u00edmpicos e paral\u00edmpicos contemplados com a Bolsa P\u00f3dio do Governo Federal"},"content":{"rendered":"<p><span style=\"font-weight: 400;\">Foi publicada no Di\u00e1rio Oficial da Uni\u00e3o desta quarta-feira (14) a <\/span><a href=\"https:\/\/www.in.gov.br\/web\/dou\/-\/portaria-n-505-de-9-de-outubro-de-2020-282460957\"><span style=\"font-weight: 400;\">Portaria N\u00ba 505<\/span><\/a><span style=\"font-weight: 400;\">, que renova a\u00a0 lista de contemplados com a Bolsa P\u00f3dio, categoria mais alta do programa Bolsa Atleta, do Minist\u00e9rio da Cidadania. Ao todo, 274 atletas de elite ter\u00e3o direito aos repasses do benef\u00edcio, que variam entre R$ 5 mil e R$ 15 mil. Entre eles, 107 s\u00e3o de modalidades ol\u00edmpicas e 167 de paral\u00edmpicas. Todos tiveram os planos esportivos aprovados pelo grupo de trabalho respons\u00e1vel pelas an\u00e1lises.\u00a0<\/span><\/p>\n<p><span style=\"font-weight: 400;\">\u201cO Governo Federal tem trabalhado para que nossos atletas n\u00e3o fiquem desamparados neste ano t\u00e3o complicado para todos em fun\u00e7\u00e3o da pandemia\u201d, destacou o secret\u00e1rio Especial do Esporte do Minist\u00e9rio da Cidadania, Marcelo Magalh\u00e3es. \u201cCom o adiamento dos Jogos Ol\u00edmpicos e Paral\u00edmpicos de T\u00f3quio para 2021 e com o calend\u00e1rio de competi\u00e7\u00f5es bastante reduzido neste ano, a manuten\u00e7\u00e3o da Bolsa P\u00f3dio tornou-se ainda mais fundamental para nossos atletas do alt\u00edssimo rendimento&#8221;, completou o secret\u00e1rio.\u00a0<\/span><\/p>\n<p><span style=\"font-weight: 400;\">\u201cEsses 274 atletas representam a elite de nosso esporte no momento e por isso est\u00e3o contemplados com a Bolsa P\u00f3dio. Tenho certeza de que esse recurso ser\u00e1 muito importante para que eles possam seguir treinando e se preparando da melhor maneira poss\u00edvel para defender o Brasil nos Jogos de T\u00f3quio\u201d, afirmou Bruno Souza, secret\u00e1rio nacional de Esporte de Alto Rendimento da Secretaria Especial do Esporte do Minist\u00e9rio da Cidadania.\u00a0<\/span><\/p>\n<p><span style=\"font-weight: 400;\">\u201cSe esse tivesse sido um ano normal, neste momento estar\u00edamos trabalhando no edital para o pr\u00f3ximo ciclo ol\u00edmpico e paral\u00edmpico. Mas, em fun\u00e7\u00e3o de todos os efeitos dessa crise sanit\u00e1ria, o foco passou a ser a publica\u00e7\u00e3o da lista de contemplados visando aos Jogos de T\u00f3quio. A pandemia transformou um ciclo de quatro anos em um ciclo de cinco\u201d, ponderou Mosiah Rodrigues, coordenador-geral do Bolsa Atleta, que lembrou que a an\u00e1lise dos planos esportivos que resultou na lista dos 274 contemplados n\u00e3o \u00e9 atribui\u00e7\u00e3o exclusiva do Minist\u00e9rio da Cidadania.\u00a0<\/span><\/p>\n<p><span style=\"font-weight: 400;\">\u201cTrata-se de um trabalho desenvolvido em conjunto com o Comit\u00ea Ol\u00edmpico do Brasil (COB), o Comit\u00ea Paral\u00edmpico Brasileiro (CPB) e as confedera\u00e7\u00f5es. Todas essas entidades participaram do processo que resultou na lista publicada hoje\u201d, explicou Mosiah Rodrigues.\u00a0<\/span><\/p>\n<p><b>Est\u00edmulo \u00e0 excel\u00eancia<\/b><\/p>\n<p><span style=\"font-weight: 400;\">A categoria p\u00f3dio do Bolsa Atleta foi criada em 2013 com o objetivo espec\u00edfico de patrocinar atletas com potencial real de ganhar medalhas e de disputar finais ol\u00edmpicas. \u201cA import\u00e2ncia da Bolsa P\u00f3dio \u00e9 muito grande. Trata-se de um apoio que eleva a qualidade do nosso trabalho e nos d\u00e1 seguran\u00e7a. Funciona at\u00e9 mesmo como est\u00edmulo para o atleta ver que se ele se mantiver entre os melhores do mundo e buscando resultados o governo vai manter esse patroc\u00ednio com uma verba bem consider\u00e1vel. Isso d\u00e1 sentido para a carreira do atleta\u201d, destacou Bruno Schmidt, campe\u00e3o ol\u00edmpico no v\u00f4lei de praia no Rio 2016, ao lado de Alison.\u00a0<\/span><\/p>\n<p><span style=\"font-weight: 400;\">\u201cA gente sabe que cada vez mais com essa crise gerada pela pandemia as empresas privadas est\u00e3o reduzindo receitas e renegociando\u00a0 contratos. Com isso, a ajuda governamental \u00e9 de suma import\u00e2ncia. N\u00e3o \u00e9 \u00e0 toa que o governo est\u00e1 ajudando as pessoas, inclusive com o Aux\u00edlio Emergencial. O v\u00f4lei de praia \u00e9 um esporte de premia\u00e7\u00e3o. A gente vive das premia\u00e7\u00f5es das competi\u00e7\u00f5es e de patroc\u00ednios. O Bolsa P\u00f3dio profissionaliza a nossa carreira e tem uma relev\u00e2ncia muito grande, ainda maior nesse momento de pandemia\u201d, continuou Bruno.\u00a0<\/span><\/p>\n<p><span style=\"font-weight: 400;\">Titular da categoria -70kg na Sele\u00e7\u00e3o Brasileira de jud\u00f4, a ga\u00facha Maria Portela coleciona duas participa\u00e7\u00f5es em Jogos Ol\u00edmpicos (Londres 2012 e Rio 2016) e dois bronzes em Jogos Pan-Americanos (Guadalajara 2011 e Toronto 2015). Al\u00e9m disso, foi duas vezes medalhista por equipes em edi\u00e7\u00f5es do Mundial de jud\u00f4 e, em 2017, chegou ao t\u00edtulo do World Masters. No ano passado, foi prata no Grand Slam de Ecaterimburgo e bronze na etapa de Bras\u00edlia. Para ela, a renova\u00e7\u00e3o significa tranquilidade e possibilidade de foco.<\/span><\/p>\n<p><span style=\"font-weight: 400;\">&#8220;Estou contente e\u00a0 agradecida por ter sido contemplada com o Bolsa P\u00f3dio por mais um ano. Essa renova\u00e7\u00e3o me traz um sentimento de tranquilidade. Sei que terei recursos para investir no meu desempenho at\u00e9 as Olimp\u00edadas. \u00c9 uma seguran\u00e7a para treinar 100% focada somente na minha evolu\u00e7\u00e3o&#8221;, afirmou. &#8220;Com esse suporte consigo mirar nos detalhes que v\u00e3o auxiliar a minha prepara\u00e7\u00e3o e ajustar todas as \u00e1reas que s\u00e3o poss\u00edveis. \u00c9 uma ferramenta muito importante para o esporte brasileiro&#8221;, ressaltou a judoca.\u00a0<\/span><\/p>\n<p><span style=\"font-weight: 400;\">Maior expoente do esporte paral\u00edmpico brasileiro, o nadador Daniel Dias, dono de 24 p\u00f3dios (14 ouros) conquistados em Pequim 2008, Londres 2012 e Rio 2016, tamb\u00e9m ressaltou a relev\u00e2ncia estrat\u00e9gica do benef\u00edcio. \u201cN\u00f3s, atletas, ficamos felizes por termos o pagamento da Bolsa P\u00f3dio e por termos a continuidade de um projeto como esse, que tem muita import\u00e2ncia na prepara\u00e7\u00e3o de qualquer atleta que est\u00e1 visando aos Jogos de T\u00f3quio\u201d, afirmou o nadador.\u00a0<\/span><\/p>\n<p><span style=\"font-weight: 400;\">\u201cHoje n\u00f3s temos a tranquilidade para continuar nos dedicando ao esporte, continuar fazendo nosso melhor para que a gente possa, de fato, chegar a T\u00f3quio no pr\u00f3ximo ano e desempenhar o melhor poss\u00edvel. Ter essa garantia da Bolsa P\u00f3dio \u00e9 fundamental. O atleta busca isso: ter um ambiente tranquilo para desempenhar o seu melhor no treinamento e, consequentemente, chegar \u00e0 competi\u00e7\u00e3o e poder dar o seu melhor\u201d, prosseguiu Daniel Dias, que coleciona 34 medalhas em campeonatos mundiais.\u00a0<\/span><\/p>\n<p><b>Evolu\u00e7\u00e3o<\/b> <b>quantitativa<\/b><\/p>\n<p><span style=\"font-weight: 400;\">O hist\u00f3rico dos benef\u00edcios pagos pela Bolsa P\u00f3dio permite constatar uma evolu\u00e7\u00e3o t\u00e9cnica dos atletas brasileiros na compara\u00e7\u00e3o entre os ciclos para os Jogos Rio 2016 e T\u00f3quio 2020. A come\u00e7ar pelo n\u00famero de benef\u00edcios pagos: foram 634 entre 2013 e 2016 e 1147 entre 2017 e 2020. O n\u00famero de atletas beneficiados pulou de 324 no ciclo Rio 2016 para 450 no ciclo para T\u00f3quio.<\/span><\/p>\n<p><span style=\"font-weight: 400;\">Quando se analisa as faixas dos benef\u00edcios, nota-se uma evolu\u00e7\u00e3o significativa do posicionamento dos atletas brasileiros, ol\u00edmpicos e paral\u00edmpicos, entre os 20 melhores do ranking mundial.\u00a0<\/span><\/p>\n<p><span style=\"font-weight: 400;\">Entre 2013 e 2016, 256 benef\u00edcios de R$ 15 mil reais foram pagos. J\u00e1 para o ciclo ol\u00edmpico seguinte, entre 2017 e 2020, foram 335 benef\u00edcios nessa faixa. Para ter direito ao valor mais alto da Bolsa P\u00f3dio, o atleta deve estar entre os tr\u00eas primeiros do ranking mundial em sua modalidade.\u00a0<\/span><\/p>\n<p><span style=\"font-weight: 400;\">O mesmo ocorre para os outros n\u00edveis da Bolsa P\u00f3dio. Entre 2013 e 2016, 196 bolsas foram concedidas para os valores de R$ 11 mil. Entre 2017 e 2020, o n\u00famero mais do que dobrou, saltando para 449. Para ter direito a essa benef\u00edcio, o atleta deve estar entre o 4\u00ba e o 8\u00ba lugares do ranking mundial.\u00a0<\/span><\/p>\n<p><span style=\"font-weight: 400;\">Na faixa de R$ 8 mil, voltada aos que est\u00e3o entre 9\u00ba e 16\u00ba no ranking mundial, o n\u00famero tamb\u00e9m mais do que dobrou de um ciclo para o outro. Entre 2013 e 2016 foram 133 benef\u00edcios pagos, contra 303 entre 2017 e 2020.\u00a0<\/span><\/p>\n<p><span style=\"font-weight: 400;\">Por \u00faltimo, tamb\u00e9m houve aumento na faixa de R$ 5 mil, destinada aos atletas posicionados entre o 17\u00ba e o 20\u00ba lugares no ranking mundial. Entre 2013 e 2016 foram\u00a0 49 benef\u00edcios, n\u00famero que subiu para 60 entre 2017 e 2020.\u00a0<\/span><\/p>\n<p><span style=\"font-weight: 400;\">\u201cEm 2020 completamos oito anos de pagamentos de benef\u00edcios da Bolsa P\u00f3dio. Analisando o n\u00famero de bolsas pagas em cada faixa dos benef\u00edcios, houve aumento do n\u00famero de atletas em todas elas para o ciclo de T\u00f3quio em compara\u00e7\u00e3o com o do Rio\u201d, destacou Bruno Souza.\u00a0 \u201cIsso deixa claro que nesses \u00faltimos quatro anos tivemos mais atletas posicionados entre os 20 melhores do mundo do que t\u00ednhamos entre 2013 e 2017. Isso se deve a todo o investimento que foi feito para os Jogos do Rio 2016, tanto nos atletas diretamente, com a Bolsa Atleta e a Bolsa P\u00f3dio, quanto na estrutura que eles t\u00eam hoje para treinar e se preparar para as competi\u00e7\u00f5es. Isso tudo \u00e9 legado dos Jogos Rio 2016\u201d, avaliou o secret\u00e1rio nacional de Esporte de Alto Rendimento da Secretaria Especial do Esporte.\u00a0<\/span><\/p>\n<p><strong>Fonte:<\/strong> Assessoria<\/p>\n","protected":false},"excerpt":{"rendered":"<p>Foi publicada no Di\u00e1rio Oficial da Uni\u00e3o desta quarta-feira (14) a Portaria N\u00ba 505, que renova a\u00a0 lista de contemplados com a Bolsa P\u00f3dio, categoria mais alta do programa Bolsa Atleta, do Minist\u00e9rio da Cidadania. Ao todo, 274 atletas de elite ter\u00e3o direito aos repasses do benef\u00edcio, que variam entre R$ 5 mil e R$ [&hellip;]<\/p>\n","protected":false},"author":96,"featured_media":170965,"comment_status":"closed","ping_status":"closed","sticky":false,"template":"","format":"standard","meta":{"footnotes":""},"categories":[436,257,439],"tags":[],"class_list":["post-170964","post","type-post","status-publish","format-standard","has-post-thumbnail","hentry","category-destaque-da-semana","category-esporte","category-ultima-hora"],"_links":{"self":[{"href":"https:\/\/diarioregionaldigital.com.br\/index.php?rest_route=\/wp\/v2\/posts\/170964","targetHints":{"allow":["GET"]}}],"collection":[{"href":"https:\/\/diarioregionaldigital.com.br\/index.php?rest_route=\/wp\/v2\/posts"}],"about":[{"href":"https:\/\/diarioregionaldigital.com.br\/index.php?rest_route=\/wp\/v2\/types\/post"}],"author":[{"embeddable":true,"href":"https:\/\/diarioregionaldigital.com.br\/index.php?rest_route=\/wp\/v2\/users\/96"}],"replies":[{"embeddable":true,"href":"https:\/\/diarioregionaldigital.com.br\/index.php?rest_route=%2Fwp%2Fv2%2Fcomments&post=170964"}],"version-history":[{"count":0,"href":"https:\/\/diarioregionaldigital.com.br\/index.php?rest_route=\/wp\/v2\/posts\/170964\/revisions"}],"wp:featuredmedia":[{"embeddable":true,"href":"https:\/\/diarioregionaldigital.com.br\/index.php?rest_route=\/wp\/v2\/media\/170965"}],"wp:attachment":[{"href":"https:\/\/diarioregionaldigital.com.br\/index.php?rest_route=%2Fwp%2Fv2%2Fmedia&parent=170964"}],"wp:term":[{"taxonomy":"category","embeddable":true,"href":"https:\/\/diarioregionaldigital.com.br\/index.php?rest_route=%2Fwp%2Fv2%2Fcategories&post=170964"},{"taxonomy":"post_tag","embeddable":true,"href":"https:\/\/diarioregionaldigital.com.br\/index.php?rest_route=%2Fwp%2Fv2%2Ftags&post=170964"}],"curies":[{"name":"wp","href":"https:\/\/api.w.org\/{rel}","templated":true}]}}