{"id":170960,"date":"2020-10-14T15:28:49","date_gmt":"2020-10-14T18:28:49","guid":{"rendered":"https:\/\/diarioregionaldigital.com.br\/?p=170960"},"modified":"2020-10-14T15:28:49","modified_gmt":"2020-10-14T18:28:49","slug":"apos-marcar-tres-gols-contra-o-peru-neymar-passa-a-ser-o-segundo-maior-artilheiro-da-selecao","status":"publish","type":"post","link":"https:\/\/diarioregionaldigital.com.br\/?p=170960","title":{"rendered":"Ap\u00f3s marcar tr\u00eas gols contra o Peru, Neymar passa a ser o segundo maior artilheiro da Sele\u00e7\u00e3o"},"content":{"rendered":"<p><span style=\"font-weight: 400;\">Na noite de ter\u00e7a-feira (13), a Sele\u00e7\u00e3o Brasileira viajou para a capital Lima no Peru, e derrotou os donos da casa por 4&#215;2, jogo v\u00e1lido pela segunda rodada das Eliminat\u00f3rias da Copa do Mundo Catar 2022. A partida contou com tr\u00eas gols marcados pelo atacante Neymar, que agora \u00e9 o segundo maior artilheiro da hist\u00f3ria da Amarelinha, com 64 tentos.\u00a0<\/span><\/p>\n<p><span style=\"font-weight: 400;\">O brasileiro superou ningu\u00e9m menos que Ronaldo Fen\u00f4meno, que balan\u00e7ou as redes 62 vezes. O l\u00edder na artilharia \u00e9 o Rei Pel\u00e9, com 77 gols, conforme estat\u00edsticas da FIFA.\u00a0<\/span><\/p>\n<p><span style=\"font-weight: 400;\">No duelo diante dos peruanos, ao marcar de p\u00eanalti e empatar a partida em 1&#215;1, Neymar comemorou balan\u00e7ando o dedo indicador e mostrando o n\u00famero nove com as m\u00e3os, em refer\u00eancia ao \u00eddolo do pentacampeonato de 2002:<\/span><\/p>\n<p><span style=\"font-weight: 400;\">&#8220;Fiz em homenagem ao Ronaldo, por empatar com ele em gols e quis homenage\u00e1-lo de alguma forma. \u00c9 um \u00eddolo para todos n\u00f3s, brasileiros, e para mim principalmente&#8221;, disse Neymar ap\u00f3s a partida.\u00a0<\/span><\/p>\n<p><span style=\"font-weight: 400;\">Al\u00e9m disso, no jogo diante do Peru, foi a quarta vez que o atacante brasileiro marcou tr\u00eas ou mais gols com a camisa do Brasil. <\/span><span style=\"font-weight: 400;\">Antes, ele j\u00e1 havia conseguido o feito nos seguintes jogos:<\/span><\/p>\n<ul>\n<li style=\"font-weight: 400;\"><b>8&#215;0 sobre a China<\/b><span style=\"font-weight: 400;\">, em amistoso em 2012, quando fez <\/span><b>tr\u00eas gols<\/b><span style=\"font-weight: 400;\">;<\/span><\/li>\n<li style=\"font-weight: 400;\"><b>5&#215;0 sobre a \u00c1frica do Sul<\/b><span style=\"font-weight: 400;\">, em amistoso, em 2014, <\/span><b>quatro gols<\/b><span style=\"font-weight: 400;\">;<\/span><\/li>\n<li style=\"font-weight: 400;\"><b>4&#215;0 sobre o Jap\u00e3o<\/b><span style=\"font-weight: 400;\">, em amistoso, em 2014, <\/span><b>quatro gols;<\/b><\/li>\n<\/ul>\n<p><span style=\"font-weight: 400;\">Em entrevista coletiva, o t\u00e9cnico Tite evitou fazer compara\u00e7\u00f5es entre Neymar e os outros grandes \u00eddolos da Sele\u00e7\u00e3o Brasileira, mas rasgou elogios para o atacante do Brasil.<\/span><\/p>\n<p><span style=\"font-weight: 400;\">\u02dc\u00c9 injusto fazer comparativos nas etapas de cada um. O que posso dizer \u00e9 que o Neymar tem essa imprevisibilidade, ele \u00e9 arco e flecha, ele \u00e9 o jogador da assist\u00eancia e da finaliza\u00e7\u00e3o. E cada vez melhor, com um grau de maturidade melhor\u201d, disse o treinador.<\/span><\/p>\n<p><span style=\"font-weight: 400;\">Ap\u00f3s o triunfo contra o Peru, a Sele\u00e7\u00e3o Brasileira lidera na classifica\u00e7\u00e3o das Eliminat\u00f3rias com duas vit\u00f3rias em dois jogos disputados. Os pr\u00f3ximos compromissos da Amarelinha ser\u00e3o no dia 13 de novembro contra a Venezuela, no Est\u00e1dio do Morumbi em S\u00e3o Paulo e no dia 17 do mesmo m\u00eas diante do Uruguai, na capital Montevideo.<\/span><\/p>\n","protected":false},"excerpt":{"rendered":"<p>Na noite de ter\u00e7a-feira (13), a Sele\u00e7\u00e3o Brasileira viajou para a capital Lima no Peru, e derrotou os donos da casa por 4&#215;2, jogo v\u00e1lido pela segunda rodada das Eliminat\u00f3rias da Copa do Mundo Catar 2022. A partida contou com tr\u00eas gols marcados pelo atacante Neymar, que agora \u00e9 o segundo maior artilheiro da hist\u00f3ria [&hellip;]<\/p>\n","protected":false},"author":96,"featured_media":170962,"comment_status":"closed","ping_status":"closed","sticky":false,"template":"","format":"standard","meta":{"footnotes":""},"categories":[436,257,439],"tags":[],"class_list":["post-170960","post","type-post","status-publish","format-standard","has-post-thumbnail","hentry","category-destaque-da-semana","category-esporte","category-ultima-hora"],"_links":{"self":[{"href":"https:\/\/diarioregionaldigital.com.br\/index.php?rest_route=\/wp\/v2\/posts\/170960","targetHints":{"allow":["GET"]}}],"collection":[{"href":"https:\/\/diarioregionaldigital.com.br\/index.php?rest_route=\/wp\/v2\/posts"}],"about":[{"href":"https:\/\/diarioregionaldigital.com.br\/index.php?rest_route=\/wp\/v2\/types\/post"}],"author":[{"embeddable":true,"href":"https:\/\/diarioregionaldigital.com.br\/index.php?rest_route=\/wp\/v2\/users\/96"}],"replies":[{"embeddable":true,"href":"https:\/\/diarioregionaldigital.com.br\/index.php?rest_route=%2Fwp%2Fv2%2Fcomments&post=170960"}],"version-history":[{"count":0,"href":"https:\/\/diarioregionaldigital.com.br\/index.php?rest_route=\/wp\/v2\/posts\/170960\/revisions"}],"wp:featuredmedia":[{"embeddable":true,"href":"https:\/\/diarioregionaldigital.com.br\/index.php?rest_route=\/wp\/v2\/media\/170962"}],"wp:attachment":[{"href":"https:\/\/diarioregionaldigital.com.br\/index.php?rest_route=%2Fwp%2Fv2%2Fmedia&parent=170960"}],"wp:term":[{"taxonomy":"category","embeddable":true,"href":"https:\/\/diarioregionaldigital.com.br\/index.php?rest_route=%2Fwp%2Fv2%2Fcategories&post=170960"},{"taxonomy":"post_tag","embeddable":true,"href":"https:\/\/diarioregionaldigital.com.br\/index.php?rest_route=%2Fwp%2Fv2%2Ftags&post=170960"}],"curies":[{"name":"wp","href":"https:\/\/api.w.org\/{rel}","templated":true}]}}