{"id":170957,"date":"2020-10-14T15:05:01","date_gmt":"2020-10-14T18:05:01","guid":{"rendered":"https:\/\/diarioregionaldigital.com.br\/?p=170957"},"modified":"2020-10-14T15:05:01","modified_gmt":"2020-10-14T18:05:01","slug":"portugues-ricardo-sa-pinto-e-o-novo-treinador-do-vasco","status":"publish","type":"post","link":"https:\/\/diarioregionaldigital.com.br\/?p=170957","title":{"rendered":"Portugu\u00eas Ricardo S\u00e1 Pinto \u00e9 o novo treinador do Vasco"},"content":{"rendered":"<p><span style=\"font-weight: 400;\">Nesta quarta-feira (14), o Vasco anunciou o portugu\u00eas Ricardo S\u00e1 Pinto, como seu novo treinador, para a disputa do Campeonato Brasileiro. O t\u00e9cnico de 48 anos, assumir\u00e1 o posto deixado por Ramon Menezes, demitido ap\u00f3s a derrota por 3&#215;0 para o Bahia.<\/span><\/p>\n<p><span style=\"font-weight: 400;\">Junto com ele, o clube contar\u00e1 o auxiliar Rui Mota, o preparador f\u00edsico Jo\u00e3o Moreira e o analista de desempenho Igor Dias, na comiss\u00e3o t\u00e9cnica.<\/span><\/p>\n<p><span style=\"font-weight: 400;\">Com passagem de sucesso pela Sele\u00e7\u00e3o Portuguesa nos tempos de jogador, Ricardo S\u00e1 Pinto iniciou sua trajet\u00f3ria como t\u00e9cnico no Sporting Lisboa, onde tamb\u00e9m brilhou como atleta. O novo comandante cruzmaltino tamb\u00e9m acumula trabalhos no Estrela Vermelha (SRB), Creta (GRE), Belenenses (POR), Al-Fateh (KSA), Standard Li\u00e8ge (BEL), Legia Vars\u00f3via (POL) e Sporting Braga (POR).\u00a0<\/span><\/p>\n<p><span style=\"font-weight: 400;\">O seu \u00faltimo trabalho pelo Braga, no segundo semestre de 2019, Ricardo obteve o recorde de invencibilidade de clubes portugueses em competi\u00e7\u00f5es europeias.\u00a0<\/span><\/p>\n<p><span style=\"font-weight: 400;\">Em sua apresenta\u00e7\u00e3o pelas redes sociais, o novo comandante do cruzmaltino publicou um v\u00eddeo no qual veste a camisa com nome de Rom\u00e1rio. No recado \u00e0 torcida, mostrou confian\u00e7a no trabalho:<\/span><\/p>\n<p><span style=\"font-weight: 400;\">\u201cComo voc\u00eas sabem, foi um grande jogador, hist\u00f3rico n\u00e3o s\u00f3 do Vasco como do futebol mundial. Guardo esta camisa com muito carinho. Estou muito orgulhoso e muito honrado de ser o vosso treinador. Eu e minha equipe t\u00e9cnica estamos muito confiantes no trabalho que vamos desenvolver. Sabemos que a situa\u00e7\u00e3o n\u00e3o \u00e9 ideal, \u00e9 de grande responsabilidade, mas tamb\u00e9m \u00e9 nas dificuldades que se criam grandes oportunidades. Conto com vosso apoio e vosso carinho. J\u00e1 sabem: lutar, lutar, pela vit\u00f3ria. Um grande abra\u00e7o a todos\u201d.<\/span><\/p>\n<p><span style=\"font-weight: 400;\">Em nota divulgada em seu site oficial, o Vasco informa que Ricardo chegar\u00e1 ao Rio de Janeiro ainda nesta semana. Entretanto, n\u00e3o comandar\u00e1 o time no duelo contra o Internacional no Beira-Rio em Porto Alegre, no pr\u00f3ximo domingo (18), \u00e0s 18h15. O interino Alexandre Grasseli estar\u00e1 no gramado, junto com o auxiliar Diogo Siston e o coordenador Eduardo Hungaro. <\/span><\/p>\n","protected":false},"excerpt":{"rendered":"<p>Nesta quarta-feira (14), o Vasco anunciou o portugu\u00eas Ricardo S\u00e1 Pinto, como seu novo treinador, para a disputa do Campeonato Brasileiro. O t\u00e9cnico de 48 anos, assumir\u00e1 o posto deixado por Ramon Menezes, demitido ap\u00f3s a derrota por 3&#215;0 para o Bahia. Junto com ele, o clube contar\u00e1 o auxiliar Rui Mota, o preparador f\u00edsico [&hellip;]<\/p>\n","protected":false},"author":96,"featured_media":170958,"comment_status":"closed","ping_status":"closed","sticky":false,"template":"","format":"standard","meta":{"footnotes":""},"categories":[436,257,439],"tags":[],"class_list":["post-170957","post","type-post","status-publish","format-standard","has-post-thumbnail","hentry","category-destaque-da-semana","category-esporte","category-ultima-hora"],"_links":{"self":[{"href":"https:\/\/diarioregionaldigital.com.br\/index.php?rest_route=\/wp\/v2\/posts\/170957","targetHints":{"allow":["GET"]}}],"collection":[{"href":"https:\/\/diarioregionaldigital.com.br\/index.php?rest_route=\/wp\/v2\/posts"}],"about":[{"href":"https:\/\/diarioregionaldigital.com.br\/index.php?rest_route=\/wp\/v2\/types\/post"}],"author":[{"embeddable":true,"href":"https:\/\/diarioregionaldigital.com.br\/index.php?rest_route=\/wp\/v2\/users\/96"}],"replies":[{"embeddable":true,"href":"https:\/\/diarioregionaldigital.com.br\/index.php?rest_route=%2Fwp%2Fv2%2Fcomments&post=170957"}],"version-history":[{"count":0,"href":"https:\/\/diarioregionaldigital.com.br\/index.php?rest_route=\/wp\/v2\/posts\/170957\/revisions"}],"wp:featuredmedia":[{"embeddable":true,"href":"https:\/\/diarioregionaldigital.com.br\/index.php?rest_route=\/wp\/v2\/media\/170958"}],"wp:attachment":[{"href":"https:\/\/diarioregionaldigital.com.br\/index.php?rest_route=%2Fwp%2Fv2%2Fmedia&parent=170957"}],"wp:term":[{"taxonomy":"category","embeddable":true,"href":"https:\/\/diarioregionaldigital.com.br\/index.php?rest_route=%2Fwp%2Fv2%2Fcategories&post=170957"},{"taxonomy":"post_tag","embeddable":true,"href":"https:\/\/diarioregionaldigital.com.br\/index.php?rest_route=%2Fwp%2Fv2%2Ftags&post=170957"}],"curies":[{"name":"wp","href":"https:\/\/api.w.org\/{rel}","templated":true}]}}