{"id":170945,"date":"2020-10-14T12:22:18","date_gmt":"2020-10-14T15:22:18","guid":{"rendered":"https:\/\/diarioregionaldigital.com.br\/?p=170945"},"modified":"2020-10-14T12:22:18","modified_gmt":"2020-10-14T15:22:18","slug":"inflacao-acelera-para-064-em-setembro-maior-alta-para-o-mes-desde-2003","status":"publish","type":"post","link":"https:\/\/diarioregionaldigital.com.br\/?p=170945","title":{"rendered":"Infla\u00e7\u00e3o acelera para 0,64% em setembro, maior alta para o m\u00eas desde 2003"},"content":{"rendered":"<p><span style=\"font-weight: 400;\">Puxada novamente pela alta nos pre\u00e7os dos alimentos e dos combust\u00edveis, a infla\u00e7\u00e3o subiu 0,64% em setembro, ficando acima da taxa registrada em agosto (0,24%). Esse \u00e9 o maior resultado para um m\u00eas de setembro desde 2003, quando o indicador foi de 0,78%. Os dados s\u00e3o do \u00cdndice Nacional de Pre\u00e7os ao Consumidor Amplo (IPCA), divulgado pelo IBGE.<\/span><\/p>\n<p><span style=\"font-weight: 400;\">No ano, a infla\u00e7\u00e3o acumula alta de 1,34% e, em 12 meses, de 3,14%, acima dos 2,44% observados nos 12 meses imediatamente anteriores. Em setembro de 2019, o indicador havia ficado em -0,04%.<\/span><\/p>\n<p><span style=\"font-weight: 400;\">A maior varia\u00e7\u00e3o (2,28%) e o maior impacto (0,46 p.p.) no IPCA vieram do grupo alimenta\u00e7\u00e3o e bebidas, que acelerou em rela\u00e7\u00e3o ao resultado de agosto (0,78%), puxado principalmente por alimentos para consumo no domic\u00edlio (2,89%), com o aumento nos pre\u00e7os do \u00f3leo de soja (27,54%) e do arroz (17,98%), que j\u00e1 acumulam no ano altas de 51,30% e 40,69%. Juntos, arroz e \u00f3leo de soja tiveram impacto maior (0,16 p.p) que as carnes (0,12 p.p), cuja a varia\u00e7\u00e3o foi de 4,53%.<\/span><\/p>\n<p><span style=\"font-weight: 400;\">Segundo o gerente da pesquisa, Pedro Kislanov, a alta nos pre\u00e7os do arroz e do \u00f3leo est\u00e1 relacionada ao d\u00f3lar alto e \u00e0 maior demanda interna.<\/span><\/p>\n<p><span style=\"font-weight: 400;\">\u201cO c\u00e2mbio num patamar mais elevado estimula as exporta\u00e7\u00f5es. Quando se exporta mais, reduz os produtos para o mercado dom\u00e9stico e, com isso, temos uma alta nos pre\u00e7os. Outro fator \u00e9 demanda interna elevada, que por conta dos programas de aux\u00edlio do governo, como o aux\u00edlio emergencial, tem ajudado a manter os pre\u00e7os num patamar elevado. No caso do gr\u00e3o de soja, temos ainda forte demanda da ind\u00fastria de biodiesel\u201d, explica.<\/span><\/p>\n<p><span style=\"font-weight: 400;\">Outros produtos que subiram na cesta das fam\u00edlias foram o tomate (11,72%) e o leite longa vida (6,01%). Por outro lado, ca\u00edram os pre\u00e7os da cebola (-11,80%), da batata-inglesa (-6,30%), do alho (-4,54%) e das frutas (-1,59%).<\/span><\/p>\n<p><span style=\"font-weight: 400;\">Al\u00e9m de alimentos e bebidas, seis grupos tamb\u00e9m tiveram alta em setembro, com destaque para os artigos de resid\u00eancia (1,00%), os transportes (0,70%) e habita\u00e7\u00e3o (0,37%). O grupo vestu\u00e1rio, ap\u00f3s quatro meses consecutivos de quedas, tamb\u00e9m apresentou alta de 0,37% contribuindo com 0,02 p.p. para o resultado de setembro.<\/span><\/p>\n<p><span style=\"font-weight: 400;\">\u201cNos transportes, os combust\u00edveis continuam em alta, principalmente, a gasolina (1,95%), cujos pre\u00e7os aumentaram em todas as \u00e1reas pesquisadas, exceto Salvador. A gasolina \u00e9 o subitem de maior peso no IPCA. As passagens a\u00e9reas (6,39%) tamb\u00e9m aumentaram ap\u00f3s quatro meses em queda. Lembrando que a coleta de pre\u00e7os das passagens a\u00e9reas \u00e9 feita com dois meses de anteced\u00eancia. Os pre\u00e7os foram coletados em julho para quem ia viajar em setembro\u201d, detalha Kislanov.<\/span><\/p>\n<p><span style=\"font-weight: 400;\">Entre os grupos que tiveram redu\u00e7\u00e3o nos pre\u00e7os, o gerente da pesquisa destaca o maior impacto negativo (-0,09 p.p) de sa\u00fade e cuidados pessoais, que tamb\u00e9m teve a menor varia\u00e7\u00e3o (-0,64%) em setembro. \u201cIsso deve-se \u00e0 queda de 2,31% nos planos de sa\u00fade. Em agosto a Ag\u00eancia Nacional de Sa\u00fade Suplementar (ANS) decidiu suspender a aplica\u00e7\u00e3o de reajustes aos contratos de planos de sa\u00fade para todos os tipos de planos at\u00e9 o fim de 2020\u201d, explica.<\/span><\/p>\n<p><span style=\"font-weight: 400;\">Os demais grupos ficaram entre o recuo de 0,09% em Educa\u00e7\u00e3o e a alta de 0,15% em Comunica\u00e7\u00e3o.<\/span><\/p>\n<p><b>Pre\u00e7os sobem nas 16 localidades pesquisadas<\/b><\/p>\n<p><span style=\"font-weight: 400;\">Em setembro, todas as 16 regi\u00f5es pesquisadas pelo IPCA tiveram alta nos pre\u00e7os. Campo Grande (1,26%) teve o maior \u00edndice, muito em fun\u00e7\u00e3o da alta das carnes (6,63%), da gasolina (2,69%) e da energia el\u00e9trica (3,41%). Outros destaques foram Fortaleza (1,22%), Rio Branco (1,19%), Goi\u00e2nia (1,03%) e S\u00e3o Lu\u00eds (1,00%).<\/span><\/p>\n<p><span style=\"font-weight: 400;\">O menor resultado ficou com a regi\u00e3o metropolitana de Salvador (0,23%), especialmente por conta da queda nos pre\u00e7os da gasolina (-6,04%).<\/span><\/p>\n<p><b>INPC tem maior alta para setembro desde 1995<\/b><\/p>\n<p><span style=\"font-weight: 400;\">J\u00e1 o \u00cdndice Nacional de Pre\u00e7os ao Consumidor (INPC) teve alta de 0,87%, maior resultado para um m\u00eas de setembro desde 1995, quando o \u00edndice foi de 1,17%. Em agosto, o indicador ficou em 0,36%. No ano, o INPC acumula alta de 2,04% e, nos \u00faltimos 12 meses, de 3,89%. Em setembro de 2019, a taxa foi de -0,05%.<\/span><\/p>\n<p><span style=\"font-weight: 400;\">Os pre\u00e7os dos produtos aliment\u00edcios subiram 2,63% em setembro, enquanto que no m\u00eas anterior haviam registrado 0,80%.<\/span><\/p>\n<p><span style=\"font-weight: 400;\">O INPC \u00e9 calculado com base em fam\u00edlias com rendimento de um a cinco sal\u00e1rios m\u00ednimos, sendo o chefe assalariado, em dez regi\u00f5es metropolitanas do pa\u00eds, al\u00e9m dos munic\u00edpios de Goi\u00e2nia, Campo Grande, Rio Branco, S\u00e3o Lu\u00eds, Aracaju e de Bras\u00edlia. J\u00e1 o IPCA abrange fam\u00edlias que ganham at\u00e9 40 sal\u00e1rios m\u00ednimos, qualquer que seja a fonte.<\/span><\/p>\n<p><strong>Fonte:<\/strong> Ag\u00eancia IBGE<\/p>\n","protected":false},"excerpt":{"rendered":"<p>Puxada novamente pela alta nos pre\u00e7os dos alimentos e dos combust\u00edveis, a infla\u00e7\u00e3o subiu 0,64% em setembro, ficando acima da taxa registrada em agosto (0,24%). Esse \u00e9 o maior resultado para um m\u00eas de setembro desde 2003, quando o indicador foi de 0,78%. Os dados s\u00e3o do \u00cdndice Nacional de Pre\u00e7os ao Consumidor Amplo (IPCA), [&hellip;]<\/p>\n","protected":false},"author":96,"featured_media":170946,"comment_status":"closed","ping_status":"closed","sticky":false,"template":"","format":"standard","meta":{"footnotes":""},"categories":[436,261,439],"tags":[],"class_list":["post-170945","post","type-post","status-publish","format-standard","has-post-thumbnail","hentry","category-destaque-da-semana","category-economia","category-ultima-hora"],"_links":{"self":[{"href":"https:\/\/diarioregionaldigital.com.br\/index.php?rest_route=\/wp\/v2\/posts\/170945","targetHints":{"allow":["GET"]}}],"collection":[{"href":"https:\/\/diarioregionaldigital.com.br\/index.php?rest_route=\/wp\/v2\/posts"}],"about":[{"href":"https:\/\/diarioregionaldigital.com.br\/index.php?rest_route=\/wp\/v2\/types\/post"}],"author":[{"embeddable":true,"href":"https:\/\/diarioregionaldigital.com.br\/index.php?rest_route=\/wp\/v2\/users\/96"}],"replies":[{"embeddable":true,"href":"https:\/\/diarioregionaldigital.com.br\/index.php?rest_route=%2Fwp%2Fv2%2Fcomments&post=170945"}],"version-history":[{"count":0,"href":"https:\/\/diarioregionaldigital.com.br\/index.php?rest_route=\/wp\/v2\/posts\/170945\/revisions"}],"wp:featuredmedia":[{"embeddable":true,"href":"https:\/\/diarioregionaldigital.com.br\/index.php?rest_route=\/wp\/v2\/media\/170946"}],"wp:attachment":[{"href":"https:\/\/diarioregionaldigital.com.br\/index.php?rest_route=%2Fwp%2Fv2%2Fmedia&parent=170945"}],"wp:term":[{"taxonomy":"category","embeddable":true,"href":"https:\/\/diarioregionaldigital.com.br\/index.php?rest_route=%2Fwp%2Fv2%2Fcategories&post=170945"},{"taxonomy":"post_tag","embeddable":true,"href":"https:\/\/diarioregionaldigital.com.br\/index.php?rest_route=%2Fwp%2Fv2%2Ftags&post=170945"}],"curies":[{"name":"wp","href":"https:\/\/api.w.org\/{rel}","templated":true}]}}