{"id":170939,"date":"2020-10-14T12:10:30","date_gmt":"2020-10-14T15:10:30","guid":{"rendered":"https:\/\/diarioregionaldigital.com.br\/?p=170939"},"modified":"2020-10-14T12:10:30","modified_gmt":"2020-10-14T15:10:30","slug":"europa-se-prepara-para-segunda-onda-de-covid-19","status":"publish","type":"post","link":"https:\/\/diarioregionaldigital.com.br\/?p=170939","title":{"rendered":"Europa se prepara para segunda onda de Covid-19"},"content":{"rendered":"<p><span style=\"font-weight: 400;\">Pa\u00edses europeus come\u00e7aram a fechar escolas e cancelar cirurgias, indo muito al\u00e9m das restri\u00e7\u00f5es \u00e0 vida social agora que autoridades sobrecarregadas enfrentam o ressurgimento da covid-19 \u00e0s v\u00e9speras da chegada do inverno.<\/span><\/p>\n<p><span style=\"font-weight: 400;\">A maioria da na\u00e7\u00f5es da Europa amenizou seus <\/span><i><span style=\"font-weight: 400;\">lockdowns<\/span><\/i><span style=\"font-weight: 400;\"> durante o ver\u00e3o para come\u00e7ar a reativar as economias j\u00e1 a caminho de retra\u00e7\u00f5es e cortes de empregos in\u00e9ditos, resultantes da primeira onda da pandemia.<\/span><\/p>\n<p><span style=\"font-weight: 400;\">Mas a volta das atividades normais &#8211; de restaurantes cheios a novos semestres nas universidades &#8211; desencadeou um pico acelerado de casos em todo o continente.<\/span><\/p>\n<p><span style=\"font-weight: 400;\">Bares e <\/span><i><span style=\"font-weight: 400;\">pubs<\/span><\/i><span style=\"font-weight: 400;\"> foram dos primeiros a fechar ou ser obrigados a encurtar o expediente nos novos <\/span><i><span style=\"font-weight: 400;\">lockdowns<\/span><\/i><span style=\"font-weight: 400;\">, mas agora as taxas de infec\u00e7\u00e3o crescentes tamb\u00e9m est\u00e3o testando a determina\u00e7\u00e3o dos governos a manter as escolas abertas e os atendimentos de sa\u00fade n\u00e3o relacionados \u00e0 covid em funcionamento.<\/span><\/p>\n<p><span style=\"font-weight: 400;\">A Rep\u00fablica Tcheca, que tem o pior \u00edndice per capita europeu, trocou o ensino presencial pelo virtual e os hospitais come\u00e7aram a suspender opera\u00e7\u00f5es sem urg\u00eancia para liberar leitos. Bares, restaurantes e clubes fecharam.<\/span><\/p>\n<p><span style=\"font-weight: 400;\">&#8220;\u00c0s vezes estamos \u00e0 beira do choro, isso acontece com bastante frequ\u00eancia agora&#8221;, disse Lenka Krejcova, chefe de enfermagem do hospital Slany, no noroeste de Praga, enquanto oper\u00e1rios corriam pelos corredores para transformar uma ala geral em um departamento para pacientes infectados com o novo coronav\u00edrus.<\/span><\/p>\n<p><span style=\"font-weight: 400;\">Nesta quarta-feira, as autoridades de Moscou disseram que adotar\u00e3o o ensino virtual para muitos estudantes a partir de segunda-feira, e a Irlanda do Norte anunciou um fechamento de duas semanas das escolas.<\/span><\/p>\n<p><span style=\"font-weight: 400;\">As grandes economias europeias da Alemanha, Reino Unido e Fran\u00e7a v\u00eam resistindo \u00e0 press\u00e3o para fechar as escolas, uma medida que criou transtornos para a for\u00e7a de trabalho durante os <\/span><i><span style=\"font-weight: 400;\">lockdowns<\/span><\/i><span style=\"font-weight: 400;\"> de primavera, j\u00e1 que os pais tiveram que se dividir entre os cuidados com os filhos e o trabalho em casa.<\/span><\/p>\n<p><span style=\"font-weight: 400;\">A Holanda retomou um <\/span><i><span style=\"font-weight: 400;\">lockdown<\/span><\/i><span style=\"font-weight: 400;\"> parcial nesta quarta-feira (14), fechando bares e restaurantes, mas manteve as escolas abertas.<\/span><\/p>\n<p><span style=\"font-weight: 400;\">As infec\u00e7\u00f5es europeias v\u00eam se mantendo em uma m\u00e9dia de quase 100 mil por dia, obrigando governos a adotarem uma variedade de restri\u00e7\u00f5es severas, e cada um deles tenta calibr\u00e1-las para proteger a sa\u00fade sem destruir os meios de subsist\u00eancia.<\/span><\/p>\n<p><span style=\"font-weight: 400;\">&#8220;\u00c9 uma bagun\u00e7a, \u00e9 uma bagun\u00e7a, meu filho, o que posso dizer? Realmente n\u00e3o sabemos o que ser\u00e1 de n\u00f3s&#8221;, disse um aposentado italiano em Roma.<\/span><\/p>\n<p><strong>Fonte:<\/strong> Ag\u00eancia Brasil<\/p>\n","protected":false},"excerpt":{"rendered":"<p>Pa\u00edses europeus come\u00e7aram a fechar escolas e cancelar cirurgias, indo muito al\u00e9m das restri\u00e7\u00f5es \u00e0 vida social agora que autoridades sobrecarregadas enfrentam o ressurgimento da covid-19 \u00e0s v\u00e9speras da chegada do inverno. A maioria da na\u00e7\u00f5es da Europa amenizou seus lockdowns durante o ver\u00e3o para come\u00e7ar a reativar as economias j\u00e1 a caminho de retra\u00e7\u00f5es [&hellip;]<\/p>\n","protected":false},"author":96,"featured_media":170940,"comment_status":"closed","ping_status":"closed","sticky":false,"template":"","format":"standard","meta":{"footnotes":""},"categories":[302,436,440,439],"tags":[],"class_list":["post-170939","post","type-post","status-publish","format-standard","has-post-thumbnail","hentry","category-brasil-mundo","category-destaque-da-semana","category-destaques-do-dia","category-ultima-hora"],"_links":{"self":[{"href":"https:\/\/diarioregionaldigital.com.br\/index.php?rest_route=\/wp\/v2\/posts\/170939","targetHints":{"allow":["GET"]}}],"collection":[{"href":"https:\/\/diarioregionaldigital.com.br\/index.php?rest_route=\/wp\/v2\/posts"}],"about":[{"href":"https:\/\/diarioregionaldigital.com.br\/index.php?rest_route=\/wp\/v2\/types\/post"}],"author":[{"embeddable":true,"href":"https:\/\/diarioregionaldigital.com.br\/index.php?rest_route=\/wp\/v2\/users\/96"}],"replies":[{"embeddable":true,"href":"https:\/\/diarioregionaldigital.com.br\/index.php?rest_route=%2Fwp%2Fv2%2Fcomments&post=170939"}],"version-history":[{"count":0,"href":"https:\/\/diarioregionaldigital.com.br\/index.php?rest_route=\/wp\/v2\/posts\/170939\/revisions"}],"wp:featuredmedia":[{"embeddable":true,"href":"https:\/\/diarioregionaldigital.com.br\/index.php?rest_route=\/wp\/v2\/media\/170940"}],"wp:attachment":[{"href":"https:\/\/diarioregionaldigital.com.br\/index.php?rest_route=%2Fwp%2Fv2%2Fmedia&parent=170939"}],"wp:term":[{"taxonomy":"category","embeddable":true,"href":"https:\/\/diarioregionaldigital.com.br\/index.php?rest_route=%2Fwp%2Fv2%2Fcategories&post=170939"},{"taxonomy":"post_tag","embeddable":true,"href":"https:\/\/diarioregionaldigital.com.br\/index.php?rest_route=%2Fwp%2Fv2%2Ftags&post=170939"}],"curies":[{"name":"wp","href":"https:\/\/api.w.org\/{rel}","templated":true}]}}