{"id":170937,"date":"2020-10-14T12:03:35","date_gmt":"2020-10-14T15:03:35","guid":{"rendered":"https:\/\/diarioregionaldigital.com.br\/?p=170937"},"modified":"2020-10-14T12:03:35","modified_gmt":"2020-10-14T15:03:35","slug":"covid-19-minas-gerais-ultrapassa-a-marca-de-325-mil-casos","status":"publish","type":"post","link":"https:\/\/diarioregionaldigital.com.br\/?p=170937","title":{"rendered":"Covid-19: Minas Gerais ultrapassa a marca de 325 mil casos"},"content":{"rendered":"<p>O novo\u00a0<a href=\"https:\/\/www.saude.mg.gov.br\/images\/noticias_e_eventos\/000_2020\/Boletins_Corona\/14.10_Boletim-Epidemiologico_COVID-19__14-10-2020.pdf\">boletim epidemiol\u00f3gico<\/a> divulgado nesta quarta-feira (14) pela Secretaria de Estado da Sa\u00fade de Minas Gerais (SES-MG), informa que o estado soma um total de 325.972 casos confirmados por Coronav\u00edrus. Nas \u00faltimas 24h, foram registrados 1.346 novos casos da doen\u00e7a. De acordo com o levantamento, foram contabilizadas mais 26 mortes, acumulando 8.171 \u00f3bitos. Os dados indicam que 4.641 v\u00edtimas s\u00e3o do sexo masculino e 3.530 s\u00e3o do feminino. Al\u00e9m disso, 292.419 pacientes est\u00e3o recuperados da doen\u00e7a, representando 89,7% dos casos e 25.382 fazem acompanhamento m\u00e9dico.<\/p>\n<p>Conforme a SES-MG, foram feitos 156.811 testes laboratoriais, sendo que 40.783 deram positivo, 111.920 deram negativo e 1.053 est\u00e3o sob an\u00e1lise. Quanto aos dados de hospitaliza\u00e7\u00e3o, 31.740 pessoas est\u00e3o internadas e 294.232 est\u00e3o em isolamento domiciliar.<\/p>\n","protected":false},"excerpt":{"rendered":"<p>O novo\u00a0boletim epidemiol\u00f3gico divulgado nesta quarta-feira (14) pela Secretaria de Estado da Sa\u00fade de Minas Gerais (SES-MG), informa que o estado soma um total de 325.972 casos confirmados por Coronav\u00edrus. Nas \u00faltimas 24h, foram registrados 1.346 novos casos da doen\u00e7a. De acordo com o levantamento, foram contabilizadas mais 26 mortes, acumulando 8.171 \u00f3bitos. Os dados [&hellip;]<\/p>\n","protected":false},"author":96,"featured_media":163009,"comment_status":"closed","ping_status":"closed","sticky":false,"template":"","format":"standard","meta":{"footnotes":""},"categories":[436,440,252,439],"tags":[],"class_list":["post-170937","post","type-post","status-publish","format-standard","has-post-thumbnail","hentry","category-destaque-da-semana","category-destaques-do-dia","category-regiao","category-ultima-hora"],"_links":{"self":[{"href":"https:\/\/diarioregionaldigital.com.br\/index.php?rest_route=\/wp\/v2\/posts\/170937","targetHints":{"allow":["GET"]}}],"collection":[{"href":"https:\/\/diarioregionaldigital.com.br\/index.php?rest_route=\/wp\/v2\/posts"}],"about":[{"href":"https:\/\/diarioregionaldigital.com.br\/index.php?rest_route=\/wp\/v2\/types\/post"}],"author":[{"embeddable":true,"href":"https:\/\/diarioregionaldigital.com.br\/index.php?rest_route=\/wp\/v2\/users\/96"}],"replies":[{"embeddable":true,"href":"https:\/\/diarioregionaldigital.com.br\/index.php?rest_route=%2Fwp%2Fv2%2Fcomments&post=170937"}],"version-history":[{"count":0,"href":"https:\/\/diarioregionaldigital.com.br\/index.php?rest_route=\/wp\/v2\/posts\/170937\/revisions"}],"wp:featuredmedia":[{"embeddable":true,"href":"https:\/\/diarioregionaldigital.com.br\/index.php?rest_route=\/wp\/v2\/media\/163009"}],"wp:attachment":[{"href":"https:\/\/diarioregionaldigital.com.br\/index.php?rest_route=%2Fwp%2Fv2%2Fmedia&parent=170937"}],"wp:term":[{"taxonomy":"category","embeddable":true,"href":"https:\/\/diarioregionaldigital.com.br\/index.php?rest_route=%2Fwp%2Fv2%2Fcategories&post=170937"},{"taxonomy":"post_tag","embeddable":true,"href":"https:\/\/diarioregionaldigital.com.br\/index.php?rest_route=%2Fwp%2Fv2%2Ftags&post=170937"}],"curies":[{"name":"wp","href":"https:\/\/api.w.org\/{rel}","templated":true}]}}