{"id":170925,"date":"2020-10-14T06:00:14","date_gmt":"2020-10-14T09:00:14","guid":{"rendered":"https:\/\/diarioregionaldigital.com.br\/?p=170925"},"modified":"2020-10-14T03:01:36","modified_gmt":"2020-10-14T06:01:36","slug":"prefeitura-municipal-de-descoberto-extrato-de-contrato-cont-052-14-10-2020","status":"publish","type":"post","link":"https:\/\/diarioregionaldigital.com.br\/?p=170925","title":{"rendered":"Prefeitura Municipal de Descoberto &#8211; Extrato de Contrato &#8211; Cont 052 &#8211; 14\/10\/2020"},"content":{"rendered":"<p style=\"text-align: center;\"><strong>EXTRATO DE CONTRATO<\/strong><\/p>\n<p style=\"text-align: center;\">Pref. Municipal de Descoberto x Odair Jos\u00e9 Vaz Teixeira &#8211; Objeto: Fornecimento de g\u00eaneros aliment\u00edcios da Agricultura Familiar para alimenta\u00e7\u00e3o escolar- Fundamento: Chamada P\u00fablica 001\/2020 \u2013 Valor Global: 3.081,60 \u2013 Vig\u00eancia:\u00a0 14\/10\/20 a 14\/02\/21 \u2013 Dot or\u00e7: 02.04003.12.306.0003.263-339030\/144 &#8211; Ass: 14\/10\/20- Foro: S\u00e3o Jo\u00e3o Nepomuceno\/MG.<\/p>\n<p style=\"text-align: center;\"><strong>Marcos de Ara\u00fajo Lima<\/strong><\/p>\n<p style=\"text-align: center;\"><strong>Prefeito Municipal<\/strong><\/p>\n","protected":false},"excerpt":{"rendered":"<p>EXTRATO DE CONTRATO Pref. Municipal de Descoberto x Odair Jos\u00e9 Vaz Teixeira &#8211; Objeto: Fornecimento de g\u00eaneros aliment\u00edcios da Agricultura Familiar para alimenta\u00e7\u00e3o escolar- Fundamento: Chamada P\u00fablica 001\/2020 \u2013 Valor Global: 3.081,60 \u2013 Vig\u00eancia:\u00a0 14\/10\/20 a 14\/02\/21 \u2013 Dot or\u00e7: 02.04003.12.306.0003.263-339030\/144 &#8211; Ass: 14\/10\/20- Foro: S\u00e3o Jo\u00e3o Nepomuceno\/MG. Marcos de Ara\u00fajo Lima Prefeito Municipal<\/p>\n","protected":false},"author":96,"featured_media":0,"comment_status":"closed","ping_status":"closed","sticky":false,"template":"","format":"standard","meta":{"footnotes":""},"categories":[307],"tags":[],"class_list":["post-170925","post","type-post","status-publish","format-standard","hentry","category-editais"],"_links":{"self":[{"href":"https:\/\/diarioregionaldigital.com.br\/index.php?rest_route=\/wp\/v2\/posts\/170925","targetHints":{"allow":["GET"]}}],"collection":[{"href":"https:\/\/diarioregionaldigital.com.br\/index.php?rest_route=\/wp\/v2\/posts"}],"about":[{"href":"https:\/\/diarioregionaldigital.com.br\/index.php?rest_route=\/wp\/v2\/types\/post"}],"author":[{"embeddable":true,"href":"https:\/\/diarioregionaldigital.com.br\/index.php?rest_route=\/wp\/v2\/users\/96"}],"replies":[{"embeddable":true,"href":"https:\/\/diarioregionaldigital.com.br\/index.php?rest_route=%2Fwp%2Fv2%2Fcomments&post=170925"}],"version-history":[{"count":0,"href":"https:\/\/diarioregionaldigital.com.br\/index.php?rest_route=\/wp\/v2\/posts\/170925\/revisions"}],"wp:attachment":[{"href":"https:\/\/diarioregionaldigital.com.br\/index.php?rest_route=%2Fwp%2Fv2%2Fmedia&parent=170925"}],"wp:term":[{"taxonomy":"category","embeddable":true,"href":"https:\/\/diarioregionaldigital.com.br\/index.php?rest_route=%2Fwp%2Fv2%2Fcategories&post=170925"},{"taxonomy":"post_tag","embeddable":true,"href":"https:\/\/diarioregionaldigital.com.br\/index.php?rest_route=%2Fwp%2Fv2%2Ftags&post=170925"}],"curies":[{"name":"wp","href":"https:\/\/api.w.org\/{rel}","templated":true}]}}