{"id":170914,"date":"2020-10-14T06:00:30","date_gmt":"2020-10-14T09:00:30","guid":{"rendered":"https:\/\/diarioregionaldigital.com.br\/?p=170914"},"modified":"2020-10-14T02:24:23","modified_gmt":"2020-10-14T05:24:23","slug":"prefeitura-municipal-de-descoberto-extrato-de-contrato-cont-047-14-10-2020","status":"publish","type":"post","link":"https:\/\/diarioregionaldigital.com.br\/?p=170914","title":{"rendered":"Prefeitura Municipal de Descoberto &#8211; Extrato de Contrato &#8211; Cont 047 &#8211; 14\/10\/2020"},"content":{"rendered":"<p style=\"text-align: center;\"><strong>EXTRATO DE CONTRATO<\/strong><\/p>\n<p style=\"text-align: center;\">Pref. Municipal de Descoberto x Edilberto Luzia Belarmino- Objeto: Fornecimento de g\u00eaneros aliment\u00edcios da Agricultura Familiar para alimenta\u00e7\u00e3o escolar- Fundamento: Chamada P\u00fablica 001\/2020 \u2013 Valor Global: 5.410,74 \u2013 Vig\u00eancia:\u00a0 14\/10\/20 a 14\/02\/21 \u2013 Dot or\u00e7: 02.04003.12.306.0003.263-339030\/144 &#8211; Ass: 14\/10\/20- Foro: S\u00e3o Jo\u00e3o Nepomuceno\/MG.<\/p>\n<p style=\"text-align: center;\"><strong>Marcos de Ara\u00fajo Lima<\/strong><\/p>\n<p style=\"text-align: center;\"><strong>Prefeito Municipal<\/strong><\/p>\n","protected":false},"excerpt":{"rendered":"<p>EXTRATO DE CONTRATO Pref. Municipal de Descoberto x Edilberto Luzia Belarmino- Objeto: Fornecimento de g\u00eaneros aliment\u00edcios da Agricultura Familiar para alimenta\u00e7\u00e3o escolar- Fundamento: Chamada P\u00fablica 001\/2020 \u2013 Valor Global: 5.410,74 \u2013 Vig\u00eancia:\u00a0 14\/10\/20 a 14\/02\/21 \u2013 Dot or\u00e7: 02.04003.12.306.0003.263-339030\/144 &#8211; Ass: 14\/10\/20- Foro: S\u00e3o Jo\u00e3o Nepomuceno\/MG. Marcos de Ara\u00fajo Lima Prefeito Municipal<\/p>\n","protected":false},"author":96,"featured_media":0,"comment_status":"closed","ping_status":"closed","sticky":false,"template":"","format":"standard","meta":{"footnotes":""},"categories":[307],"tags":[],"class_list":["post-170914","post","type-post","status-publish","format-standard","hentry","category-editais"],"_links":{"self":[{"href":"https:\/\/diarioregionaldigital.com.br\/index.php?rest_route=\/wp\/v2\/posts\/170914","targetHints":{"allow":["GET"]}}],"collection":[{"href":"https:\/\/diarioregionaldigital.com.br\/index.php?rest_route=\/wp\/v2\/posts"}],"about":[{"href":"https:\/\/diarioregionaldigital.com.br\/index.php?rest_route=\/wp\/v2\/types\/post"}],"author":[{"embeddable":true,"href":"https:\/\/diarioregionaldigital.com.br\/index.php?rest_route=\/wp\/v2\/users\/96"}],"replies":[{"embeddable":true,"href":"https:\/\/diarioregionaldigital.com.br\/index.php?rest_route=%2Fwp%2Fv2%2Fcomments&post=170914"}],"version-history":[{"count":0,"href":"https:\/\/diarioregionaldigital.com.br\/index.php?rest_route=\/wp\/v2\/posts\/170914\/revisions"}],"wp:attachment":[{"href":"https:\/\/diarioregionaldigital.com.br\/index.php?rest_route=%2Fwp%2Fv2%2Fmedia&parent=170914"}],"wp:term":[{"taxonomy":"category","embeddable":true,"href":"https:\/\/diarioregionaldigital.com.br\/index.php?rest_route=%2Fwp%2Fv2%2Fcategories&post=170914"},{"taxonomy":"post_tag","embeddable":true,"href":"https:\/\/diarioregionaldigital.com.br\/index.php?rest_route=%2Fwp%2Fv2%2Ftags&post=170914"}],"curies":[{"name":"wp","href":"https:\/\/api.w.org\/{rel}","templated":true}]}}